{"id":196213,"date":"2014-11-12T00:04:32","date_gmt":"2014-11-12T06:04:32","guid":{"rendered":"http:\/\/www.diarioimagen.net\/?p=196213"},"modified":"2014-11-13T05:15:27","modified_gmt":"2014-11-13T11:15:27","slug":"manifestantes-incendian-el-pri-en-chilpacingo","status":"publish","type":"post","link":"https:\/\/www.diarioimagen.net\/?p=196213","title":{"rendered":"Manifestantes incendian el PRI en Chilpancingo"},"content":{"rendered":"<ul>\n<li><strong><em>Chocan con agentes y retienen a jefe policial; destrozos en el PAN-Michoac\u00e1n y bloqueos en Oaxaca<\/em><\/strong><\/li>\n<\/ul>\n<div id=\"attachment_196279\" style=\"width: 250px\" class=\"wp-caption alignleft\"><a href=\"http:\/\/www.diarioimagen.net\/wp-content\/uploads\/2014\/11\/pri-chilpancingo-2484.jpg\"><img loading=\"lazy\" decoding=\"async\" aria-describedby=\"caption-attachment-196279\" class=\"size-medium wp-image-196279\" src=\"http:\/\/www.diarioimagen.net\/wp-content\/uploads\/2014\/11\/pri-chilpancingo-2484-240x135.jpg\" alt=\"Ahora toc\u00f3 al edificio del Comit\u00e9 Ejecutivo estatal del PRI ser incendiado por los v\u00e1ndalos que protestan por los normalistas.\" width=\"240\" height=\"135\" srcset=\"https:\/\/www.diarioimagen.net\/wp-content\/uploads\/2014\/11\/pri-chilpancingo-2484-240x135.jpg 240w, https:\/\/www.diarioimagen.net\/wp-content\/uploads\/2014\/11\/pri-chilpancingo-2484-420x236.jpg 420w, https:\/\/www.diarioimagen.net\/wp-content\/uploads\/2014\/11\/pri-chilpancingo-2484-235x132.jpg 235w, https:\/\/www.diarioimagen.net\/wp-content\/uploads\/2014\/11\/pri-chilpancingo-2484-202x114.jpg 202w, https:\/\/www.diarioimagen.net\/wp-content\/uploads\/2014\/11\/pri-chilpancingo-2484-350x196.jpg 350w, https:\/\/www.diarioimagen.net\/wp-content\/uploads\/2014\/11\/pri-chilpancingo-2484-220x123.jpg 220w, https:\/\/www.diarioimagen.net\/wp-content\/uploads\/2014\/11\/pri-chilpancingo-2484-237x132.jpg 237w, https:\/\/www.diarioimagen.net\/wp-content\/uploads\/2014\/11\/pri-chilpancingo-2484.jpg 480w\" sizes=\"auto, (max-width: 240px) 100vw, 240px\" \/><\/a><p id=\"caption-attachment-196279\" class=\"wp-caption-text\">Ahora toc\u00f3 al edificio del Comit\u00e9 Ejecutivo estatal del PRI ser incendiado por los v\u00e1ndalos que protestan por los normalistas.<\/p><\/div>\n<p>Normalistas y maestros guerrerenses incendiaron las oficinas estatales del PRI, en Chilpancingo, Guerrero, como parte de sus acciones de protesta para exigir la presentaci\u00f3n con vida de los 43 normalistas de Ayotzinapa, desaparecidos desde el 26 de septiembre pasado. Tambi\u00e9n chocaron con polic\u00edas estatales y retuvieron ayer al subsecretario de Seguridad P\u00fablica de Guerrero, Juan Jos\u00e9 Gatica Mart\u00ednez.<\/p>\n<p>El choque callejero con la polic\u00eda dur\u00f3 m\u00e1s de una hora y fueron detenidos dos maestros. Extraoficialmente se indic\u00f3 que hab\u00eda siete personas heridas: dos reporteros, tres polic\u00edas y dos maestros.<\/p>\n<p>El jefe policial hablaba con algunos de los marchistas para intentar apaciguar la situaci\u00f3n, cuando un grupo de inconformes lo retuvo por la fuerza y lo subi\u00f3 a una camioneta. Entre los manifestantes se dec\u00eda que Gatica ser\u00eda devuelto si se liberaba a los dos profesores detenidos.<\/p>\n<p>Todo comenz\u00f3 cuando, al pasar la columna de manifestantes -integrada por estudiantes, maestros de la Universidad Aut\u00f3noma de Guerrero y profesores- por las oficinas del PRI, en la avenida Jos\u00e9 Francisco Ruiz Massieu, algunos de los inconformes irrumpieron en el inmueble, sacaron personal, hicieron pintas e incendiaron parte del mobiliario tras permitir la salida de los trabajadores.<\/p>\n<p>El dirigente estatal del PRI, Cuauht\u00e9moc Salgado inform\u00f3 que al momento de los hechos hab\u00eda en su interior cerca de 60 empleados para la reuni\u00f3n de consejo que se realiza todos los martes; estos empleados del PRI inicialmente fueron retenidos y despu\u00e9s de \u201cdialogar\u201d lograron ser liberados.<\/p>\n<p>Despu\u00e9s de iniciado el incendio llegaron al lugar unos 300 polic\u00edas antimotines del estado, que intentaron dispersar a los manifestantes con gases lacrim\u00f3genos y extintores. Los normalistas y maestros de la Ceteg, se enfrentaron con palos y piedras con el grupo antimotines. La polic\u00eda tambi\u00e9n arroj\u00f3 objetos y gases lacrim\u00f3genos.<\/p>\n<p>En Michoac\u00e1n, normalistas que se manifestaban en Morelia saquearon la papeler\u00eda y ocasionaron destrozos en las instalaciones del Partido Acci\u00f3n Nacional y Nueva Alianza, e intentaron prender fuego en la entrada de la Secretar\u00eda de Finanzas del gobierno del estado.<\/p>\n<p>En Oaxaca, en la regi\u00f3n del Istmo de Tehuantepec, estudiantes de la Escuela Normal Urbana Federal del Istmo bloquearon tres tiendas departamentales ubicadas en la ciudad de Ixtepec, como parte de sus acciones para exigir la presentaci\u00f3n de los normalista.<\/p>\n","protected":false},"excerpt":{"rendered":"<p>Normalistas y maestros guerrerenses incendiaron las oficinas estatales del PRI, en Chilpancingo, Guerrero, como parte de sus acciones de protesta para exigir la presentaci\u00f3n con vida de los 43 normalistas de Ayotzinapa, desaparecidos desde el 26 de septiembre pasado. Tambi\u00e9n chocaron con polic\u00edas estatales y retuvieron ayer al subsecretario de Seguridad P\u00fablica de Guerrero, Juan Jos\u00e9 Gatica Mart\u00ednez.<\/p>\n","protected":false},"author":3,"featured_media":196214,"comment_status":"open","ping_status":"open","sticky":false,"template":"","format":"standard","meta":{"_monsterinsights_skip_tracking":false,"_monsterinsights_sitenote_active":false,"_monsterinsights_sitenote_note":"","_monsterinsights_sitenote_category":0,"footnotes":""},"categories":[3],"tags":[8099,3244,43673,91,362],"class_list":["post-196213","post","type-post","status-publish","format-standard","has-post-thumbnail","hentry","category-nacional","tag-chilpancingo","tag-guerrero","tag-nacional","tag-pan","tag-pri"],"_links":{"self":[{"href":"https:\/\/www.diarioimagen.net\/index.php?rest_route=\/wp\/v2\/posts\/196213","targetHints":{"allow":["GET"]}}],"collection":[{"href":"https:\/\/www.diarioimagen.net\/index.php?rest_route=\/wp\/v2\/posts"}],"about":[{"href":"https:\/\/www.diarioimagen.net\/index.php?rest_route=\/wp\/v2\/types\/post"}],"author":[{"embeddable":true,"href":"https:\/\/www.diarioimagen.net\/index.php?rest_route=\/wp\/v2\/users\/3"}],"replies":[{"embeddable":true,"href":"https:\/\/www.diarioimagen.net\/index.php?rest_route=%2Fwp%2Fv2%2Fcomments&post=196213"}],"version-history":[{"count":0,"href":"https:\/\/www.diarioimagen.net\/index.php?rest_route=\/wp\/v2\/posts\/196213\/revisions"}],"wp:featuredmedia":[{"embeddable":true,"href":"https:\/\/www.diarioimagen.net\/index.php?rest_route=\/wp\/v2\/media\/196214"}],"wp:attachment":[{"href":"https:\/\/www.diarioimagen.net\/index.php?rest_route=%2Fwp%2Fv2%2Fmedia&parent=196213"}],"wp:term":[{"taxonomy":"category","embeddable":true,"href":"https:\/\/www.diarioimagen.net\/index.php?rest_route=%2Fwp%2Fv2%2Fcategories&post=196213"},{"taxonomy":"post_tag","embeddable":true,"href":"https:\/\/www.diarioimagen.net\/index.php?rest_route=%2Fwp%2Fv2%2Ftags&post=196213"}],"curies":[{"name":"wp","href":"https:\/\/api.w.org\/{rel}","templated":true}]}}