{"id":196217,"date":"2014-11-12T00:05:37","date_gmt":"2014-11-12T06:05:37","guid":{"rendered":"http:\/\/www.diarioimagen.net\/?p=196217"},"modified":"2014-11-13T05:15:30","modified_gmt":"2014-11-13T11:15:30","slug":"cancelan-14-mil-reservaciones-en-acapulco-para-el-puente","status":"publish","type":"post","link":"https:\/\/www.diarioimagen.net\/?p=196217","title":{"rendered":"Cancelan 14 mil reservaciones en Acapulco para el \u201cpuente\u201d"},"content":{"rendered":"<ul>\n<li><strong><em>Violencia afecta empleo e inversi\u00f3n: CCE<\/em><\/strong><\/li>\n<\/ul>\n<div id=\"attachment_196218\" style=\"width: 250px\" class=\"wp-caption alignleft\"><img loading=\"lazy\" decoding=\"async\" aria-describedby=\"caption-attachment-196218\" class=\"wp-image-196218 size-medium\" src=\"http:\/\/www.diarioimagen.net\/wp-content\/uploads\/2014\/11\/acapulco-portal-240x135.jpg\" alt=\"El 6 de noviembre pasado, la presidenta de la Asociaci\u00f3n de Hoteles y Empresas Tur\u00edsticas de Acapulco (Aheta), Maribertha Medina Cort\u00e9s, hab\u00eda adelantado este hecho referente a 14 mil cancelaciones de cuartos de hotel.\" width=\"240\" height=\"135\" srcset=\"https:\/\/www.diarioimagen.net\/wp-content\/uploads\/2014\/11\/acapulco-portal-240x135.jpg 240w, https:\/\/www.diarioimagen.net\/wp-content\/uploads\/2014\/11\/acapulco-portal-420x236.jpg 420w, https:\/\/www.diarioimagen.net\/wp-content\/uploads\/2014\/11\/acapulco-portal-235x132.jpg 235w, https:\/\/www.diarioimagen.net\/wp-content\/uploads\/2014\/11\/acapulco-portal-202x114.jpg 202w, https:\/\/www.diarioimagen.net\/wp-content\/uploads\/2014\/11\/acapulco-portal-350x196.jpg 350w, https:\/\/www.diarioimagen.net\/wp-content\/uploads\/2014\/11\/acapulco-portal-220x123.jpg 220w, https:\/\/www.diarioimagen.net\/wp-content\/uploads\/2014\/11\/acapulco-portal-237x132.jpg 237w, https:\/\/www.diarioimagen.net\/wp-content\/uploads\/2014\/11\/acapulco-portal.jpg 480w\" sizes=\"auto, (max-width: 240px) 100vw, 240px\" \/><p id=\"caption-attachment-196218\" class=\"wp-caption-text\">La Costera Miguel Alem\u00e1n permanecer\u00e1 semivac\u00eda en el tradicional \u201cpuente\u201d por el 20 de noviembre, debido a la inseguridad del legendario puerto de Acapulco.<\/p><\/div>\n<p>El director del programa Habla bien de Aca, Erick de Santiago, confirm\u00f3 que han sido canceladas 14 mil reservaciones en Acapulco para el puente del 20 de noviembre, debido a las protestas de maestros, normalistas y familiares de los 43 j\u00f3venes desaparecidos en Iguala.<\/p>\n<p>El 6 de noviembre pasado, la presidenta de la Asociaci\u00f3n de Hoteles y Empresas Tur\u00edsticas de Acapulco (Aheta), Maribertha Medina Cort\u00e9s, hab\u00eda adelantado este hecho referente a 14 mil cancelaciones de cuartos de hotel.<\/p>\n<p>Medina Cort\u00e9s enfatiz\u00f3 que \u201cnos solidarizamos con el dolor de las familias de los 43 estudiantes desaparecidos; solicitamos en\u00e9rgicamente justicia por estos atroces hechos, pero rechazamos de manera contundente los procedimientos de reclamo de justicia de parte de grupos embozados, que al amparo de la tragedia provocan inestabilidad social, alteraci\u00f3n del estado de derecho y quebranto econ\u00f3mico\u201d.<\/p>\n<p>Advirti\u00f3 que escenarios de protesta y movilizaciones han ocasionado la amenaza de cierre de negocios y despido de trabajadores.<\/p>\n<p>El Consejo Coordinador Empresarial (CCE) expres\u00f3 su solidaridad con las familias y las v\u00edctimas de los cr\u00edmenes y actos de violencia que han sucedido en varias regiones del territorio nacional, entre estos Guerrero, pero dijo que es injustificable la violencia como forma de protesta. Gerardo Guti\u00e9rrez Candiani, dirigente del organismo, expres\u00f3 que las manifestaciones violentas lastiman la paz social, el abasto, la generaci\u00f3n de empleos y de la inversi\u00f3n.<\/p>\n","protected":false},"excerpt":{"rendered":"<p>El director del programa Habla bien de Aca, Erick de Santiago, confirm\u00f3 que han sido canceladas 14 mil reservaciones en Acapulco para el puente del 20 de noviembre, debido a las protestas de maestros, normalistas y familiares de los 43 j\u00f3venes desaparecidos en Iguala.<\/p>\n","protected":false},"author":5,"featured_media":196218,"comment_status":"open","ping_status":"open","sticky":false,"template":"","format":"standard","meta":{"_monsterinsights_skip_tracking":false,"_monsterinsights_sitenote_active":false,"_monsterinsights_sitenote_note":"","_monsterinsights_sitenote_category":0,"footnotes":""},"categories":[3],"tags":[43673],"class_list":["post-196217","post","type-post","status-publish","format-standard","has-post-thumbnail","hentry","category-nacional","tag-nacional"],"_links":{"self":[{"href":"https:\/\/www.diarioimagen.net\/index.php?rest_route=\/wp\/v2\/posts\/196217","targetHints":{"allow":["GET"]}}],"collection":[{"href":"https:\/\/www.diarioimagen.net\/index.php?rest_route=\/wp\/v2\/posts"}],"about":[{"href":"https:\/\/www.diarioimagen.net\/index.php?rest_route=\/wp\/v2\/types\/post"}],"author":[{"embeddable":true,"href":"https:\/\/www.diarioimagen.net\/index.php?rest_route=\/wp\/v2\/users\/5"}],"replies":[{"embeddable":true,"href":"https:\/\/www.diarioimagen.net\/index.php?rest_route=%2Fwp%2Fv2%2Fcomments&post=196217"}],"version-history":[{"count":0,"href":"https:\/\/www.diarioimagen.net\/index.php?rest_route=\/wp\/v2\/posts\/196217\/revisions"}],"wp:featuredmedia":[{"embeddable":true,"href":"https:\/\/www.diarioimagen.net\/index.php?rest_route=\/wp\/v2\/media\/196218"}],"wp:attachment":[{"href":"https:\/\/www.diarioimagen.net\/index.php?rest_route=%2Fwp%2Fv2%2Fmedia&parent=196217"}],"wp:term":[{"taxonomy":"category","embeddable":true,"href":"https:\/\/www.diarioimagen.net\/index.php?rest_route=%2Fwp%2Fv2%2Fcategories&post=196217"},{"taxonomy":"post_tag","embeddable":true,"href":"https:\/\/www.diarioimagen.net\/index.php?rest_route=%2Fwp%2Fv2%2Ftags&post=196217"}],"curies":[{"name":"wp","href":"https:\/\/api.w.org\/{rel}","templated":true}]}}