{"id":196330,"date":"2014-11-12T00:05:37","date_gmt":"2014-11-12T06:05:37","guid":{"rendered":"http:\/\/www.diarioimagen.net\/?p=196330"},"modified":"2014-11-13T03:37:41","modified_gmt":"2014-11-13T09:37:41","slug":"alerta","status":"publish","type":"post","link":"https:\/\/www.diarioimagen.net\/?p=196330","title":{"rendered":"Alerta"},"content":{"rendered":"<h2>De frente y de perfil<\/h2>\n<h5>Ram\u00f3n Zurita Sahag\u00fan<\/h5>\n<p>&nbsp;<\/p>\n<p>\u00bfHasta d\u00f3nde continuar\u00e1 estirada la liga, que permite que el vandalismo se oficialice. Se permitir\u00e1 que llegue el caos y ser\u00e1 entonces cuando reaccionen las instituciones? El enrarecimiento de la situaci\u00f3n es cada d\u00eda m\u00e1s grande y ya no se circunscribe a los l\u00edmites de Guerrero y su traslado al Distrito Federal.<\/p>\n<p>Ahora se expande hacia otros sitios y se vuelve un detonante peligroso que puede desembocar en algo sumamente riesgoso.<\/p>\n<p>En cada d\u00eda que pasa la rebeli\u00f3n de las masas traspasa l\u00edmites y se sospechas que algunos de esos eventos de alto impacto son manipulados, para desatar una reacci\u00f3n por parte del gobierno federal.<\/p>\n<p>Son sumamente peligrosos los hechos que se han originado en los d\u00edas recientes, los que van desde la quema de una de las puertas de Palacio Nacional, la quema de las sedes del PRI en Chilpancingo y del PAN en Morelia, as\u00ed como de varias oficinas p\u00fablicas en Guerrero y Michoac\u00e1n, entre otros sitios.<\/p>\n<p>La toma del aeropuerto de Acapulco, la agresi\u00f3n al senador Alejandro Encinas, el constante bloqueo de casetas y carreteras. Y antes de eso, el ataque a Cuauht\u00e9moc C\u00e1rdenas y Adolfo Gilly.<\/p>\n<p>Es cierto que la molestia y la inconformidad van creciendo y que las respuestas gubernamentales sobre los desparecidos de Iguala dejan insatisfacci\u00f3n entre vastos sectores del pa\u00eds y que en el extranjero se percibe intranquilidad, principalmente de los inversionistas en M\u00e9xico.<\/p>\n<p>Pero tambi\u00e9n lo es que las autoridades hacen un esfuerzo por resolver el entuerto que significa la desaparici\u00f3n de 43 personas, que 40 d\u00edas despu\u00e9s no aparecen y la versi\u00f3n oficial no satisfizo a, cuando menos, los parientes de los propios desparecidos.<\/p>\n<p>La situaci\u00f3n es sumamente peligrosa, ya que la inconformidad crece, los v\u00e1ndalos aparecen por todos lados y el reguero de gasolina solamente requiere de una simple chispa que detone esa bomba que se viene incubando.<\/p>\n<p>Se espera que la autoridad asuma su papel y responda al inter\u00e9s de las mayor\u00edas, aunque el riesgo es sumamente grande y podr\u00eda ocasionar la chispa o flama que provoque el peor escenario posible.<\/p>\n<p>Los augurios no son buenos y el manejo de crisis parece sumamente inadecuado o hasta ausente dentro de los escenarios posibles que maneja el gobierno federal.<\/p>\n<p>Una respuesta fuerte por parte del gobierno, con todo y que se apegue a la ley, solamente desencadenar\u00eda mayores est\u00e1ndares de violencia y las protestas crecer\u00edan hasta rumbos insospechados.<\/p>\n<p>El dilema gubernamental requiere de un manejo escrupuloso de la situaci\u00f3n, con la aplicaci\u00f3n de una operaci\u00f3n quir\u00fargica que evite la propagaci\u00f3n de estas molestias hacia otras partes del territorio nacional.<\/p>\n<p>Ayotzinapa es el reflejo de las situaciones que se producen en otros tantos lados del pa\u00eds y que en cualquier momento pueden derivar en una nueva crisis.<\/p>\n<p>La irresponsabilidad y apat\u00eda con que gobiernan muchas de las autoridades estatales y municipales, esperando a que intervenga la federaci\u00f3n y les resuelva los problemas que ellos dejan pasar indiscriminadamente puede derivar en un nuevos Ayotzinapa o, peor todav\u00eda, en algo mayor.<\/p>\n<p>Una de las peores reacciones de la poblaci\u00f3n se est\u00e1 gestando sobre el PRD, partido que est\u00e1 siendo satanizado, por haber sido el que postul\u00f3 a Jos\u00e9 Luis Abarca a la presidencia municipal de Iguala. Hay una fobia hacia ese organismo pol\u00edtico, al que se est\u00e1 responsabilizando de los hechos ocurridos en Iguala y en gran parte de Guerrero, por ser una entidad ganada por la izquierda en las urnas.<\/p>\n<p>Es cierto que los gobernantes son responsables de todo lo que suceda en el territorio que gobiernan y que en este caso las dos principales autoridades del estado se encontraban en manos de militantes del partido del sol azteca, aunque ambos ya no se encuentran al frente ni del gobierno estatal ni de la alcald\u00eda de Iguala.<\/p>\n<p>La acusaci\u00f3n pesa sobre Jos\u00e9 Luis Abarca, pero no sobre \u00c1ngel Heladio Aguirre y aunque as\u00ed fuese, todos los partidos tienen malos militantes que, en algunos casos, reciben su castigo. Ser\u00eda tanto como responsabilizar al PRI por los hechos que mantienen pr\u00f3fugo a Tom\u00e1s Yarrington o en la c\u00e1rcel a Andr\u00e9s Granier.<\/p>\n<p style=\"text-align: center;\"><b>\u00a0FUERA PLASCENCIA<\/b><\/p>\n<p>Se ven\u00eda venir desde un inicio el que Ra\u00fal Plascencia Villanueva no ser\u00eda reelecto como presidente de la Comisi\u00f3n Nacional de Derechos Humanos.<\/p>\n<p>Cargaba con muchos negativos, acumulados a lo largo de su per\u00edodo al frente de ese organismo, por lo que en el camino fue perdiendo los respaldos que le permitieron llegar al cargo.<\/p>\n<p>Plascencia hizo su mejor esfuerzo, ya que pretend\u00eda continuar por un nuevo per\u00edodo, aunque no logr\u00f3 convencer a sus presuntos aliados dentro el Senado de la Rep\u00fablica. Su mayor fortaleza se encontraba entre los legisladores del PAN, los que finalmente decidieron no incluirlo en la terna que presentar\u00e1n para que de ella salga el nuevo ombudsman. La principal aduana no fue traspuesta por Plascencia Villanueva que dejar\u00e1 el cargo el pr\u00f3ximo d\u00eda 15.<\/p>\n<p>Los panistas decidieron formar su terna con Luis Ra\u00fal Gonz\u00e1lez P\u00e9rez, Mauricio Farah Gebara y Sara Irene Herrer\u00edas. El primero se ven\u00eda desempe\u00f1ando como abogado de la UNAM, el segundo como secretario general de la C\u00e1mara de Diputados y la tercera como titular de la Procuradur\u00eda Social Prov\u00edctimas.<\/p>\n<p>Los tres personajes tambi\u00e9n est\u00e1n considerados dentro de la terna (incluyen a cinco) propuesta por el PRD y no son mal visto especialmente los dos primeros por los senadores priistas.<\/p>\n<p style=\"text-align: center;\"><b>\u00a0DOGER Y GALI<\/b><\/p>\n<p>Frente a frente se encontraron en la C\u00e1mara de Diputados dos de los probables candidatos a gobernador de Puebla, el pri\u00edsta Enrique Doger y el panista Tony Gali.<\/p>\n<p>Lo que no se sabe es si ambos ir\u00e1n por la de dos a\u00f1os o se esperar\u00e1n a la de seis, aunque eso depender\u00e1 de sus apoyos y, principalmente, del partido en que militan.<\/p>\n<p><em><a href=\"mailto:ramonzurita44@hotmail.com\" target=\"_blank\">ramonzurita44@hotmail.com<\/a><\/em><br \/>\n<a href=\"mailto:%20zurita_sahagun@hotmail.com\" target=\"_blank\"><em>zurita_sahagun@hotmail.com<\/em><\/a><\/p>\n","protected":false},"excerpt":{"rendered":"<p><span style=\"color: #005497;\"><strong>Ram\u00f3n Zurita Sahag\u00fan<\/strong><\/span><\/p>\n","protected":false},"author":1,"featured_media":0,"comment_status":"open","ping_status":"open","sticky":false,"template":"","format":"standard","meta":{"_monsterinsights_skip_tracking":false,"_monsterinsights_sitenote_active":false,"_monsterinsights_sitenote_note":"","_monsterinsights_sitenote_category":0,"footnotes":""},"categories":[234],"tags":[43674,43687],"class_list":["post-196330","post","type-post","status-publish","format-standard","hentry","category-ramon-zurita-sahagun","tag-opinion","tag-ramon-zurita-sahagun"],"_links":{"self":[{"href":"https:\/\/www.diarioimagen.net\/index.php?rest_route=\/wp\/v2\/posts\/196330","targetHints":{"allow":["GET"]}}],"collection":[{"href":"https:\/\/www.diarioimagen.net\/index.php?rest_route=\/wp\/v2\/posts"}],"about":[{"href":"https:\/\/www.diarioimagen.net\/index.php?rest_route=\/wp\/v2\/types\/post"}],"author":[{"embeddable":true,"href":"https:\/\/www.diarioimagen.net\/index.php?rest_route=\/wp\/v2\/users\/1"}],"replies":[{"embeddable":true,"href":"https:\/\/www.diarioimagen.net\/index.php?rest_route=%2Fwp%2Fv2%2Fcomments&post=196330"}],"version-history":[{"count":0,"href":"https:\/\/www.diarioimagen.net\/index.php?rest_route=\/wp\/v2\/posts\/196330\/revisions"}],"wp:attachment":[{"href":"https:\/\/www.diarioimagen.net\/index.php?rest_route=%2Fwp%2Fv2%2Fmedia&parent=196330"}],"wp:term":[{"taxonomy":"category","embeddable":true,"href":"https:\/\/www.diarioimagen.net\/index.php?rest_route=%2Fwp%2Fv2%2Fcategories&post=196330"},{"taxonomy":"post_tag","embeddable":true,"href":"https:\/\/www.diarioimagen.net\/index.php?rest_route=%2Fwp%2Fv2%2Ftags&post=196330"}],"curies":[{"name":"wp","href":"https:\/\/api.w.org\/{rel}","templated":true}]}}