{"id":196424,"date":"2014-11-13T00:08:20","date_gmt":"2014-11-13T06:08:20","guid":{"rendered":"http:\/\/www.diarioimagen.net\/?p=196424"},"modified":"2014-11-13T04:11:39","modified_gmt":"2014-11-13T10:11:39","slug":"agustin-carstens-dice-que-el-pib-empieza-a-crecer","status":"publish","type":"post","link":"https:\/\/www.diarioimagen.net\/?p=196424","title":{"rendered":"Agust\u00edn Carstens dice que el PIB empieza a crecer"},"content":{"rendered":"<ul>\n<li><strong><em>Gobernador del Banco de M\u00e9xico<\/em><\/strong><\/li>\n<\/ul>\n<div id=\"attachment_196454\" style=\"width: 250px\" class=\"wp-caption alignleft\"><a href=\"http:\/\/www.diarioimagen.net\/wp-content\/uploads\/2014\/11\/Carstens-2485.jpg\" target=\"_blank\"><img loading=\"lazy\" decoding=\"async\" aria-describedby=\"caption-attachment-196454\" class=\"size-medium wp-image-196454\" src=\"http:\/\/www.diarioimagen.net\/wp-content\/uploads\/2014\/11\/Carstens-2485-240x174.jpg\" alt=\"Agust\u00edn Carstens, gobernador del Banco de M\u00e9xico, afirma que ya empieza a crecer la econom\u00eda.\" width=\"240\" height=\"174\" srcset=\"https:\/\/www.diarioimagen.net\/wp-content\/uploads\/2014\/11\/Carstens-2485-240x174.jpg 240w, https:\/\/www.diarioimagen.net\/wp-content\/uploads\/2014\/11\/Carstens-2485-420x306.jpg 420w, https:\/\/www.diarioimagen.net\/wp-content\/uploads\/2014\/11\/Carstens-2485-90x65.jpg 90w, https:\/\/www.diarioimagen.net\/wp-content\/uploads\/2014\/11\/Carstens-2485.jpg 700w\" sizes=\"auto, (max-width: 240px) 100vw, 240px\" \/><\/a><p id=\"caption-attachment-196454\" class=\"wp-caption-text\">Agust\u00edn Carstens, gobernador del Banco de M\u00e9xico, afirma que ya empieza a crecer la econom\u00eda.<\/p><\/div>\n<p>La pr\u00f3xima semana, el Banco de M\u00e9xico modificar\u00e1 sus expectativas de crecimiento econ\u00f3mico para el cierre del a\u00f1o, afirm\u00f3 ayer en conferencia de prensa el gobernador del Banxico, Agust\u00edn Carstens. Aunque no dijo si ser\u00e1 al alza o a la baja, el funcionario adelant\u00f3 que ya se observan signos de recuperaci\u00f3n.<\/p>\n<p>\u201cSe ve una recuperaci\u00f3n econ\u00f3mica, en buena medida impulsada por el sector industrial y el manufacturero. Adem\u00e1s de que hay mejor\u00eda importante en el sector de la construcci\u00f3n\u201d.<\/p>\n<p>Agreg\u00f3 que \u201cdespu\u00e9s de crecer a tasas m\u00e1s bajas, con variaciones negativas trimestrales en 2013, el PIB empieza a crecer\u201d.<\/p>\n<p>Al presentar la situaci\u00f3n del sistema financiero, el titular de Banxico asegur\u00f3 que \u201cM\u00e9xico sigue funcionando\u201d a pesar de los riesgos de volatilidad del \u00e1mbito internacional.<\/p>\n<p>Debido a estas condiciones, el funcionario destac\u00f3 que se debe estar alerta porque las condiciones pueden cambiar de un momento a otro.<\/p>\n<p>Al presentar la radiograf\u00eda de la econom\u00eda nacional destac\u00f3 que es preocupante el crecimiento del \u00edndice de morosidad en cr\u00e9ditos personales y tarjetas. \u201cRepresenta un foco de atenci\u00f3n que se debe de tomar en cuenta\u201d.<\/p>\n<p>Al referirse a las condiciones de morosidad del cr\u00e9dito hipotecario y del automotriz, dijo que se ha mantenido estable.<\/p>\n<p>Asimismo, enfatiz\u00f3 que, a pesar de la volatilidad, la tasa de inter\u00e9s de referencia en M\u00e9xico se ha mantenido en niveles \u201chist\u00f3ricamente bajos\u201d.<\/p>\n<p>Tenemos \u201cfortaleza relativa en la econom\u00eda, la tasa es de las m\u00e1s bajas de entre los pa\u00edses emergentes\u201d.<\/p>\n<p>El sistema bancario est\u00e1 s\u00f3lido para enfrentar cualquier contingencia, concluy\u00f3.<\/p>\n","protected":false},"excerpt":{"rendered":"<p>La pr\u00f3xima semana, el Banco de M\u00e9xico modificar\u00e1 sus expectativas de crecimiento econ\u00f3mico para el cierre del a\u00f1o, afirm\u00f3<\/p>\n","protected":false},"author":3,"featured_media":196454,"comment_status":"open","ping_status":"open","sticky":false,"template":"","format":"standard","meta":{"_monsterinsights_skip_tracking":false,"_monsterinsights_sitenote_active":false,"_monsterinsights_sitenote_note":"","_monsterinsights_sitenote_category":0,"footnotes":""},"categories":[3],"tags":[23098,1520,43673,2806],"class_list":["post-196424","post","type-post","status-publish","format-standard","has-post-thumbnail","hentry","category-nacional","tag-agustin-carstens-carstens","tag-banco-de-mexico","tag-nacional","tag-pib"],"_links":{"self":[{"href":"https:\/\/www.diarioimagen.net\/index.php?rest_route=\/wp\/v2\/posts\/196424","targetHints":{"allow":["GET"]}}],"collection":[{"href":"https:\/\/www.diarioimagen.net\/index.php?rest_route=\/wp\/v2\/posts"}],"about":[{"href":"https:\/\/www.diarioimagen.net\/index.php?rest_route=\/wp\/v2\/types\/post"}],"author":[{"embeddable":true,"href":"https:\/\/www.diarioimagen.net\/index.php?rest_route=\/wp\/v2\/users\/3"}],"replies":[{"embeddable":true,"href":"https:\/\/www.diarioimagen.net\/index.php?rest_route=%2Fwp%2Fv2%2Fcomments&post=196424"}],"version-history":[{"count":0,"href":"https:\/\/www.diarioimagen.net\/index.php?rest_route=\/wp\/v2\/posts\/196424\/revisions"}],"wp:featuredmedia":[{"embeddable":true,"href":"https:\/\/www.diarioimagen.net\/index.php?rest_route=\/wp\/v2\/media\/196454"}],"wp:attachment":[{"href":"https:\/\/www.diarioimagen.net\/index.php?rest_route=%2Fwp%2Fv2%2Fmedia&parent=196424"}],"wp:term":[{"taxonomy":"category","embeddable":true,"href":"https:\/\/www.diarioimagen.net\/index.php?rest_route=%2Fwp%2Fv2%2Fcategories&post=196424"},{"taxonomy":"post_tag","embeddable":true,"href":"https:\/\/www.diarioimagen.net\/index.php?rest_route=%2Fwp%2Fv2%2Ftags&post=196424"}],"curies":[{"name":"wp","href":"https:\/\/api.w.org\/{rel}","templated":true}]}}