{"id":196459,"date":"2014-11-13T00:03:29","date_gmt":"2014-11-13T06:03:29","guid":{"rendered":"http:\/\/www.diarioimagen.net\/?p=196459"},"modified":"2014-11-13T04:12:09","modified_gmt":"2014-11-13T10:12:09","slug":"protestas-y-violencia","status":"publish","type":"post","link":"https:\/\/www.diarioimagen.net\/?p=196459","title":{"rendered":"Protestas y violencia"},"content":{"rendered":"<h2>Detr\u00e1s del Poder<\/h2>\n<h5>Jos\u00e9 Antonio L\u00f3pez Sosa<\/h5>\n<p>&nbsp;<\/p>\n<p>Bajo ninguna circunstancia es aceptable la violencia como forma de protesta social, la violencia no genera sino m\u00e1s violencia. El Estado mexicano en su conjunto, se ha caracterizado por el uso de la fuerza contra cierto tipo de protestas, sobre todo aquellas que se gestan fuera de las grandes urbes y los reflectores.<\/p>\n<p>Quiz\u00e1s los hechos atroces de 1968 y 1971 sentaron un antecedente que evita a toda costa que en las protestas urbanas, la polic\u00eda de cualquier jerarqu\u00eda ataque a quien protesta.<\/p>\n<p>Resulta una dicotom\u00eda lo que ocurre en la ciudad y en el campo mexicano, lo sucedido con los 43 normalistas de Ayotzinapa es muestra de lo que ocurre en la provincia frente a una protesta social, muy diferente a lo que ocurre en la ciudad de M\u00e9xico, por ejemplo.<\/p>\n<p>Las protestas son leg\u00edtimas, el uso de la violencia no, as\u00ed como tampoco es leg\u00edtima la fuerza del Estado sobre quien se manifiesta, como ocurri\u00f3 en Ayotzinapa.<\/p>\n<p>No podemos esperar que las protestas cesen cuando el Estado ha sido incapaz de resolver estos cr\u00edmenes a manos de delincuentes con la cooperaci\u00f3n de la polic\u00eda municipal y la omisi\u00f3n de las fuerzas federales (Ej\u00e9rcito incluido). S\u00ed podemos reprobar la violencia, pero resulta irresponsable que como ciudadanos, denostemos la protesta social en este caso y la reprobemos.<\/p>\n<p>Las manifestaciones no han sido ni de cerca parecidas a los bloqueos que, por ejemplo, llevaron al cabo los maestros hace alg\u00fan tiempo en la ciudad de M\u00e9xico.<\/p>\n<p>El gobierno estatal (en Guerrero) y federal deben dar la cara y dar soluci\u00f3n al conflicto, est\u00e1n como suele suceder, administrando el conflicto, hecho que contribuye tambi\u00e9n al aumento de protestas a nivel nacional.<\/p>\n<p>Por cierto, estas protestas han rebasado la naci\u00f3n y las redes sociales, se han realizado tambi\u00e9n en distintas ciudades del mundo.<\/p>\n<p><em><a href=\"mailto:lopez.sosa@mexico.com\" target=\"_blank\">lopez.sosa@mexico.com<\/a><\/em><br \/>\n<em><a href=\"http:\/\/twitter.com\/#%21\/joseantonio1977\" target=\"_blank\">@joseantonio1977<br \/>\n<\/a><a href=\"http:\/\/www.formulaconfidencial.com.mx\/\" target=\"_blank\">www.formulaconfidencial.com.mx<\/a><\/em><\/p>\n","protected":false},"excerpt":{"rendered":"<p><span style=\"color: #005497;\"><strong>Jos\u00e9 Antonio L\u00f3pez Sosa<\/strong><\/span><\/p>\n","protected":false},"author":3,"featured_media":0,"comment_status":"open","ping_status":"open","sticky":false,"template":"","format":"standard","meta":{"_monsterinsights_skip_tracking":false,"_monsterinsights_sitenote_active":false,"_monsterinsights_sitenote_note":"","_monsterinsights_sitenote_category":0,"footnotes":""},"categories":[637],"tags":[638,43690,43674],"class_list":["post-196459","post","type-post","status-publish","format-standard","hentry","category-jose-antonio-lopez-sosa","tag-detras-del-poder","tag-jose-antonio-lopez-sosa","tag-opinion"],"_links":{"self":[{"href":"https:\/\/www.diarioimagen.net\/index.php?rest_route=\/wp\/v2\/posts\/196459","targetHints":{"allow":["GET"]}}],"collection":[{"href":"https:\/\/www.diarioimagen.net\/index.php?rest_route=\/wp\/v2\/posts"}],"about":[{"href":"https:\/\/www.diarioimagen.net\/index.php?rest_route=\/wp\/v2\/types\/post"}],"author":[{"embeddable":true,"href":"https:\/\/www.diarioimagen.net\/index.php?rest_route=\/wp\/v2\/users\/3"}],"replies":[{"embeddable":true,"href":"https:\/\/www.diarioimagen.net\/index.php?rest_route=%2Fwp%2Fv2%2Fcomments&post=196459"}],"version-history":[{"count":0,"href":"https:\/\/www.diarioimagen.net\/index.php?rest_route=\/wp\/v2\/posts\/196459\/revisions"}],"wp:attachment":[{"href":"https:\/\/www.diarioimagen.net\/index.php?rest_route=%2Fwp%2Fv2%2Fmedia&parent=196459"}],"wp:term":[{"taxonomy":"category","embeddable":true,"href":"https:\/\/www.diarioimagen.net\/index.php?rest_route=%2Fwp%2Fv2%2Fcategories&post=196459"},{"taxonomy":"post_tag","embeddable":true,"href":"https:\/\/www.diarioimagen.net\/index.php?rest_route=%2Fwp%2Fv2%2Ftags&post=196459"}],"curies":[{"name":"wp","href":"https:\/\/api.w.org\/{rel}","templated":true}]}}