{"id":196572,"date":"2014-11-14T00:01:23","date_gmt":"2014-11-14T06:01:23","guid":{"rendered":"http:\/\/www.diarioimagen.net\/?p=196572"},"modified":"2014-11-14T05:06:26","modified_gmt":"2014-11-14T11:06:26","slug":"santos-oleos","status":"publish","type":"post","link":"https:\/\/www.diarioimagen.net\/?p=196572","title":{"rendered":"Santos \u00f3leos"},"content":{"rendered":"<h2>Pol\u00edtica Spot<\/h2>\n<h5>Juan Manuel Maga\u00f1a<\/h5>\n<p>&nbsp;<\/p>\n<p>Aunque bastante a destiempo, la jerarqu\u00eda cat\u00f3lica se atrevi\u00f3 a hacer un diagn\u00f3stico, y nada menos que ante el Papa Francisco, de la cruel realidad que vive M\u00e9xico, misma que por mucho tiempo ha estado ah\u00ed frente a sus narices sin que fuese vista o francamente ignorada.<\/p>\n<p>Un d\u00eda antes, el padre Alejandro Solalinde hab\u00eda acusado a la jerarqu\u00eda eclesial de ser part\u00edcipe de la tragedia nacional \u201cpor su actitud de acompa\u00f1amiento a un gobierno que no da resultados ni en la seguridad ni en lo econ\u00f3mico\u201d.<\/p>\n<p>La Iglesia cat\u00f3lica, dec\u00eda el cl\u00e9rigo, \u201cha sido tambi\u00e9n compa\u00f1era de c\u00fapula y de agenda cupular de un gobierno simulador, al que le han dado su lugar como si de veras fuera un gobierno responsable\u201d.<\/p>\n<p>El caso es que este mi\u00e9rcoles los obispos del pa\u00eds le enviaron una carta al Papa en la que se\u00f1alan que \u201cla situaci\u00f3n del pa\u00eds ha empeorado desatando una verdadera crisis nacional\u201d.<\/p>\n<p>Luego de la XCVIII Asamblea Plenaria de la Conferencia del Episcopado Mexicano, los obispos mencionaron que en M\u00e9xico se \u201cviven diversas formas de injusticia, inequidad, indiferencia, inseguridad, miseria, corrupci\u00f3n, impunidad, violencia y muerte, como ha quedado evidenciado en \u201clos terribles sucesos de Iguala\u201d.<\/p>\n<p>Tambi\u00e9n le pidieron al Papa Francisco que ore por el pueblo mexicano, por los estudiantes desaparecidos y por quienes padecen problemas semejantes. Y le informan que durante la asamblea tratar\u00e1n de descubrir los signos positivos para contribuir a la construcci\u00f3n de un M\u00e9xico pr\u00f3spero y en paz.<\/p>\n<p>Por a\u00f1adidura, el cardenal Francisco Robles, presidente del episcopado mexicano, solt\u00f3 ante la prensa un \u201c! Basta ya\u00a1 \u00a1no queremos m\u00e1s sangre! \u00a1No queremos m\u00e1s muerte, m\u00e1s desaparecidos, m\u00e1s dolor y verg\u00fcenza!\u201d, para luego solidarizarse con las familias de Iguala.<\/p>\n<p>Hay que decir que el que los curas de \u00e9lite tengan una falsa preocupaci\u00f3n y solidaridad con los problemas y dolores del pa\u00eds -pues s\u00f3lo reaccionan a toro pasado y apurados por su propia imagen-, no quiere decir que no tengan raz\u00f3n en lo que hasta ahora le exponen al Papa.<\/p>\n<p>Tampoco hay que dejar escapar el hecho de que en su carta apelan t\u00e1citamente al exterior, como si durante todos estos a\u00f1os no hubiesen podido hacer sus cr\u00edticas y denuncias ac\u00e1 adentro, y como si el pa\u00eds careciera ya de recursos internos para salir adelante.<\/p>\n<p>Su diagn\u00f3stico, no obstante, es similar al del influyente diario estadunidense The New York Times, que asegur\u00f3 que en M\u00e9xico se ha fracasado en el intento de frenar la violencia.<\/p>\n<p>Al referirse al caso Ayotzinapa, en un editorial titulado \u201cLey y Orden en M\u00e9xico\u201d, el peri\u00f3dico sostiene que \u201clos mexicanos est\u00e1n comprensiblemente indignados con un gobierno que ha fracasado en dar seguridad, respetar el estado de derecho, lograr que los criminales respondan por sus actos y garantizar que haya justicia para las v\u00edctimas y sus familias\u201d.<\/p>\n<p>El diario identifica un \u201cpatr\u00f3n\u201d de violencia en M\u00e9xico, donde unas 22 mil personas han desaparecido desde la ola de violencia del narcotr\u00e1fico desatada en 2006 -te hablan Felipe Calder\u00f3n-, mientras que otras 100 mil han muerto. Todo esto ha pasado y el clero apenas reacciona. Con ello prueba que s\u00f3lo sirve para administrar los santos \u00f3leos.<\/p>\n<p><em><a href=\"mailto:maganapalace@%20yahoo.com.mx\" target=\"_blank\">maganapalace@ yahoo.com.mx<\/a><\/em><\/p>\n","protected":false},"excerpt":{"rendered":"<p><span style=\"color: #005497;\"><strong>Juan Manuel Maga\u00f1a<\/strong><\/span><\/p>\n","protected":false},"author":3,"featured_media":0,"comment_status":"open","ping_status":"open","sticky":false,"template":"","format":"standard","meta":{"_monsterinsights_skip_tracking":false,"_monsterinsights_sitenote_active":false,"_monsterinsights_sitenote_note":"","_monsterinsights_sitenote_category":0,"footnotes":""},"categories":[22905],"tags":[43709,43674,22904],"class_list":["post-196572","post","type-post","status-publish","format-standard","hentry","category-juan-manuel-magana","tag-juan-manuel-magana","tag-opinion","tag-politica-spot"],"_links":{"self":[{"href":"https:\/\/www.diarioimagen.net\/index.php?rest_route=\/wp\/v2\/posts\/196572","targetHints":{"allow":["GET"]}}],"collection":[{"href":"https:\/\/www.diarioimagen.net\/index.php?rest_route=\/wp\/v2\/posts"}],"about":[{"href":"https:\/\/www.diarioimagen.net\/index.php?rest_route=\/wp\/v2\/types\/post"}],"author":[{"embeddable":true,"href":"https:\/\/www.diarioimagen.net\/index.php?rest_route=\/wp\/v2\/users\/3"}],"replies":[{"embeddable":true,"href":"https:\/\/www.diarioimagen.net\/index.php?rest_route=%2Fwp%2Fv2%2Fcomments&post=196572"}],"version-history":[{"count":0,"href":"https:\/\/www.diarioimagen.net\/index.php?rest_route=\/wp\/v2\/posts\/196572\/revisions"}],"wp:attachment":[{"href":"https:\/\/www.diarioimagen.net\/index.php?rest_route=%2Fwp%2Fv2%2Fmedia&parent=196572"}],"wp:term":[{"taxonomy":"category","embeddable":true,"href":"https:\/\/www.diarioimagen.net\/index.php?rest_route=%2Fwp%2Fv2%2Fcategories&post=196572"},{"taxonomy":"post_tag","embeddable":true,"href":"https:\/\/www.diarioimagen.net\/index.php?rest_route=%2Fwp%2Fv2%2Ftags&post=196572"}],"curies":[{"name":"wp","href":"https:\/\/api.w.org\/{rel}","templated":true}]}}