{"id":197306,"date":"2014-11-20T00:07:56","date_gmt":"2014-11-20T06:07:56","guid":{"rendered":"http:\/\/www.diarioimagen.net\/?p=197306"},"modified":"2014-11-24T01:25:32","modified_gmt":"2014-11-24T07:25:32","slug":"pena-abre-el-escrutinio-a-todos-sus-bienes","status":"publish","type":"post","link":"https:\/\/www.diarioimagen.net\/?p=197306","title":{"rendered":"Pe\u00f1a abre el escrutinio a todos sus bienes"},"content":{"rendered":"<h2>Tras la puerta del poder<\/h2>\n<h5>Roberto Vizca\u00edno<\/h5>\n<p>&nbsp;<\/p>\n<ul>\n<li><strong><em>Desde hoy, quien quiera, podr\u00e1 revisar su declaraci\u00f3n patrimonial completa en internet<\/em><\/strong><\/li>\n<li><strong><em>El coordinador de los senadores del PRI, Emilio Gamboa, pidi\u00f3 a manifestantes no dejarse arrastrar a la violencia<\/em><\/strong><\/li>\n<li><em><strong>Los tricolores en la C\u00e1mara alta exigieron investigar la presa construida en su rancho por el gobernador de Sonora<\/strong> <\/em><\/li>\n<\/ul>\n<div id=\"attachment_197329\" style=\"width: 250px\" class=\"wp-caption alignleft\"><a href=\"http:\/\/www.diarioimagen.net\/?attachment_id=197329\" rel=\"attachment wp-att-197329\"><img loading=\"lazy\" decoding=\"async\" aria-describedby=\"caption-attachment-197329\" class=\"size-medium wp-image-197329\" src=\"http:\/\/www.diarioimagen.net\/wp-content\/uploads\/2014\/11\/quien-financia-RAMON-2490-240x161.jpg\" alt=\"\u00bfQui\u00e9n financia?... | Ram\u00f3n\" width=\"240\" height=\"161\" srcset=\"https:\/\/www.diarioimagen.net\/wp-content\/uploads\/2014\/11\/quien-financia-RAMON-2490-240x161.jpg 240w, https:\/\/www.diarioimagen.net\/wp-content\/uploads\/2014\/11\/quien-financia-RAMON-2490-420x281.jpg 420w, https:\/\/www.diarioimagen.net\/wp-content\/uploads\/2014\/11\/quien-financia-RAMON-2490.jpg 1200w\" sizes=\"auto, (max-width: 240px) 100vw, 240px\" \/><\/a><p id=\"caption-attachment-197329\" class=\"wp-caption-text\">\u00bfQui\u00e9n financia?&#8230; | Ram\u00f3n<\/p><\/div>\n<p>Luego que su esposa, Ang\u00e9lica Rivera, explicara p\u00fablicamente el origen de su fortuna y bienes y que decidiera poner en venta su casa de las Lomas para evitar m\u00e1s especulaciones y da\u00f1os a su familia, el presidente Enrique Pe\u00f1a Nieto decidi\u00f3 hacer p\u00fablicos todos sus bienes, ingresos y recursos.<\/p>\n<p>El anuncio lo hizo ayer durante una gira por Michoac\u00e1n y en la inauguraci\u00f3n de un centro de Acopio de Liconsa y en la entrega de apoyos del programa Prospera, realizado en el municipio de \u00c1lvaro Obreg\u00f3n.<\/p>\n<p>Ah\u00ed pidi\u00f3 disculpas por referirse a la explicaci\u00f3n dada a todos los mexicanos por su esposa respecto de sus bienes y aprovech\u00f3 para hacerle un reconocimiento.<\/p>\n<p>\u201cCreo que a nadie escapa lo que ped\u00ed, y amablemente mi esposa accedi\u00f3 a ser ella quien informara y diera a conocer p\u00fablicamente c\u00f3mo se hab\u00eda hecho de una propiedad, ante el se\u00f1alamiento que hab\u00eda de algunos medios de comunicaci\u00f3n, y ante algunas imprecisiones que hab\u00eda sobre el tema.<\/p>\n<p>\u201cYo aqu\u00ed hoy quiero reconocerle p\u00fablicamente el valor que tuvo mi esposa, la decisi\u00f3n y la entereza, porque sin tener obligaci\u00f3n de hacerlo, al no ser ella servidora p\u00fablica, con gran valor, y al ver, sobre todo, que se estaba afectando la imagen de su familia, hubiese decidido p\u00fablicamente informar a la sociedad de c\u00f3mo se hab\u00eda hecho de su propiedad.<\/p>\n<p>\u201cDe haber acreditado, de manera muy fehaciente, a trav\u00e9s incluso, de su declaraci\u00f3n fiscal, yo preguntar\u00eda qui\u00e9nes o cu\u00e1ntos se atreven a hacer p\u00fablicos sus bienes, su patrimonio, los ingresos que tienen, y ella decidi\u00f3 hacerlo.<\/p>\n<p>\u201cDecidi\u00f3 hacerlo porque prefiri\u00f3 optar por la verdad, que ante los se\u00f1alamientos que estaban haciendo sobre ella, sobre su familia, sobre el propio Presidente de la Rep\u00fablica.<\/p>\n<p>\u201cYo, por eso, no tengo m\u00e1s que palabras, desde aqu\u00ed, con ustedes, de gratitud, de reconocimiento y de cari\u00f1o para con mi esposa.<\/p>\n<p>\u201cMuchas gracias, desde aqu\u00ed, a mi esposa Ang\u00e9lica\u201d, indic\u00f3.<\/p>\n<p style=\"text-align: center;\"><strong>SE ABRE TAMBI\u00c9N AL ESCRUTINIO P\u00daBLICO<\/strong><\/p>\n<p>Frente a estos acontecimientos, el presidente Pe\u00f1a Nieto anunci\u00f3: \u201cEste tema tambi\u00e9n me lleva a tomar una determinaci\u00f3n personal. Desde el inicio de mi gesti\u00f3n decid\u00ed hacer p\u00fablico, sin tener obligaci\u00f3n para ello, informaci\u00f3n parcial de mi declaraci\u00f3n patrimonial.<\/p>\n<p>\u201cY lo hice as\u00ed porque, insisto, sin que los servidores p\u00fablicos tengan obligaci\u00f3n de hacer p\u00fablica su declaraci\u00f3n patrimonial, decid\u00ed, s\u00ed, mostrar p\u00fablicamente y en el Internet, y ah\u00ed est\u00e1 exhibido ante todos, cu\u00e1les son los bienes y, sobre todo, los inmuebles que tiene el Presidente de la Rep\u00fablica.<\/p>\n<p>\u201cAnte lo que ha hecho mi esposa y en el \u00e1nimo de realmente ganar la confianza de la sociedad, he decidido hacer p\u00fablica la totalidad de mi declaraci\u00f3n patrimonial; hacerla abierta, hacerla p\u00fablica, y dejarla al escrutinio de toda la sociedad mexicana.<\/p>\n<p>\u201cPorque como Presidente de la Rep\u00fablica aprecio y valoro m\u00e1s la confianza de los mexicanos que el derecho a la confidencialidad que puedo obtener eventualmente como servidor p\u00fablico.<\/p>\n<p>\u201cPor eso, a partir del d\u00eda de hoy, m\u00e1s tarde, estar\u00e9 haciendo totalmente abierta y en los medios electr\u00f3nicos, en la p\u00e1gina de Internet, como hoy est\u00e1 la informaci\u00f3n parcial, totalmente abierta mi declaraci\u00f3n patrimonial\u201d.<\/p>\n<p style=\"text-align: center;\"><strong>PROTESTA S\u00cd; VANDALISMO NO<\/strong><\/p>\n<p>Quien sali\u00f3 ayer a convocar a los mexicanos a preservar la paz social y la tranquilidad fue el coordinador de los senadores del PRI, el yucateco Emilio Gamboa, quien dijo que existe una preocupaci\u00f3n entre grandes sectores por los hechos de violencia que se han dado en varios estados del pa\u00eds.<\/p>\n<p>\u201cLa mayor\u00eda de los mexicanos queremos vivir en paz y en tranquilidad; la mayor\u00eda de los mexicanos creemos en la libre expresi\u00f3n, en la libertad de tr\u00e1nsito.<\/p>\n<p>\u201cEn lo que no creemos es en actos vand\u00e1licos, en\u00a0 llegar a\u00a0 lastimar a terceros, que no tienen nada que ver con esto y que se meten a participar en manifestaciones con la intenci\u00f3n de violentar y lastimar a gran parte de la sociedad mexicana.<\/p>\n<p>\u201cEstoy convencido \u2014lo digo de verdad\u2014 que son bienvenidas las manifestaciones en paz y tranquilidad, que nosotros aqu\u00ed en el Senado estaremos atentos a todas las inquietudes.<\/p>\n<p>\u201cLo m\u00e1s importante para el Senado \u2014como lo ha dicho el Presidente de la Rep\u00fablica- es encontrar a los 43 normalistas de Iguala. No hay la menor duda que esa es la primera preocupaci\u00f3n y ocupaci\u00f3n.<\/p>\n<p>\u201cRespecto a las manifestaciones, est\u00e1n en su derecho, siempre que respeten a los terceros; se lastima a muchos mexicanos que son inocentes con estas marchas, que lo que quieren es llegar con sus hijos a un lugar, llevarlos a su escuela, al trabajo, y me parece que cuando sale el vandalismo en las manifestaciones, no son genuinas, son manipuladas y hay que investigarlas\u201d, indic\u00f3.<\/p>\n<p style=\"text-align: center;\"><strong>TODO TIENE UN L\u00cdMITE<\/strong><\/p>\n<p>En la otra c\u00e1mara, en la de Diputados, el vicecoordinador de Acci\u00f3n Pol\u00edtica de la fracci\u00f3n tricolor, el guerrerense Manuel A\u00f1orve, indic\u00f3 que el gobierno de Pe\u00f1a Nieto ha dado un paso importante al abrir puentes de negociaci\u00f3n y di\u00e1logo con los diferentes grupos que expresan alguna protesta.<\/p>\n<p>\u201cPero tambi\u00e9n tenemos que decirlo: hay quienes han utilizado el dolor de las familias -que es un dolor leg\u00edtimo en el tema de Ayotzinapa-, para realizar movilizaciones violentas\u2026.<\/p>\n<p>\u201cNo se vale y no nos podemos quedar callados\u2026 no se vale que generen violencia por la desaparici\u00f3n de los j\u00f3venes, posicionamiento que nada tiene que ver con el origen de esto que ha lastimado a la sociedad mexicana\u201d, indic\u00f3.<\/p>\n<p>&#8211; \u00bfDebe aplicarse ya la fuerza p\u00fablica?, se le pregunt\u00f3.<\/p>\n<p>\u201cNo tengo la menor duda que nadie puede estar por encima del estado de Derecho\u2026 el gobierno del presidente Enrique Pe\u00f1a Nieto ha mostrado disposici\u00f3n al di\u00e1logo\u2026 pero hay provocadores que quisieran que el gobierno pudiera caer en un juego perverso, para que ellos empiecen a martirizarse\u2026 en este sentido tiene que haber prudencia, y la aplicaci\u00f3n de la ley cuando sea necesario.<\/p>\n<p>\u201cLo determinante es el di\u00e1logo y la disposici\u00f3n que tiene el gobierno federal para poder escuchar las leg\u00edtimas demandas\u2026 pero desgraciadamente hay quienes quieren utilizar el dolor humano, el dolor de las familias, de las comunidades de los 43 j\u00f3venes de Ayotzinapa, para realizar actos violentos en diferentes estados del pa\u00eds\u201d.<\/p>\n<p>&#8211; \u00bfSienten los diputados del PRI que se quiere desestabilizar, hacer fracasar el proyecto de Pe\u00f1a Nieto?<\/p>\n<p>\u201cEstos grupos violentos, por supuesto que tienen como objetivo tratar de empa\u00f1ar las reformas que el Presidente ha venido encabezando\u201d, subray\u00f3.<\/p>\n<p style=\"text-align: center;\"><strong>PIDEN INVESTIGAR A GOBERNADOR<\/strong><\/p>\n<p>Luego de meses de silencio sobre el tema, ayer los senadores del PRI pidieron iniciar una investigaci\u00f3n a fondo sobre la presa construida sin permiso oficial por el gobernador de Sonora, el panista Guillermo Padr\u00e9s, en su rancho particular.<\/p>\n<p>La propuesta fue presentada por el senador de Hidalgo, Omar Fayad, quien indic\u00f3: \u201cExhortamos a la Comisi\u00f3n Nacional del Agua, al Instituto de Transparencia Informativa y a la Auditor\u00eda y Fiscalizaci\u00f3n del estado de Sonora para que informen puntualmente a esta soberan\u00eda sobre la construcci\u00f3n de una presa al interior de un rancho, propiedad del gobernador de Sonora en Bacanuchi, municipio de Arizpe\u201d.<\/p>\n<p><em><a href=\"mailto:rvizcainoa@gmail.com\">rvizcainoa@gmail.com<\/a><\/em><\/p>\n","protected":false},"excerpt":{"rendered":"<p><span style=\"color: #005497;\"><strong>Roberto Vizca\u00edno<\/strong><\/span><br \/>\n<br \/>\nLuego que su esposa, Ang\u00e9lica Rivera, explicara p\u00fablicamente el origen de su fortuna y bienes y que decidiera poner en venta su casa de las Lomas para evitar m\u00e1s especulaciones y da\u00f1os a su familia, el presidente Enrique Pe\u00f1a Nieto decidi\u00f3 hacer p\u00fablicos todos sus bienes, ingresos y recursos.<\/p>\n","protected":false},"author":3,"featured_media":197329,"comment_status":"open","ping_status":"open","sticky":false,"template":"","format":"standard","meta":{"_monsterinsights_skip_tracking":false,"_monsterinsights_sitenote_active":false,"_monsterinsights_sitenote_note":"","_monsterinsights_sitenote_category":0,"footnotes":""},"categories":[136],"tags":[43674,93,94],"class_list":["post-197306","post","type-post","status-publish","format-standard","has-post-thumbnail","hentry","category-roberto-vizcaino-opinion","tag-opinion","tag-roberto-vizcaino","tag-tras-la-puerta-del-poder"],"_links":{"self":[{"href":"https:\/\/www.diarioimagen.net\/index.php?rest_route=\/wp\/v2\/posts\/197306","targetHints":{"allow":["GET"]}}],"collection":[{"href":"https:\/\/www.diarioimagen.net\/index.php?rest_route=\/wp\/v2\/posts"}],"about":[{"href":"https:\/\/www.diarioimagen.net\/index.php?rest_route=\/wp\/v2\/types\/post"}],"author":[{"embeddable":true,"href":"https:\/\/www.diarioimagen.net\/index.php?rest_route=\/wp\/v2\/users\/3"}],"replies":[{"embeddable":true,"href":"https:\/\/www.diarioimagen.net\/index.php?rest_route=%2Fwp%2Fv2%2Fcomments&post=197306"}],"version-history":[{"count":0,"href":"https:\/\/www.diarioimagen.net\/index.php?rest_route=\/wp\/v2\/posts\/197306\/revisions"}],"wp:featuredmedia":[{"embeddable":true,"href":"https:\/\/www.diarioimagen.net\/index.php?rest_route=\/wp\/v2\/media\/197329"}],"wp:attachment":[{"href":"https:\/\/www.diarioimagen.net\/index.php?rest_route=%2Fwp%2Fv2%2Fmedia&parent=197306"}],"wp:term":[{"taxonomy":"category","embeddable":true,"href":"https:\/\/www.diarioimagen.net\/index.php?rest_route=%2Fwp%2Fv2%2Fcategories&post=197306"},{"taxonomy":"post_tag","embeddable":true,"href":"https:\/\/www.diarioimagen.net\/index.php?rest_route=%2Fwp%2Fv2%2Ftags&post=197306"}],"curies":[{"name":"wp","href":"https:\/\/api.w.org\/{rel}","templated":true}]}}