{"id":197388,"date":"2014-11-21T00:06:57","date_gmt":"2014-11-21T06:06:57","guid":{"rendered":"http:\/\/www.diarioimagen.net\/?p=197388"},"modified":"2014-11-24T04:24:32","modified_gmt":"2014-11-24T10:24:32","slug":"eav-encabeza-ceremonia-por-el-104-aniversario-de-la-revolucion","status":"publish","type":"post","link":"https:\/\/www.diarioimagen.net\/?p=197388","title":{"rendered":"EAV encabeza ceremonia por el 104 aniversario de la Revoluci\u00f3n"},"content":{"rendered":"<ul>\n<li><strong><em>Heriberto L\u00f3pez Molotla, Mario Cardoso L\u00f3pez y Carlos Duarte Contreras son los deportistas que recibieron el reconocimiento<\/em><\/strong><\/li>\n<\/ul>\n<div id=\"attachment_197443\" style=\"width: 250px\" class=\"wp-caption alignleft\"><a href=\"http:\/\/www.diarioimagen.net\/?attachment_id=197443\" rel=\"attachment wp-att-197443\"><img loading=\"lazy\" decoding=\"async\" aria-describedby=\"caption-attachment-197443\" class=\"size-medium wp-image-197443\" src=\"http:\/\/www.diarioimagen.net\/wp-content\/uploads\/2014\/11\/eruviel-2491-240x135.jpg\" alt=\"El gobernador del Estado de M\u00e9xico, Eruviel \u00c1vila Villegas, se tom\u00f3 una selfie con j\u00f3venes que asistieron a la conmemoraci\u00f3n del 104 Aniversario de la Revoluci\u00f3n Mexicana, acto en el que tambi\u00e9n entreg\u00f3 el Premio Estatal del Deporte 2014. El mandatario estatal estuvo acompa\u00f1ado por los representantes de los poderes Judicial, Baruch Delgado Carbajal, y Legislativo, Aar\u00f3n Urbina Bedolla.\" width=\"240\" height=\"135\" srcset=\"https:\/\/www.diarioimagen.net\/wp-content\/uploads\/2014\/11\/eruviel-2491-240x135.jpg 240w, https:\/\/www.diarioimagen.net\/wp-content\/uploads\/2014\/11\/eruviel-2491-420x236.jpg 420w, https:\/\/www.diarioimagen.net\/wp-content\/uploads\/2014\/11\/eruviel-2491-235x132.jpg 235w, https:\/\/www.diarioimagen.net\/wp-content\/uploads\/2014\/11\/eruviel-2491-202x114.jpg 202w, https:\/\/www.diarioimagen.net\/wp-content\/uploads\/2014\/11\/eruviel-2491-350x196.jpg 350w, https:\/\/www.diarioimagen.net\/wp-content\/uploads\/2014\/11\/eruviel-2491-220x123.jpg 220w, https:\/\/www.diarioimagen.net\/wp-content\/uploads\/2014\/11\/eruviel-2491-237x132.jpg 237w, https:\/\/www.diarioimagen.net\/wp-content\/uploads\/2014\/11\/eruviel-2491.jpg 480w\" sizes=\"auto, (max-width: 240px) 100vw, 240px\" \/><\/a><p id=\"caption-attachment-197443\" class=\"wp-caption-text\">El gobernador del Estado de M\u00e9xico, Eruviel \u00c1vila Villegas, se tom\u00f3 una selfie con j\u00f3venes que asistieron a la conmemoraci\u00f3n del 104 Aniversario de la Revoluci\u00f3n Mexicana, acto en el que tambi\u00e9n entreg\u00f3 el Premio Estatal del Deporte 2014. El mandatario estatal estuvo acompa\u00f1ado por los representantes de los poderes Judicial, Baruch Delgado Carbajal, y Legislativo, Aar\u00f3n Urbina Bedolla.<\/p><\/div>\n<p><strong>Toluca, Estado de M\u00e9xico<\/strong>.- El gobernador Eruviel \u00c1vila Villegas encabez\u00f3 la ceremonia conmemorativa del 104 Aniversario del Inicio de la Revoluci\u00f3n Mexicana y entreg\u00f3 el Premio Estatal del Deporte, donde a nombre de los tres poderes del Estado de M\u00e9xico, Indalecio R\u00edos Vel\u00e1zquez, secretario t\u00e9cnico del Gabinete, pronunci\u00f3 el discurso oficial y destac\u00f3 que la mayor\u00eda de los mexicanos quieren un M\u00e9xico mejor para las presentes y futuras generaciones, y s\u00f3lo a trav\u00e9s del binomio sociedad-gobierno se puede alcanzar el pa\u00eds que merecemos, sin involucrar la violencia y el caos.<\/p>\n<p>\u201cNuestra revoluci\u00f3n debe ser de ideas constructivas, que no involucren la violencia y el caos, sino que nos permitan construir el pa\u00eds que queremos heredarles a nuestros hijos y a nuestros nietos. Sigamos el camino trazado por los grandes l\u00edderes de nuestro pasado y presente, para que seamos capaces de aprovechar lo m\u00e1s valioso de nuestra historia. No podemos permitirnos nunca m\u00e1s que la violencia sea una herramienta para el cambio, pues a diferencia de 1910, hoy contamos con instituciones democr\u00e1ticas y con la participaci\u00f3n pac\u00edfica y decidida de la sociedad en la transformaci\u00f3n de nuestra patria\u201d, expres\u00f3 el secretario t\u00e9cnico del Gabinete.<\/p>\n<p>En presencia de Baruch Delgado Carbajal y Aar\u00f3n Urbina Bedolla, presidentes del Tribunal Superior de Justicia y de la Junta de Coordinaci\u00f3n Pol\u00edtica de la LVIII Legislatura, se\u00f1al\u00f3 que a diferencia de la lucha armada que inici\u00f3 en el pa\u00eds en 1910, actualmente el camino de la libertad no se consigue con una revuelta civil, sino con el consenso, mediante la v\u00eda legal y las instituciones. Por ello, en el gobierno del Estado de M\u00e9xico, los servidores p\u00fablicos se esfuerzan para tener vigente en los hechos cotidianos el ideario que heredaron los h\u00e9roes de la Revoluci\u00f3n Mexicana.<\/p>\n<p>Muestra de ello, dijo, es la lucha constante y sin cuartel que mantiene el gobierno estatal contra el analfabetismo e ignorancia, ampliando la infraestructura educativa, y en los tres primeros a\u00f1os de la actual administraci\u00f3n se han construido o rehabilitado m\u00e1s de 6 mil espacios educativos; entregado 15 mil computadoras port\u00e1tiles a alumnos con mejores promedios; 317 mil tabletas a estudiantes de quinto grado de primaria y m\u00e1s de 700 mil becas.<\/p>\n<p>Aunado a ello, para alcanzar el progreso social e igualdad de oportunidades, en el rubro de salud se rehabilitaron o construyeron 800 unidades m\u00e9dicas, como Cl\u00ednicas de Atenci\u00f3n Geri\u00e1trica, Unidades de Atenci\u00f3n al Diab\u00e9tico, hospitales, la primer Ciudad de Salud para la Mujer en el pa\u00eds, entre otras.<\/p>\n<p>Todo ello, bajo el liderazgo del gobernador Eruviel \u00c1vila, sensible a las necesidades de los mexiquenses; asimismo, destac\u00f3 que a nivel nacional el presidente Enrique Pe\u00f1a ha emprendido un proceso revolucionario y de transformaci\u00f3n para M\u00e9xico, por lo que confi\u00f3 que en los a\u00f1os por venir, ambos mandatarios ser\u00e1n recordados como impulsores de la transformaci\u00f3n del Estado de M\u00e9xico y del pa\u00eds.<\/p>\n","protected":false},"excerpt":{"rendered":"<p>El gobernador Eruviel \u00c1vila Villegas encabez\u00f3 la ceremonia conmemorativa del 104 Aniversario del Inicio de la Revoluci\u00f3n Mexicana y entreg\u00f3 el Premio Estatal del Deporte, donde a nombre de los tres poderes del Estado de M\u00e9xico, Indalecio R\u00edos Vel\u00e1zquez, secretario t\u00e9cnico del Gabinete, pronunci\u00f3 el discurso oficial y destac\u00f3 que la mayor\u00eda de los mexicanos quieren un M\u00e9xico mejor para las presentes y futuras generaciones, y s\u00f3lo a trav\u00e9s del binomio sociedad-gobierno se puede alcanzar el pa\u00eds que merecemos, sin involucrar la violencia y el caos.<\/p>\n","protected":false},"author":3,"featured_media":197443,"comment_status":"open","ping_status":"open","sticky":false,"template":"","format":"standard","meta":{"_monsterinsights_skip_tracking":false,"_monsterinsights_sitenote_active":false,"_monsterinsights_sitenote_note":"","_monsterinsights_sitenote_category":0,"footnotes":""},"categories":[5],"tags":[5828,43675,14372,452],"class_list":["post-197388","post","type-post","status-publish","format-standard","has-post-thumbnail","hentry","category-estado-de-mexico","tag-eruviel-avila-villegas","tag-estado-de-mexico","tag-premio-estatal-del-deporte","tag-toluca"],"_links":{"self":[{"href":"https:\/\/www.diarioimagen.net\/index.php?rest_route=\/wp\/v2\/posts\/197388","targetHints":{"allow":["GET"]}}],"collection":[{"href":"https:\/\/www.diarioimagen.net\/index.php?rest_route=\/wp\/v2\/posts"}],"about":[{"href":"https:\/\/www.diarioimagen.net\/index.php?rest_route=\/wp\/v2\/types\/post"}],"author":[{"embeddable":true,"href":"https:\/\/www.diarioimagen.net\/index.php?rest_route=\/wp\/v2\/users\/3"}],"replies":[{"embeddable":true,"href":"https:\/\/www.diarioimagen.net\/index.php?rest_route=%2Fwp%2Fv2%2Fcomments&post=197388"}],"version-history":[{"count":0,"href":"https:\/\/www.diarioimagen.net\/index.php?rest_route=\/wp\/v2\/posts\/197388\/revisions"}],"wp:featuredmedia":[{"embeddable":true,"href":"https:\/\/www.diarioimagen.net\/index.php?rest_route=\/wp\/v2\/media\/197443"}],"wp:attachment":[{"href":"https:\/\/www.diarioimagen.net\/index.php?rest_route=%2Fwp%2Fv2%2Fmedia&parent=197388"}],"wp:term":[{"taxonomy":"category","embeddable":true,"href":"https:\/\/www.diarioimagen.net\/index.php?rest_route=%2Fwp%2Fv2%2Fcategories&post=197388"},{"taxonomy":"post_tag","embeddable":true,"href":"https:\/\/www.diarioimagen.net\/index.php?rest_route=%2Fwp%2Fv2%2Ftags&post=197388"}],"curies":[{"name":"wp","href":"https:\/\/api.w.org\/{rel}","templated":true}]}}