{"id":197426,"date":"2014-11-21T00:08:51","date_gmt":"2014-11-21T06:08:51","guid":{"rendered":"http:\/\/www.diarioimagen.net\/?p=197426"},"modified":"2014-11-21T03:10:32","modified_gmt":"2014-11-21T09:10:32","slug":"termina-urgencia-ecologica-en-sonora-navarrete-prida","status":"publish","type":"post","link":"https:\/\/www.diarioimagen.net\/?p=197426","title":{"rendered":"Termina urgencia ecol\u00f3gica en Sonora: Navarrete Prida"},"content":{"rendered":"<ul>\n<li><strong><em>Una mina del Grupo M\u00e9xico derram\u00f3 sulfato de cobre sobre el r\u00edo Sonora, lo que caus\u00f3 afectaciones a la ciudadan\u00eda<\/em><\/strong><\/li>\n<\/ul>\n<div id=\"attachment_197465\" style=\"width: 250px\" class=\"wp-caption alignleft\"><a href=\"http:\/\/www.diarioimagen.net\/?attachment_id=197465\" rel=\"attachment wp-att-197465\"><img loading=\"lazy\" decoding=\"async\" aria-describedby=\"caption-attachment-197465\" class=\"size-medium wp-image-197465\" src=\"http:\/\/www.diarioimagen.net\/wp-content\/uploads\/2014\/11\/sonora-2491-240x160.jpg\" alt=\"La Secretar\u00eda del Trabajo y Previsi\u00f3n Social dio por terminada la urgencia ecol\u00f3gica en el r\u00edo Sonora, luego del derrame de sulfato de cobre de una mina del Grupo M\u00e9xico.\" width=\"240\" height=\"160\" srcset=\"https:\/\/www.diarioimagen.net\/wp-content\/uploads\/2014\/11\/sonora-2491-240x160.jpg 240w, https:\/\/www.diarioimagen.net\/wp-content\/uploads\/2014\/11\/sonora-2491-420x280.jpg 420w, https:\/\/www.diarioimagen.net\/wp-content\/uploads\/2014\/11\/sonora-2491.jpg 1200w\" sizes=\"auto, (max-width: 240px) 100vw, 240px\" \/><\/a><p id=\"caption-attachment-197465\" class=\"wp-caption-text\">La Secretar\u00eda del Trabajo y Previsi\u00f3n Social dio por terminada la urgencia ecol\u00f3gica en el r\u00edo Sonora, luego del derrame de sulfato de cobre de una mina del Grupo M\u00e9xico.<\/p><\/div>\n<p>El secretario del Trabajo y Previsi\u00f3n Social, Alfonso Navarrete Prida, dio a conocer que ya concluy\u00f3 la etapa de emergencia en Sonora por el derrame de sulfato de cobre ocasionado por una mina de Grupo M\u00e9xico en los r\u00edos Sonora y Bacanuchi.<\/p>\n<p>En conferencia de prensa que ofreci\u00f3 la Comisi\u00f3n de Trabajo R\u00edo Sonora, indic\u00f3 que la atenci\u00f3n al desastre ecol\u00f3gico permiti\u00f3 conciliar los esfuerzos de los tres niveles de gobierno para apoyar a la poblaci\u00f3n \u201ca nivel tal, que la etapa de emergencia ha concluido\u201d, sin riesgos de un nuevo derrame.<\/p>\n<p>Aclar\u00f3 que los procesos legales contra Grupo M\u00e9xico contin\u00faan y que la empresa, en una acci\u00f3n coordinada, responde a la emergencia, pues \u201cel gobierno federal no exonera a la empresa del da\u00f1o causado a los r\u00edos Bacanuchi y Sonora, que afecta a 25 mil sonorenses\u201d.<\/p>\n<p>El funcionario de la Secretar\u00eda del Trabajo y Previsi\u00f3n Social (STPS) destac\u00f3 que en esta ocasi\u00f3n, el gobierno federal impuso la sanci\u00f3n m\u00e1s alta que permite la nueva ley ambiental, pero que \u201cson absolutamente insuficientes ante el da\u00f1o causado\u201d.<\/p>\n<p>Acompa\u00f1ado del gobernador de Sonora, Guillermo Padr\u00e9s El\u00edas; del subsecretario de Planeaci\u00f3n y Pol\u00edtica Ambiental de la Semarnat, y del subsecretario del Trabajo, Rafael Avante, Navarrete Priva reiter\u00f3 que trabajar\u00e1n intensamente para resarcir el da\u00f1o a la marca de los productos agr\u00edcolas sonorenses.<\/p>\n<p>Dijo que la Comisi\u00f3n Federal para la Protecci\u00f3n contra Riesgos Sanitarios (Cofepris) tiene la disposici\u00f3n de certificar todos los productos que emanen del r\u00edo Sonora garantizar a la poblaci\u00f3n que no da\u00f1an la salud y cuentan con la calidad necesaria para su comercializaci\u00f3n.<\/p>\n<p>En t\u00e9rminos de salud, el funcionario federal precis\u00f3 que se trat\u00f3 de un da\u00f1o temporal a 37 personas, quienes presentaron dermatitis por contacto directo con el agua y problemas gastrointestinales por consumo de la misma.<\/p>\n<p>Detall\u00f3 que a los afectados se les indemniz\u00f3 con 883 mil pesos, considerando su actividad productiva y el tiempo que duraron en incapacidad.<\/p>\n<p>Anunci\u00f3 la creaci\u00f3n de la Brigada Epidemiol\u00f3gica para dar seguimiento durante 15 a\u00f1os, a la poblaci\u00f3n y atender cualquier circunstancia que se presente.<\/p>\n<p>En ese sentido, asegur\u00f3 que \u201cno existe la posibilidad de un nuevo derrame\u201d porque la autoridad ambiental ha ordenado la clausura del proyecto \u201campliaci\u00f3n de terreros de Lixiviados Tinajas\u201d, donde ocurri\u00f3 el incidente y donde no se podr\u00e1 operar en tanto no se cumplan las medidas de prevenci\u00f3n ordenadas.<\/p>\n<p>Dijo que est\u00e1n en funcionamiento y conectados los 19 pozos m\u00e1s importantes, que significa un suministro de agua a 90 por ciento de la poblaci\u00f3n de los municipios afectados y de 71 por ciento del abasto que en cent\u00edmetros c\u00fabicos exist\u00eda hasta antes del derrame.<\/p>\n<p>Navarrete Prida mencion\u00f3 que como medida preventiva se contin\u00faa con el proceso de perforaci\u00f3n, equipamiento y conexi\u00f3n de 13 nuevos pozos, y que como parte de seguimiento de muestreos, no se han observado ni en suelo ni en fauna, niveles de toxicidad fuera de la norma.<\/p>\n","protected":false},"excerpt":{"rendered":"<p>El secretario del Trabajo y Previsi\u00f3n Social, Alfonso Navarrete Prida, dio a conocer que ya concluy\u00f3 la etapa de emergencia en Sonora por el derrame de sulfato de cobre ocasionado por una mina de Grupo M\u00e9xico en los r\u00edos Sonora y Bacanuchi.<\/p>\n","protected":false},"author":3,"featured_media":197465,"comment_status":"open","ping_status":"open","sticky":false,"template":"","format":"standard","meta":{"_monsterinsights_skip_tracking":false,"_monsterinsights_sitenote_active":false,"_monsterinsights_sitenote_note":"","_monsterinsights_sitenote_category":0,"footnotes":""},"categories":[3],"tags":[11708,4594,10385,49],"class_list":["post-197426","post","type-post","status-publish","format-standard","has-post-thumbnail","hentry","category-nacional","tag-alfonso-navarrete-prida","tag-grupo-mexico","tag-secretaria-del-trabajo-y-prevision-social","tag-sonora"],"_links":{"self":[{"href":"https:\/\/www.diarioimagen.net\/index.php?rest_route=\/wp\/v2\/posts\/197426","targetHints":{"allow":["GET"]}}],"collection":[{"href":"https:\/\/www.diarioimagen.net\/index.php?rest_route=\/wp\/v2\/posts"}],"about":[{"href":"https:\/\/www.diarioimagen.net\/index.php?rest_route=\/wp\/v2\/types\/post"}],"author":[{"embeddable":true,"href":"https:\/\/www.diarioimagen.net\/index.php?rest_route=\/wp\/v2\/users\/3"}],"replies":[{"embeddable":true,"href":"https:\/\/www.diarioimagen.net\/index.php?rest_route=%2Fwp%2Fv2%2Fcomments&post=197426"}],"version-history":[{"count":0,"href":"https:\/\/www.diarioimagen.net\/index.php?rest_route=\/wp\/v2\/posts\/197426\/revisions"}],"wp:featuredmedia":[{"embeddable":true,"href":"https:\/\/www.diarioimagen.net\/index.php?rest_route=\/wp\/v2\/media\/197465"}],"wp:attachment":[{"href":"https:\/\/www.diarioimagen.net\/index.php?rest_route=%2Fwp%2Fv2%2Fmedia&parent=197426"}],"wp:term":[{"taxonomy":"category","embeddable":true,"href":"https:\/\/www.diarioimagen.net\/index.php?rest_route=%2Fwp%2Fv2%2Fcategories&post=197426"},{"taxonomy":"post_tag","embeddable":true,"href":"https:\/\/www.diarioimagen.net\/index.php?rest_route=%2Fwp%2Fv2%2Ftags&post=197426"}],"curies":[{"name":"wp","href":"https:\/\/api.w.org\/{rel}","templated":true}]}}