{"id":197542,"date":"2014-11-23T12:48:31","date_gmt":"2014-11-23T18:48:31","guid":{"rendered":"http:\/\/www.diarioimagen.net\/?p=197542"},"modified":"2014-11-24T04:26:24","modified_gmt":"2014-11-24T10:26:24","slug":"realizan-carrera-en-el-df-en-apoyo-a-normalistas-de-ayotzinapa","status":"publish","type":"post","link":"https:\/\/www.diarioimagen.net\/?p=197542","title":{"rendered":"Realizan carrera en el DF en apoyo a normalistas de Ayotzinapa"},"content":{"rendered":"<ul>\n<li><em><strong>Ciudadanos corrieron del \u00c1ngel de la Independencia al Z\u00f3calo, vestidos de negro y portando el n\u00famero 0043 en la espalda<\/strong><\/em><\/li>\n<\/ul>\n<div id=\"attachment_197543\" style=\"width: 250px\" class=\"wp-caption alignleft\"><img loading=\"lazy\" decoding=\"async\" aria-describedby=\"caption-attachment-197543\" class=\"size-medium wp-image-197543\" src=\"http:\/\/www.diarioimagen.net\/wp-content\/uploads\/2014\/11\/CARRERA-portal-240x135.jpg\" alt=\"La carrera inici\u00f3 sin incidentes y transcurri\u00f3 en completa calma.\" width=\"240\" height=\"135\" srcset=\"https:\/\/www.diarioimagen.net\/wp-content\/uploads\/2014\/11\/CARRERA-portal-240x135.jpg 240w, https:\/\/www.diarioimagen.net\/wp-content\/uploads\/2014\/11\/CARRERA-portal-420x236.jpg 420w, https:\/\/www.diarioimagen.net\/wp-content\/uploads\/2014\/11\/CARRERA-portal-235x132.jpg 235w, https:\/\/www.diarioimagen.net\/wp-content\/uploads\/2014\/11\/CARRERA-portal-202x114.jpg 202w, https:\/\/www.diarioimagen.net\/wp-content\/uploads\/2014\/11\/CARRERA-portal-350x196.jpg 350w, https:\/\/www.diarioimagen.net\/wp-content\/uploads\/2014\/11\/CARRERA-portal-220x123.jpg 220w, https:\/\/www.diarioimagen.net\/wp-content\/uploads\/2014\/11\/CARRERA-portal-237x132.jpg 237w, https:\/\/www.diarioimagen.net\/wp-content\/uploads\/2014\/11\/CARRERA-portal.jpg 480w\" sizes=\"auto, (max-width: 240px) 100vw, 240px\" \/><p id=\"caption-attachment-197543\" class=\"wp-caption-text\">La carrera inici\u00f3 sin incidentes y transcurri\u00f3 en completa calma.<\/p><\/div>\n<p>Al filo de las 8:17 horas inici\u00f3 la carrera \u201cCorre por M\u00e9xico\u201d, que sali\u00f3 del \u00c1ngel de la Independencia hacia el Z\u00f3calo de la Ciudad de M\u00e9xico, en apoyo a los normalistas desaparecidos en Iguala.<\/p>\n<p>La carrera atl\u00e9tica inici\u00f3 sin incidentes y transcurri\u00f3 en completa calma. Integrantes de la sociedad civil y organizaciones sociales partieron del \u00c1ngel de la Independencia, por Paseo de la Reforma, y tomaron avenida Ju\u00e1rez hasta la calle de Francisco I. Madero, para arribar al Z\u00f3calo capitalino.<\/p>\n<p>Los corredores, vestidos en su mayor\u00eda de negro, portaban en la espalda el n\u00famero 0043, en alusi\u00f3n a los estudiantes de la Normal Rural \u201cRa\u00fal Isidro Burgos\u201d, desaparecidos en Iguala, Guerrero, en septiembre pasado.<\/p>\n<p>La carrera inici\u00f3 sin incidentes y transcurri\u00f3 en completa calma.<\/p>\n","protected":false},"excerpt":{"rendered":"<p>Al filo de las 8:17 horas inici\u00f3 la carrera \u201cCorre por M\u00e9xico\u201d, que sali\u00f3 del \u00c1ngel de la Independencia hacia el Z\u00f3calo de la Ciudad de M\u00e9xico, en apoyo a los normalistas desaparecidos en Iguala.<\/p>\n","protected":false},"author":5,"featured_media":197543,"comment_status":"open","ping_status":"open","sticky":false,"template":"","format":"standard","meta":{"_monsterinsights_skip_tracking":false,"_monsterinsights_sitenote_active":false,"_monsterinsights_sitenote_note":"","_monsterinsights_sitenote_category":0,"footnotes":""},"categories":[17,6],"tags":[],"class_list":["post-197542","post","type-post","status-publish","format-standard","has-post-thumbnail","hentry","category-especiales","category-cd-de-mexico"],"_links":{"self":[{"href":"https:\/\/www.diarioimagen.net\/index.php?rest_route=\/wp\/v2\/posts\/197542","targetHints":{"allow":["GET"]}}],"collection":[{"href":"https:\/\/www.diarioimagen.net\/index.php?rest_route=\/wp\/v2\/posts"}],"about":[{"href":"https:\/\/www.diarioimagen.net\/index.php?rest_route=\/wp\/v2\/types\/post"}],"author":[{"embeddable":true,"href":"https:\/\/www.diarioimagen.net\/index.php?rest_route=\/wp\/v2\/users\/5"}],"replies":[{"embeddable":true,"href":"https:\/\/www.diarioimagen.net\/index.php?rest_route=%2Fwp%2Fv2%2Fcomments&post=197542"}],"version-history":[{"count":0,"href":"https:\/\/www.diarioimagen.net\/index.php?rest_route=\/wp\/v2\/posts\/197542\/revisions"}],"wp:featuredmedia":[{"embeddable":true,"href":"https:\/\/www.diarioimagen.net\/index.php?rest_route=\/wp\/v2\/media\/197543"}],"wp:attachment":[{"href":"https:\/\/www.diarioimagen.net\/index.php?rest_route=%2Fwp%2Fv2%2Fmedia&parent=197542"}],"wp:term":[{"taxonomy":"category","embeddable":true,"href":"https:\/\/www.diarioimagen.net\/index.php?rest_route=%2Fwp%2Fv2%2Fcategories&post=197542"},{"taxonomy":"post_tag","embeddable":true,"href":"https:\/\/www.diarioimagen.net\/index.php?rest_route=%2Fwp%2Fv2%2Ftags&post=197542"}],"curies":[{"name":"wp","href":"https:\/\/api.w.org\/{rel}","templated":true}]}}