{"id":197610,"date":"2014-11-24T00:03:29","date_gmt":"2014-11-24T06:03:29","guid":{"rendered":"http:\/\/www.diarioimagen.net\/?p=197610"},"modified":"2014-11-25T03:34:01","modified_gmt":"2014-11-25T09:34:01","slug":"conatrib-comprometida-con-la-justicia-elias-azar","status":"publish","type":"post","link":"https:\/\/www.diarioimagen.net\/?p=197610","title":{"rendered":"Conatrib, comprometida con la justicia: El\u00edas Azar"},"content":{"rendered":"<ul>\n<li><strong><em>Se\u00f1ala que los jueces del pa\u00eds est\u00e1n de pie, firmes y apegados a la Constituci\u00f3n y al imperio de la ley<\/em><\/strong><\/li>\n<\/ul>\n<div id=\"attachment_197663\" style=\"width: 250px\" class=\"wp-caption alignleft\"><a href=\"http:\/\/www.diarioimagen.net\/?attachment_id=197663\" rel=\"attachment wp-att-197663\"><img loading=\"lazy\" decoding=\"async\" aria-describedby=\"caption-attachment-197663\" class=\"size-medium wp-image-197663\" src=\"http:\/\/www.diarioimagen.net\/wp-content\/uploads\/2014\/11\/elias-azar-2492-240x135.jpg\" alt=\"Edgar El\u00edas Azar, magistrado presidente del TSJDF y de la Conatrib, al participar en la clausura del Encuentro Nacional de Procuraci\u00f3n y Administraci\u00f3n de Justicia.\" width=\"240\" height=\"135\" srcset=\"https:\/\/www.diarioimagen.net\/wp-content\/uploads\/2014\/11\/elias-azar-2492-240x135.jpg 240w, https:\/\/www.diarioimagen.net\/wp-content\/uploads\/2014\/11\/elias-azar-2492-420x236.jpg 420w, https:\/\/www.diarioimagen.net\/wp-content\/uploads\/2014\/11\/elias-azar-2492-235x132.jpg 235w, https:\/\/www.diarioimagen.net\/wp-content\/uploads\/2014\/11\/elias-azar-2492-202x114.jpg 202w, https:\/\/www.diarioimagen.net\/wp-content\/uploads\/2014\/11\/elias-azar-2492-350x196.jpg 350w, https:\/\/www.diarioimagen.net\/wp-content\/uploads\/2014\/11\/elias-azar-2492-220x123.jpg 220w, https:\/\/www.diarioimagen.net\/wp-content\/uploads\/2014\/11\/elias-azar-2492-237x132.jpg 237w, https:\/\/www.diarioimagen.net\/wp-content\/uploads\/2014\/11\/elias-azar-2492.jpg 480w\" sizes=\"auto, (max-width: 240px) 100vw, 240px\" \/><\/a><p id=\"caption-attachment-197663\" class=\"wp-caption-text\">Edgar El\u00edas Azar, magistrado presidente del TSJDF y de la Conatrib, al participar en la clausura del Encuentro Nacional de Procuraci\u00f3n y Administraci\u00f3n de Justicia.<\/p><\/div>\n<p>En momentos en que la sociedad reclama justicia, ans\u00eda paz y reconciliaci\u00f3n, los 32 \u00f3rganos jurisdiccionales locales que conforma la Comisi\u00f3n Nacional de Tribunales Superiores de Justicia de los Estados Unidos Mexicanos (Conatrib) expresan su compromiso de impartir justicia, garantizar el estado de Derecho, y con ello generar las mejores condiciones para el desarrollo del pa\u00eds en todos sus \u00e1mbitos, expres\u00f3 el presidente la organizaci\u00f3n, magistrado Edgar El\u00edas Azar.<\/p>\n<p>En la clausura del Encuentro Nacional de Procuraci\u00f3n y Administraci\u00f3n de Justicia, asegur\u00f3 al secretario de Gobernaci\u00f3n, Miguel \u00c1ngel Osorio Chong, y al procurador general de la Rep\u00fablica, Jes\u00fas Murillo Karam, que los jueces del pa\u00eds est\u00e1n de pie, firmes, y comprometidos con la Constituci\u00f3n y el imperio de la ley, justo cuando la gente los requiere comprometidos, en los que se pueda confiar, y que miren a la cara a quienes juzgan.<\/p>\n<p>Adem\u00e1s, que las judicaturas locales reconocen el esfuerzo y compromiso que se ha tenido desde el gobierno federal para impulsar de manera decidida las reformas legislativas que el pa\u00eds requiere, y puntualiz\u00f3 que las propuestas formuladas por los tribunales locales ser\u00e1n congruentes con la visi\u00f3n de la justicia y los m\u00e1s altos valores constitucionales.<\/p>\n<p>La naci\u00f3n, insisti\u00f3 el tambi\u00e9n presidente del Tribunal Superior de Justicia del Distrito Federal, encontrar\u00e1 jueces que, con la Constituci\u00f3n en la mano, sabr\u00e1n respetar los derechos y proteger las libertades de todos y cada uno de los ciudadanos.<\/p>\n<p>Dijo ante los funcionarios del gobierno federal, juzgadores y procuradores de justicia de todo el pa\u00eds reunidos en el Centro Banamex, que los jueces mexicanos est\u00e1n comprometidos y convencidos de que hoy, m\u00e1s que nunca, tienen que consolidar el estado de derecho, con la fuerza del derecho.<\/p>\n<p>El magistrado El\u00edas Azar, quien en la jornada matutina encabez\u00f3 los trabajos del XXXVIII Congreso Nacional de Tribunales Superiores de Justicia en la misma sede, tambi\u00e9n coment\u00f3 que la imparcialidad de los jueces no implica indiferencia, y abund\u00f3 que su independencia tampoco quiere decir lejan\u00eda.<\/p>\n<p>Los jueces, coment\u00f3, saben que en cuestiones sobre la verdad y la justicia no existe una m\u00e1s importante que la otra. Se trata, a\u00f1adi\u00f3, de proteger la libertad, la dignidad, la igualdad de cada persona, de cada hombre, de cada mujer y de cada ni\u00f1o.<\/p>\n<p>Durante la jornada del XXXVIII Congreso Nacional de Tribunales Superiores de Justicia, jueces y magistrados de todo el pa\u00eds abordaron temas relativos a los protocolos para la impartici\u00f3n de justicia con enfoque de derechos humanos y perspectiva de g\u00e9nero; asimismo, participaron y observaron simulacros de procesos orales en las materias mercantil, familiar y penal.<\/p>\n<p>Por otra parte, la Conatrib entreg\u00f3 la Presea al M\u00e9rito Judicial Manuel Crescencio Rej\u00f3n y Alcal\u00e1 2014 a la jurista Victoria Adato Green, abogada egresada de la Facultad de Derecho de la Universidad Nacional Aut\u00f3noma de M\u00e9xico, en reconocimiento a su larga trayectoria en las labores de impartir justicia, desde las trincheras de la procuraci\u00f3n y administraci\u00f3n de la misma, carrera que coron\u00f3 cuando fue designada ministra de la Suprema Corte de Justicia de la Naci\u00f3n, en la que se desempe\u00f1\u00f3 entre 1985 y 1994.<\/p>\n","protected":false},"excerpt":{"rendered":"<p>En momentos en que la sociedad reclama justicia, ans\u00eda paz y reconciliaci\u00f3n, los 32 \u00f3rganos jurisdiccionales locales que conforma la Comisi\u00f3n Nacional de Tribunales Superiores de Justicia de los Estados Unidos Mexicanos (Conatrib) expresan su compromiso de impartir justicia, garantizar el estado de Derecho, y con ello generar las mejores condiciones para el desarrollo del pa\u00eds en todos sus \u00e1mbitos, expres\u00f3 el presidente la organizaci\u00f3n, magistrado Edgar El\u00edas Azar.<\/p>\n","protected":false},"author":3,"featured_media":197663,"comment_status":"open","ping_status":"open","sticky":false,"template":"","format":"standard","meta":{"_monsterinsights_skip_tracking":false,"_monsterinsights_sitenote_active":false,"_monsterinsights_sitenote_note":"","_monsterinsights_sitenote_category":0,"footnotes":""},"categories":[6],"tags":[204,1925],"class_list":["post-197610","post","type-post","status-publish","format-standard","has-post-thumbnail","hentry","category-cd-de-mexico","tag-ciudad-de-mexico","tag-edgar-elias-azar"],"_links":{"self":[{"href":"https:\/\/www.diarioimagen.net\/index.php?rest_route=\/wp\/v2\/posts\/197610","targetHints":{"allow":["GET"]}}],"collection":[{"href":"https:\/\/www.diarioimagen.net\/index.php?rest_route=\/wp\/v2\/posts"}],"about":[{"href":"https:\/\/www.diarioimagen.net\/index.php?rest_route=\/wp\/v2\/types\/post"}],"author":[{"embeddable":true,"href":"https:\/\/www.diarioimagen.net\/index.php?rest_route=\/wp\/v2\/users\/3"}],"replies":[{"embeddable":true,"href":"https:\/\/www.diarioimagen.net\/index.php?rest_route=%2Fwp%2Fv2%2Fcomments&post=197610"}],"version-history":[{"count":0,"href":"https:\/\/www.diarioimagen.net\/index.php?rest_route=\/wp\/v2\/posts\/197610\/revisions"}],"wp:featuredmedia":[{"embeddable":true,"href":"https:\/\/www.diarioimagen.net\/index.php?rest_route=\/wp\/v2\/media\/197663"}],"wp:attachment":[{"href":"https:\/\/www.diarioimagen.net\/index.php?rest_route=%2Fwp%2Fv2%2Fmedia&parent=197610"}],"wp:term":[{"taxonomy":"category","embeddable":true,"href":"https:\/\/www.diarioimagen.net\/index.php?rest_route=%2Fwp%2Fv2%2Fcategories&post=197610"},{"taxonomy":"post_tag","embeddable":true,"href":"https:\/\/www.diarioimagen.net\/index.php?rest_route=%2Fwp%2Fv2%2Ftags&post=197610"}],"curies":[{"name":"wp","href":"https:\/\/api.w.org\/{rel}","templated":true}]}}