{"id":197761,"date":"2014-11-25T00:07:16","date_gmt":"2014-11-25T06:07:16","guid":{"rendered":"http:\/\/www.diarioimagen.net\/?p=197761"},"modified":"2014-11-25T03:07:31","modified_gmt":"2014-11-25T09:07:31","slug":"preven-que-la-aldf-avale-desvincular-el-minisalario","status":"publish","type":"post","link":"https:\/\/www.diarioimagen.net\/?p=197761","title":{"rendered":"Prev\u00e9n que la ALDF avale desvincular el minisalario"},"content":{"rendered":"<ul>\n<li><strong><em>Presidentes de comisiones que elaboraron dictamen coinciden en que hay consenso para aprobarlo por unanimidad<\/em><\/strong><\/li>\n<\/ul>\n<div id=\"attachment_197835\" style=\"width: 250px\" class=\"wp-caption alignleft\"><a href=\"http:\/\/www.diarioimagen.net\/?attachment_id=197835\" rel=\"attachment wp-att-197835\"><img loading=\"lazy\" decoding=\"async\" aria-describedby=\"caption-attachment-197835\" class=\"size-medium wp-image-197835\" src=\"http:\/\/www.diarioimagen.net\/wp-content\/uploads\/2014\/11\/aldf-2493-240x135.jpg\" alt=\"El pleno de la ALDF conoce las propuestas de reformas para desvincular al salario m\u00ednimo de tarifas y multas.\" width=\"240\" height=\"135\" srcset=\"https:\/\/www.diarioimagen.net\/wp-content\/uploads\/2014\/11\/aldf-2493-240x135.jpg 240w, https:\/\/www.diarioimagen.net\/wp-content\/uploads\/2014\/11\/aldf-2493-420x236.jpg 420w, https:\/\/www.diarioimagen.net\/wp-content\/uploads\/2014\/11\/aldf-2493-235x132.jpg 235w, https:\/\/www.diarioimagen.net\/wp-content\/uploads\/2014\/11\/aldf-2493-202x114.jpg 202w, https:\/\/www.diarioimagen.net\/wp-content\/uploads\/2014\/11\/aldf-2493-350x196.jpg 350w, https:\/\/www.diarioimagen.net\/wp-content\/uploads\/2014\/11\/aldf-2493-220x123.jpg 220w, https:\/\/www.diarioimagen.net\/wp-content\/uploads\/2014\/11\/aldf-2493-237x132.jpg 237w, https:\/\/www.diarioimagen.net\/wp-content\/uploads\/2014\/11\/aldf-2493.jpg 480w\" sizes=\"auto, (max-width: 240px) 100vw, 240px\" \/><\/a><p id=\"caption-attachment-197835\" class=\"wp-caption-text\">El pleno de la ALDF conoce las propuestas de reformas para desvincular al salario m\u00ednimo de tarifas y multas.<\/p><\/div>\n<p>Con el prop\u00f3sito de desvincular el salario m\u00ednimo de tarifas y multas, hoy se presentar\u00e1n ante el pleno de la Asamblea Legislativa del Distrito Federal (ALDF) los dict\u00e1menes aprobados en Comisiones Unidas para expedir la Ley de Unidad de Cuenta de la ciudad de M\u00e9xico y reformar diversos art\u00edculos de c\u00f3digos y leyes locales.<\/p>\n<p>Los presidentes de las comisiones de Presupuesto y Cuenta P\u00fablica, Esthela Dami\u00e1n Peralta; de Hacienda, H\u00e9ctor Sa\u00fal T\u00e9llez Hern\u00e1ndez; y de Asuntos Laborales y Previsi\u00f3n Social, Jorge Gavi\u00f1o Ambriz, coincidieron en que existe el consenso para que ambos dict\u00e1menes sean aprobados por unanimidad.<\/p>\n<p>Ello, tal y como ocurri\u00f3 en la sesi\u00f3n de Comisiones Unidas la semana pasada, donde prevaleci\u00f3 el entendimiento entre los diversos grupos legislativos.<\/p>\n<p>En un comunicado, aseguraron que \u201clos legisladores de las diferentes fuerzas pol\u00edticas representadas en la Asamblea Legislativa, tendremos motivos m\u00e1s que suficientes para celebrar por la clase trabajadora, por los que menos tienen, por la equidad y la justicia\u201d.<\/p>\n<p>Los diputados de la Asamblea Legislativa del Distrito Federal (ALDF) adelantaron que una vez aprobados por el pleno esos dict\u00e1menes, en el Paquete Econ\u00f3mico de 2015 que el jefe de Gobierno del Distrito Federal enviar\u00e1 a la ALDF, ya estar\u00e1 considerada la sustituci\u00f3n del salario m\u00ednimo por la Unidad de Cuenta de la ciudad de M\u00e9xico.<\/p>\n<p>Adem\u00e1s, precisaron que los art\u00edculos relacionados con la materia electoral, entrar\u00e1n en vigor al d\u00eda siguiente de que concluyan los comicios de 2015 en la capital del pa\u00eds.<\/p>\n<p>Tambi\u00e9n resaltaron que las reformas no se aplicar\u00e1n de manera retroactiva en perjuicio de ninguna persona, respecto de las sanciones y multas administrativas, conceptos de pago, montos de referencia y dem\u00e1s supuestos normativos que se hayan generado o impuesto de manera previa a la entrada en vigor del decreto.<\/p>\n<p>Indicaron que las referencias que se hagan del salario m\u00ednimo en las normas locales vigentes, incluso en aquellas pendientes de publicar o de entrar en vigor, se entender\u00e1n hechas a la Unidad de Cuenta de la ciudad de M\u00e9xico, a partir de la entrada en vigor del decreto que apruebe el pleno.<\/p>\n","protected":false},"excerpt":{"rendered":"<p>Con el prop\u00f3sito de desvincular el salario m\u00ednimo de tarifas y multas, hoy se presentar\u00e1n ante el pleno de la Asamblea Legislativa del Distrito Federal (ALDF) los dict\u00e1menes aprobados en Comisiones Unidas para expedir la Ley de Unidad de Cuenta de la ciudad de M\u00e9xico y reformar diversos art\u00edculos de c\u00f3digos y leyes locales.<\/p>\n","protected":false},"author":3,"featured_media":197835,"comment_status":"open","ping_status":"open","sticky":false,"template":"","format":"standard","meta":{"_monsterinsights_skip_tracking":false,"_monsterinsights_sitenote_active":false,"_monsterinsights_sitenote_note":"","_monsterinsights_sitenote_category":0,"footnotes":""},"categories":[6],"tags":[210,204,34973],"class_list":["post-197761","post","type-post","status-publish","format-standard","has-post-thumbnail","hentry","category-cd-de-mexico","tag-aldf","tag-ciudad-de-mexico","tag-minisalario"],"_links":{"self":[{"href":"https:\/\/www.diarioimagen.net\/index.php?rest_route=\/wp\/v2\/posts\/197761","targetHints":{"allow":["GET"]}}],"collection":[{"href":"https:\/\/www.diarioimagen.net\/index.php?rest_route=\/wp\/v2\/posts"}],"about":[{"href":"https:\/\/www.diarioimagen.net\/index.php?rest_route=\/wp\/v2\/types\/post"}],"author":[{"embeddable":true,"href":"https:\/\/www.diarioimagen.net\/index.php?rest_route=\/wp\/v2\/users\/3"}],"replies":[{"embeddable":true,"href":"https:\/\/www.diarioimagen.net\/index.php?rest_route=%2Fwp%2Fv2%2Fcomments&post=197761"}],"version-history":[{"count":0,"href":"https:\/\/www.diarioimagen.net\/index.php?rest_route=\/wp\/v2\/posts\/197761\/revisions"}],"wp:featuredmedia":[{"embeddable":true,"href":"https:\/\/www.diarioimagen.net\/index.php?rest_route=\/wp\/v2\/media\/197835"}],"wp:attachment":[{"href":"https:\/\/www.diarioimagen.net\/index.php?rest_route=%2Fwp%2Fv2%2Fmedia&parent=197761"}],"wp:term":[{"taxonomy":"category","embeddable":true,"href":"https:\/\/www.diarioimagen.net\/index.php?rest_route=%2Fwp%2Fv2%2Fcategories&post=197761"},{"taxonomy":"post_tag","embeddable":true,"href":"https:\/\/www.diarioimagen.net\/index.php?rest_route=%2Fwp%2Fv2%2Ftags&post=197761"}],"curies":[{"name":"wp","href":"https:\/\/api.w.org\/{rel}","templated":true}]}}