{"id":197786,"date":"2014-11-25T00:04:48","date_gmt":"2014-11-25T06:04:48","guid":{"rendered":"http:\/\/www.diarioimagen.net\/?p=197786"},"modified":"2014-11-25T03:21:59","modified_gmt":"2014-11-25T09:21:59","slug":"vuelca-autobus-en-oaxaca-8-muertos","status":"publish","type":"post","link":"https:\/\/www.diarioimagen.net\/?p=197786","title":{"rendered":"Vuelca autob\u00fas en Oaxaca; 8 muertos"},"content":{"rendered":"<ul>\n<li><strong><em>Heridas, 30 personas m\u00e1s<\/em><\/strong><\/li>\n<\/ul>\n<div id=\"attachment_197846\" style=\"width: 250px\" class=\"wp-caption alignleft\"><a href=\"http:\/\/www.diarioimagen.net\/?attachment_id=197846\" rel=\"attachment wp-att-197846\"><img loading=\"lazy\" decoding=\"async\" aria-describedby=\"caption-attachment-197846\" class=\"size-medium wp-image-197846\" src=\"http:\/\/www.diarioimagen.net\/wp-content\/uploads\/2014\/11\/seguridad-2493-240x180.jpg\" alt=\"La volcadura de este autob\u00fas, al parecer se debi\u00f3 al exceso de velocidad con el que era conducido.\" width=\"240\" height=\"180\" srcset=\"https:\/\/www.diarioimagen.net\/wp-content\/uploads\/2014\/11\/seguridad-2493-240x180.jpg 240w, https:\/\/www.diarioimagen.net\/wp-content\/uploads\/2014\/11\/seguridad-2493-420x315.jpg 420w, https:\/\/www.diarioimagen.net\/wp-content\/uploads\/2014\/11\/seguridad-2493.jpg 700w\" sizes=\"auto, (max-width: 240px) 100vw, 240px\" \/><\/a><p id=\"caption-attachment-197846\" class=\"wp-caption-text\">La volcadura de este autob\u00fas, al parecer se debi\u00f3 al exceso de velocidad con el que era conducido.<\/p><\/div>\n<p><strong>Oaxaca, Oax<\/strong>.- La volcadura de un autob\u00fas de la l\u00ednea Yosond\u00faa sobre la carretera estatal que conduce a Santo Domingo Yanhuitl\u00e1n dej\u00f3 un saldo de ocho personas muertas y 30 m\u00e1s lesionadas, informaron autoridades policiacas.<\/p>\n<p>El accidente ocurri\u00f3 alrededor de las dos de la madrugada a unos 500 metros de la autopista de cuota Cuacnopalan-Oaxaca, donde la Polic\u00eda Federal report\u00f3 el accidente al Instituto Estatal de Protecci\u00f3n Civil, en la regi\u00f3n.<\/p>\n<p>La Procuradur\u00eda General de Justicia de Oaxaca identific\u00f3 a siete de las ocho personas que fallecieron.<\/p>\n<p>La dependencia inform\u00f3 que hay una persona que permanece en calidad de desconocida, mientras ya se identific\u00f3 a Rogelio Gonz\u00e1lez Campos, Agustina Santiago Fern\u00e1ndez y Fernando Santos Guzm\u00e1n.<\/p>\n<p>Adem\u00e1s de Alfredo Gonz\u00e1lez P\u00e9rez, Juan V\u00e1squez Concha, Adelina Guzm\u00e1n Carillo y Alberta Balvina Cort\u00e9s Bautista.<\/p>\n<p>En el lugar del percance se supo en un primer momento que perdieron la vida seis personas: dos mujeres y cuatro hombres. M\u00e1s tarde, durante la remoci\u00f3n de escombros, se encontraron los cuerpos de una mujer y un ni\u00f1o.<\/p>\n<p>Las v\u00edctimas quedaron a disposici\u00f3n del agente del Ministerio P\u00fablico y del m\u00e9dico legista, quienes iniciaron las investigaciones.<\/p>\n","protected":false},"excerpt":{"rendered":"<p>La volcadura de un autob\u00fas de la l\u00ednea Yosond\u00faa sobre la carretera estatal que conduce a Santo Domingo Yanhuitl\u00e1n dej\u00f3 un saldo de ocho personas muertas y 30 m\u00e1s lesionadas, informaron autoridades policiacas.<\/p>\n","protected":false},"author":3,"featured_media":197846,"comment_status":"open","ping_status":"open","sticky":false,"template":"","format":"standard","meta":{"_monsterinsights_skip_tracking":false,"_monsterinsights_sitenote_active":false,"_monsterinsights_sitenote_note":"","_monsterinsights_sitenote_category":0,"footnotes":""},"categories":[7],"tags":[11362,2135,491,43677,13021],"class_list":["post-197786","post","type-post","status-publish","format-standard","has-post-thumbnail","hentry","category-seguridad","tag-autobus","tag-muertos","tag-oaxaca","tag-seguridad","tag-volcadura"],"_links":{"self":[{"href":"https:\/\/www.diarioimagen.net\/index.php?rest_route=\/wp\/v2\/posts\/197786","targetHints":{"allow":["GET"]}}],"collection":[{"href":"https:\/\/www.diarioimagen.net\/index.php?rest_route=\/wp\/v2\/posts"}],"about":[{"href":"https:\/\/www.diarioimagen.net\/index.php?rest_route=\/wp\/v2\/types\/post"}],"author":[{"embeddable":true,"href":"https:\/\/www.diarioimagen.net\/index.php?rest_route=\/wp\/v2\/users\/3"}],"replies":[{"embeddable":true,"href":"https:\/\/www.diarioimagen.net\/index.php?rest_route=%2Fwp%2Fv2%2Fcomments&post=197786"}],"version-history":[{"count":0,"href":"https:\/\/www.diarioimagen.net\/index.php?rest_route=\/wp\/v2\/posts\/197786\/revisions"}],"wp:featuredmedia":[{"embeddable":true,"href":"https:\/\/www.diarioimagen.net\/index.php?rest_route=\/wp\/v2\/media\/197846"}],"wp:attachment":[{"href":"https:\/\/www.diarioimagen.net\/index.php?rest_route=%2Fwp%2Fv2%2Fmedia&parent=197786"}],"wp:term":[{"taxonomy":"category","embeddable":true,"href":"https:\/\/www.diarioimagen.net\/index.php?rest_route=%2Fwp%2Fv2%2Fcategories&post=197786"},{"taxonomy":"post_tag","embeddable":true,"href":"https:\/\/www.diarioimagen.net\/index.php?rest_route=%2Fwp%2Fv2%2Ftags&post=197786"}],"curies":[{"name":"wp","href":"https:\/\/api.w.org\/{rel}","templated":true}]}}