{"id":197864,"date":"2014-11-25T12:27:45","date_gmt":"2014-11-25T18:27:45","guid":{"rendered":"http:\/\/www.diarioimagen.net\/?p=197864"},"modified":"2014-11-26T04:26:00","modified_gmt":"2014-11-26T10:26:00","slug":"recuperan-en-minutos-camioneta-de-la-marina-robada-en-la-mexico-puebla","status":"publish","type":"post","link":"https:\/\/www.diarioimagen.net\/?p=197864","title":{"rendered":"Recuperan en minutos camioneta de la Marina robada en la M\u00e9xico-Puebla"},"content":{"rendered":"<ul>\n<li><em><strong>Los delincuentes hurta\u200bron el veh\u00edculo oficial sobre la autopista y\u200b lo abandonaron en calles del municipio de Valle de Chalco<\/strong><\/em><\/li>\n<\/ul>\n<div id=\"attachment_197865\" style=\"width: 250px\" class=\"wp-caption alignleft\"><img loading=\"lazy\" decoding=\"async\" aria-describedby=\"caption-attachment-197865\" class=\"size-medium wp-image-197865\" src=\"http:\/\/www.diarioimagen.net\/wp-content\/uploads\/2014\/11\/CAMIONETA-portal-240x135.jpg\" alt=\"Los hechos se registraron alrededor de las 8:30 horas, y el veh\u00edculo fue hallado media hora despu\u00e9s en calles del municipio de Valle de Chalco.\" width=\"240\" height=\"135\" srcset=\"https:\/\/www.diarioimagen.net\/wp-content\/uploads\/2014\/11\/CAMIONETA-portal-240x135.jpg 240w, https:\/\/www.diarioimagen.net\/wp-content\/uploads\/2014\/11\/CAMIONETA-portal-420x236.jpg 420w, https:\/\/www.diarioimagen.net\/wp-content\/uploads\/2014\/11\/CAMIONETA-portal-235x132.jpg 235w, https:\/\/www.diarioimagen.net\/wp-content\/uploads\/2014\/11\/CAMIONETA-portal-202x114.jpg 202w, https:\/\/www.diarioimagen.net\/wp-content\/uploads\/2014\/11\/CAMIONETA-portal-350x196.jpg 350w, https:\/\/www.diarioimagen.net\/wp-content\/uploads\/2014\/11\/CAMIONETA-portal-220x123.jpg 220w, https:\/\/www.diarioimagen.net\/wp-content\/uploads\/2014\/11\/CAMIONETA-portal-237x132.jpg 237w, https:\/\/www.diarioimagen.net\/wp-content\/uploads\/2014\/11\/CAMIONETA-portal.jpg 480w\" sizes=\"auto, (max-width: 240px) 100vw, 240px\" \/><p id=\"caption-attachment-197865\" class=\"wp-caption-text\">Los hechos se registraron alrededor de las 8:30 horas, y el veh\u00edculo fue hallado media hora despu\u00e9s en calles del municipio de Valle de Chalco.<\/p><\/div>\n<p>Una camioneta 3500 Chrysler, color blanca con placas 1021, de la Secretar\u00eda de Marina, fue robada sobre la autopista M\u00e9xico-Puebla.<\/p>\n<p>Los hechos desataron un intenso operativo de b\u00fasqueda encabezado militares en conjunto con Seguridad P\u00fablica municipal, estatal y Polic\u00eda Federal\u200b. Al dispositivo se sum\u00f3 un helic\u00f3ptero que aterriz\u00f3 en la autopista M\u00e9xico-Puebla a la altura del cerro del Elefante.<\/p>\n<p>Los hechos se registraron alrededor de las 8:30 horas, y el veh\u00edculo fue hallado media hora despu\u00e9s en calles del municipio de Valle de Chalco.<\/p>\n","protected":false},"excerpt":{"rendered":"<p>Una camioneta 3500 Chrysler, color blanca con placas 1021, de la Secretar\u00eda de Marina, fue robada sobre la autopista M\u00e9xico-Puebla.<\/p>\n","protected":false},"author":5,"featured_media":197865,"comment_status":"open","ping_status":"open","sticky":false,"template":"","format":"standard","meta":{"_monsterinsights_skip_tracking":false,"_monsterinsights_sitenote_active":false,"_monsterinsights_sitenote_note":"","_monsterinsights_sitenote_category":0,"footnotes":""},"categories":[7],"tags":[2367,6499,968],"class_list":["post-197864","post","type-post","status-publish","format-standard","has-post-thumbnail","hentry","category-seguridad","tag-mexico-puebla","tag-secretaria-de-marina","tag-valle-de-chalco"],"_links":{"self":[{"href":"https:\/\/www.diarioimagen.net\/index.php?rest_route=\/wp\/v2\/posts\/197864","targetHints":{"allow":["GET"]}}],"collection":[{"href":"https:\/\/www.diarioimagen.net\/index.php?rest_route=\/wp\/v2\/posts"}],"about":[{"href":"https:\/\/www.diarioimagen.net\/index.php?rest_route=\/wp\/v2\/types\/post"}],"author":[{"embeddable":true,"href":"https:\/\/www.diarioimagen.net\/index.php?rest_route=\/wp\/v2\/users\/5"}],"replies":[{"embeddable":true,"href":"https:\/\/www.diarioimagen.net\/index.php?rest_route=%2Fwp%2Fv2%2Fcomments&post=197864"}],"version-history":[{"count":0,"href":"https:\/\/www.diarioimagen.net\/index.php?rest_route=\/wp\/v2\/posts\/197864\/revisions"}],"wp:featuredmedia":[{"embeddable":true,"href":"https:\/\/www.diarioimagen.net\/index.php?rest_route=\/wp\/v2\/media\/197865"}],"wp:attachment":[{"href":"https:\/\/www.diarioimagen.net\/index.php?rest_route=%2Fwp%2Fv2%2Fmedia&parent=197864"}],"wp:term":[{"taxonomy":"category","embeddable":true,"href":"https:\/\/www.diarioimagen.net\/index.php?rest_route=%2Fwp%2Fv2%2Fcategories&post=197864"},{"taxonomy":"post_tag","embeddable":true,"href":"https:\/\/www.diarioimagen.net\/index.php?rest_route=%2Fwp%2Fv2%2Ftags&post=197864"}],"curies":[{"name":"wp","href":"https:\/\/api.w.org\/{rel}","templated":true}]}}