{"id":197867,"date":"2014-11-25T12:30:11","date_gmt":"2014-11-25T18:30:11","guid":{"rendered":"http:\/\/www.diarioimagen.net\/?p=197867"},"modified":"2014-11-26T04:26:07","modified_gmt":"2014-11-26T10:26:07","slug":"peritos-argentinos-identifican-3-cuerpos-mas-pero-no-son-de-normalistas","status":"publish","type":"post","link":"https:\/\/www.diarioimagen.net\/?p=197867","title":{"rendered":"Peritos argentinos identifican 3 cuerpos m\u00e1s, pero no son de normalistas"},"content":{"rendered":"<ul>\n<li><em><strong>Aseguran que los restos, encontrados en la zona de Pueblo Viejo, pertenecen a \u201ctres personas desaparecidas en Iguala en meses pasados\u201d<\/strong><\/em><\/li>\n<\/ul>\n<div id=\"attachment_197868\" style=\"width: 250px\" class=\"wp-caption alignleft\"><img loading=\"lazy\" decoding=\"async\" aria-describedby=\"caption-attachment-197868\" class=\"size-medium wp-image-197868\" src=\"http:\/\/www.diarioimagen.net\/wp-content\/uploads\/2014\/11\/PERITOS-portal-240x135.jpg\" alt=\"\u201cEl laboratorio de Innsbruck est\u00e1 ahora estudiando las muestras\u201d, pero debido a \u201cla dificultad de esta labor no se puede precisar plazos en este momento para la obtenci\u00f3n de resultados\u201d, apunt\u00f3.\" width=\"240\" height=\"135\" srcset=\"https:\/\/www.diarioimagen.net\/wp-content\/uploads\/2014\/11\/PERITOS-portal-240x135.jpg 240w, https:\/\/www.diarioimagen.net\/wp-content\/uploads\/2014\/11\/PERITOS-portal-420x236.jpg 420w, https:\/\/www.diarioimagen.net\/wp-content\/uploads\/2014\/11\/PERITOS-portal-235x132.jpg 235w, https:\/\/www.diarioimagen.net\/wp-content\/uploads\/2014\/11\/PERITOS-portal-202x114.jpg 202w, https:\/\/www.diarioimagen.net\/wp-content\/uploads\/2014\/11\/PERITOS-portal-350x196.jpg 350w, https:\/\/www.diarioimagen.net\/wp-content\/uploads\/2014\/11\/PERITOS-portal-220x123.jpg 220w, https:\/\/www.diarioimagen.net\/wp-content\/uploads\/2014\/11\/PERITOS-portal-237x132.jpg 237w, https:\/\/www.diarioimagen.net\/wp-content\/uploads\/2014\/11\/PERITOS-portal.jpg 480w\" sizes=\"auto, (max-width: 240px) 100vw, 240px\" \/><p id=\"caption-attachment-197868\" class=\"wp-caption-text\">\u201cEl laboratorio de Innsbruck est\u00e1 ahora estudiando las muestras\u201d, pero debido a \u201cla dificultad de esta labor no se puede precisar plazos en este momento para la obtenci\u00f3n de resultados\u201d, apunt\u00f3.<\/p><\/div>\n<p>El Equipo Argentino de Antropolog\u00eda Forense (EAAF) anunci\u00f3 que identific\u00f3 tres cuerpos m\u00e1s hallados en fosas en el estado de Guerrero, pero ninguno corresponde a los 43 estudiantes desaparecidos el 26 de septiembre pasado en Iguala.<\/p>\n<p>El EAAF, que participa en las pesquisas sobre la desaparici\u00f3n de los 43 alumnos de la rural de Ayotzinapa a petici\u00f3n de los familiares, indic\u00f3 en un comunicado que estos restos, encontrados en la zona de Pueblo Viejo, pertenecen a \u201ctres personas desaparecidas en Iguala en meses pasados\u201d.<\/p>\n<p>Las familias de estas tres personas identificadas ya han sido informadas por el EAAF y por su representante legal, el Centro Regional de Derechos Humanos Jos\u00e9 Mar\u00eda Morelos\u201d, se\u00f1al\u00f3.<\/p>\n<p>Los expertos dijeron que siguen trabajando en el examen de los restos y evidencia recogida en Pueblo Viejo, en la zona conocida como La Parota, as\u00ed como en el R\u00edo San Juan y el basurero del municipio de Cocula, vecino a Iguala.<\/p>\n<p>El EAAF anunci\u00f3 el 11 de noviembre pasado los resultados de las primeras pruebas gen\u00e9ticas realizadas a 24 de los 30 restos hallados en Pueblo Viejo, los cuales tambi\u00e9n mostraron que no hay parentesco biol\u00f3gico con los 43 desaparecidos.<\/p>\n<p>A\u00fan faltan por identificar tres de los cuerpos encontrados en Pueblo Viejo y nueve m\u00e1s en La Parota o Cerro de Lomas de Zapatero, en Iguala.<\/p>\n<p>Sobre los restos hallados en la vera del r\u00edo y el basurero donde presuntamente fueron asesinados e incinerados los j\u00f3venes, el EAAF indic\u00f3 que entre el 13 y el 17 de noviembre fueron entregados al laboratorio de la Universidad de Medicina de Innsbruck (Austria).<\/p>\n<p>Un perito del EAAF, miembros de la Secretar\u00eda de Relaciones Exteriores y de la Procuradur\u00eda General de la Rep\u00fablica (PGR) se encargaron de hacer la entrega de las muestras.<\/p>\n<p>\u201cEste laboratorio fue sugerido por el EAAF a la PGR, ya que es uno de los que cuentan con mayor capacidad y experiencia reconocida a nivel mundial para casos de restos severamente deteriorados\u201d, explic\u00f3 el grupo.<\/p>\n<p>Se\u00f1al\u00f3 que el 17 de noviembre se firm\u00f3 un acuerdo que garantiza la confidencialidad de los datos y especifica que el equipo argentino tiene acceso a procedimientos y resultados obtenidos de las muestras enviadas al mismo tiempo que la PGR.<\/p>\n","protected":false},"excerpt":{"rendered":"<p>El Equipo Argentino de Antropolog\u00eda Forense (EAAF) anunci\u00f3 que identific\u00f3 tres cuerpos m\u00e1s hallados en fosas en el estado de Guerrero, pero ninguno corresponde a los 43 estudiantes desaparecidos el 26 de septiembre pasado en Iguala.<\/p>\n","protected":false},"author":5,"featured_media":197868,"comment_status":"open","ping_status":"open","sticky":false,"template":"","format":"standard","meta":{"_monsterinsights_skip_tracking":false,"_monsterinsights_sitenote_active":false,"_monsterinsights_sitenote_note":"","_monsterinsights_sitenote_category":0,"footnotes":""},"categories":[25512],"tags":[21373],"class_list":["post-197867","post","type-post","status-publish","format-standard","has-post-thumbnail","hentry","category-nacional-nacional","tag-normalistas"],"_links":{"self":[{"href":"https:\/\/www.diarioimagen.net\/index.php?rest_route=\/wp\/v2\/posts\/197867","targetHints":{"allow":["GET"]}}],"collection":[{"href":"https:\/\/www.diarioimagen.net\/index.php?rest_route=\/wp\/v2\/posts"}],"about":[{"href":"https:\/\/www.diarioimagen.net\/index.php?rest_route=\/wp\/v2\/types\/post"}],"author":[{"embeddable":true,"href":"https:\/\/www.diarioimagen.net\/index.php?rest_route=\/wp\/v2\/users\/5"}],"replies":[{"embeddable":true,"href":"https:\/\/www.diarioimagen.net\/index.php?rest_route=%2Fwp%2Fv2%2Fcomments&post=197867"}],"version-history":[{"count":0,"href":"https:\/\/www.diarioimagen.net\/index.php?rest_route=\/wp\/v2\/posts\/197867\/revisions"}],"wp:featuredmedia":[{"embeddable":true,"href":"https:\/\/www.diarioimagen.net\/index.php?rest_route=\/wp\/v2\/media\/197868"}],"wp:attachment":[{"href":"https:\/\/www.diarioimagen.net\/index.php?rest_route=%2Fwp%2Fv2%2Fmedia&parent=197867"}],"wp:term":[{"taxonomy":"category","embeddable":true,"href":"https:\/\/www.diarioimagen.net\/index.php?rest_route=%2Fwp%2Fv2%2Fcategories&post=197867"},{"taxonomy":"post_tag","embeddable":true,"href":"https:\/\/www.diarioimagen.net\/index.php?rest_route=%2Fwp%2Fv2%2Ftags&post=197867"}],"curies":[{"name":"wp","href":"https:\/\/api.w.org\/{rel}","templated":true}]}}