{"id":197908,"date":"2014-11-26T00:06:41","date_gmt":"2014-11-26T06:06:41","guid":{"rendered":"http:\/\/www.diarioimagen.net\/?p=197908"},"modified":"2014-11-27T04:38:05","modified_gmt":"2014-11-27T10:38:05","slug":"eruviel-avila-llama-a-una-cruzada-contra-la-violencia-hacia-la-mujer","status":"publish","type":"post","link":"https:\/\/www.diarioimagen.net\/?p=197908","title":{"rendered":"Eruviel \u00c1vila llama a una cruzada contra la violencia hacia la mujer"},"content":{"rendered":"<ul>\n<li><strong><em>El gobernador mexiquense entreg\u00f3 diversos apoyos a poco m\u00e1s de 4 mil personas del sexo femenino que habitan el municipio de Chalco<\/em><\/strong><\/li>\n<\/ul>\n<div id=\"attachment_197977\" style=\"width: 250px\" class=\"wp-caption alignleft\"><a href=\"http:\/\/www.diarioimagen.net\/?attachment_id=197977\" rel=\"attachment wp-att-197977\"><img loading=\"lazy\" decoding=\"async\" aria-describedby=\"caption-attachment-197977\" class=\"size-medium wp-image-197977\" src=\"http:\/\/www.diarioimagen.net\/wp-content\/uploads\/2014\/11\/eruviel-2494-240x135.jpg\" alt=\"El gobernador del Estado de M\u00e9xico, Eruviel \u00c1vila Villegas, hizo un llamado para que sociedad y gobierno realicen una cruzada para prevenir y sancionar la violencia contra la mujer y destac\u00f3 que la administraci\u00f3n estatal est\u00e1 en alerta permanente para sancionar a los agresores y brinda apoyos para el desarrollo del sector femenil de la poblaci\u00f3n mediante programas dise\u00f1ados especialmente para ellas.\" width=\"240\" height=\"135\" srcset=\"https:\/\/www.diarioimagen.net\/wp-content\/uploads\/2014\/11\/eruviel-2494-240x135.jpg 240w, https:\/\/www.diarioimagen.net\/wp-content\/uploads\/2014\/11\/eruviel-2494-420x236.jpg 420w, https:\/\/www.diarioimagen.net\/wp-content\/uploads\/2014\/11\/eruviel-2494-480x270.jpg 480w, https:\/\/www.diarioimagen.net\/wp-content\/uploads\/2014\/11\/eruviel-2494-235x132.jpg 235w, https:\/\/www.diarioimagen.net\/wp-content\/uploads\/2014\/11\/eruviel-2494-202x114.jpg 202w, https:\/\/www.diarioimagen.net\/wp-content\/uploads\/2014\/11\/eruviel-2494-350x196.jpg 350w, https:\/\/www.diarioimagen.net\/wp-content\/uploads\/2014\/11\/eruviel-2494-220x123.jpg 220w, https:\/\/www.diarioimagen.net\/wp-content\/uploads\/2014\/11\/eruviel-2494-237x132.jpg 237w, https:\/\/www.diarioimagen.net\/wp-content\/uploads\/2014\/11\/eruviel-2494.jpg 1200w\" sizes=\"auto, (max-width: 240px) 100vw, 240px\" \/><\/a><p id=\"caption-attachment-197977\" class=\"wp-caption-text\">El gobernador del Estado de M\u00e9xico, Eruviel \u00c1vila Villegas, hizo un llamado para que sociedad y gobierno realicen una cruzada para prevenir y sancionar la violencia contra la mujer y destac\u00f3 que la administraci\u00f3n estatal est\u00e1 en alerta permanente para sancionar a los agresores y brinda apoyos para el desarrollo del sector femenil de la poblaci\u00f3n mediante programas dise\u00f1ados especialmente para ellas.<\/p><\/div>\n<p><strong>Chalco, Estado de M\u00e9xico<\/strong>.- Al conmemorar el D\u00eda Internacional de la Eliminaci\u00f3n de la Violencia contra la Mujer, el gobernador\u00a0 del Estado de M\u00e9xico, Eruviel \u00c1vila Villegas, hizo un llamado para que sociedad y los gobiernos, lleven a cabo una\u00a0 gran cruzada para prevenir y sancionar la violencia que sufre este sector de la poblaci\u00f3n.<\/p>\n<p>Esto, considerando lo que se\u00f1ala la Organizaci\u00f3n de las Naciones Unidas (ONU),\u00a0 en el sentido de que 70 por ciento de mujeres en el mundo, sufren violencia, y llam\u00f3 a atender este problema desde el n\u00facleo b\u00e1sico de la sociedad, que es la familia.<\/p>\n<p>Por ello, afirm\u00f3, el gobierno del Estado de M\u00e9xico est\u00e1 en alerta permanente, brindando apoyos como las Acciones para la Mujer, que se entregaron este d\u00eda a m\u00e1s de 4 mil f\u00e9minas del municipio de Chalco.<\/p>\n<p>\u201cAs\u00ed es que todos amigas, amigos, en este D\u00eda Internacional hagamos el compromiso de lanzar una cruzada estatal, una cruzada nacional en contra de la violencia de g\u00e9nero y para eliminar la violencia en contra de las mujeres. Porque en el Estado de M\u00e9xico estamos en alerta permanente empoderando a las mujeres, apoyando a las mujeres\u201d, se\u00f1al\u00f3.<\/p>\n<p>En este marco y luego de escuchar\u00a0testimonios de mujeres que han sufrido enfermedades como el c\u00e1ncer, o que han aprendido oficios que antes eran exclusivos para varones, como pegar azulejos o plomer\u00eda, Eruviel \u00c1vila entreg\u00f3 una unidad m\u00f3vil de Atenci\u00f3n a Mujeres en\u00a0 Situaci\u00f3n de Violencia, que es la cuarta en el estado, destinada a llevar a comunidades alejadas servicios psicol\u00f3gicos, jur\u00eddicos y de trabajo social, adem\u00e1s de que tambi\u00e9n se entregar\u00e1n materiales traducidos a su lengua materna, en el caso de las mujeres ind\u00edgenas, en los que se les indiquen sus derechos para no ser v\u00edctimas de violencia.<\/p>\n<p>El titular del Ejecutivo estatal tambi\u00e9n inform\u00f3 que este a\u00f1o se abrir\u00e1 un Centro de Justicia para mujeres en el municipio de Amecameca, con el que sumar\u00e1n tres en el Estado de M\u00e9xico; actualmente funcionan dos en Cuautitl\u00e1n Izcalli y Toluca.<\/p>\n<p>Tambi\u00e9n en coordinaci\u00f3n con el gobierno federal, en 2015 se abrir\u00e1n dos refugios temporales m\u00e1s en Aculco y Ecatepec, adem\u00e1s de los ubicados en Chalco, Toluca, Cuautitl\u00e1n, Nezahualc\u00f3yotl y Jocotitl\u00e1n.<\/p>\n<p>\u201cNo solamente conmemoramos este d\u00eda poni\u00e9ndome la camiseta naranja, que me la pongo con mucho orgullo, sino con acciones, con resultados que el trabajo en equipo, en coordinaci\u00f3n con el gobierno federal, el gobierno estatal y municipal estamos llevando a cabo\u201d.<\/p>\n","protected":false},"excerpt":{"rendered":"<p>Al conmemorar el D\u00eda Internacional de la Eliminaci\u00f3n de la Violencia contra la Mujer, el gobernador  del Estado de M\u00e9xico, Eruviel \u00c1vila Villegas, hizo un llamado para que sociedad y los gobiernos, lleven a cabo una  gran cruzada para prevenir y sancionar la violencia que sufre este sector de la poblaci\u00f3n.<\/p>\n","protected":false},"author":3,"featured_media":197977,"comment_status":"open","ping_status":"open","sticky":false,"template":"","format":"standard","meta":{"_monsterinsights_skip_tracking":false,"_monsterinsights_sitenote_active":false,"_monsterinsights_sitenote_note":"","_monsterinsights_sitenote_category":0,"footnotes":""},"categories":[5],"tags":[541,29253,5828,43675,764],"class_list":["post-197908","post","type-post","status-publish","format-standard","has-post-thumbnail","hentry","category-estado-de-mexico","tag-chalco","tag-dia-internacional-de-la-eliminacion-de-la-violencia-contra-la-mujer","tag-eruviel-avila-villegas","tag-estado-de-mexico","tag-organizacion-de-las-naciones-unidas"],"_links":{"self":[{"href":"https:\/\/www.diarioimagen.net\/index.php?rest_route=\/wp\/v2\/posts\/197908","targetHints":{"allow":["GET"]}}],"collection":[{"href":"https:\/\/www.diarioimagen.net\/index.php?rest_route=\/wp\/v2\/posts"}],"about":[{"href":"https:\/\/www.diarioimagen.net\/index.php?rest_route=\/wp\/v2\/types\/post"}],"author":[{"embeddable":true,"href":"https:\/\/www.diarioimagen.net\/index.php?rest_route=\/wp\/v2\/users\/3"}],"replies":[{"embeddable":true,"href":"https:\/\/www.diarioimagen.net\/index.php?rest_route=%2Fwp%2Fv2%2Fcomments&post=197908"}],"version-history":[{"count":0,"href":"https:\/\/www.diarioimagen.net\/index.php?rest_route=\/wp\/v2\/posts\/197908\/revisions"}],"wp:featuredmedia":[{"embeddable":true,"href":"https:\/\/www.diarioimagen.net\/index.php?rest_route=\/wp\/v2\/media\/197977"}],"wp:attachment":[{"href":"https:\/\/www.diarioimagen.net\/index.php?rest_route=%2Fwp%2Fv2%2Fmedia&parent=197908"}],"wp:term":[{"taxonomy":"category","embeddable":true,"href":"https:\/\/www.diarioimagen.net\/index.php?rest_route=%2Fwp%2Fv2%2Fcategories&post=197908"},{"taxonomy":"post_tag","embeddable":true,"href":"https:\/\/www.diarioimagen.net\/index.php?rest_route=%2Fwp%2Fv2%2Ftags&post=197908"}],"curies":[{"name":"wp","href":"https:\/\/api.w.org\/{rel}","templated":true}]}}