{"id":197910,"date":"2014-11-26T00:13:00","date_gmt":"2014-11-26T06:13:00","guid":{"rendered":"http:\/\/www.diarioimagen.net\/?p=197910"},"modified":"2014-11-26T03:22:35","modified_gmt":"2014-11-26T09:22:35","slug":"respeto-al-sector-femenil","status":"publish","type":"post","link":"https:\/\/www.diarioimagen.net\/?p=197910","title":{"rendered":"Respeto al sector femenil"},"content":{"rendered":"<h2>Arco Norte<\/h2>\n<h5>Jos\u00e9 Luis Monta\u00f1ez Aguilar<\/h5>\n<p>&nbsp;<\/p>\n<div id=\"attachment_197982\" style=\"width: 250px\" class=\"wp-caption alignleft\"><a href=\"http:\/\/www.diarioimagen.net\/?attachment_id=197982\" rel=\"attachment wp-att-197982\"><img loading=\"lazy\" decoding=\"async\" aria-describedby=\"caption-attachment-197982\" class=\"size-medium wp-image-197982\" src=\"http:\/\/www.diarioimagen.net\/wp-content\/uploads\/2014\/11\/arco-2494-240x135.jpg\" alt=\"El gobernador Eruviel \u00c1vila Villegas hizo un llamado para que sociedad y gobierno realicen una cruzada para prevenir y sancionar la violencia contra la mujer, esto, considerando que el 70 por ciento de las f\u00e9minas en el mundo, sufren esta situaci\u00f3n, como lo se\u00f1ala la Organizaci\u00f3n de las Naciones Unidas.\" width=\"240\" height=\"135\" srcset=\"https:\/\/www.diarioimagen.net\/wp-content\/uploads\/2014\/11\/arco-2494-240x135.jpg 240w, https:\/\/www.diarioimagen.net\/wp-content\/uploads\/2014\/11\/arco-2494-420x236.jpg 420w, https:\/\/www.diarioimagen.net\/wp-content\/uploads\/2014\/11\/arco-2494-235x132.jpg 235w, https:\/\/www.diarioimagen.net\/wp-content\/uploads\/2014\/11\/arco-2494-202x114.jpg 202w, https:\/\/www.diarioimagen.net\/wp-content\/uploads\/2014\/11\/arco-2494-350x196.jpg 350w, https:\/\/www.diarioimagen.net\/wp-content\/uploads\/2014\/11\/arco-2494-220x123.jpg 220w, https:\/\/www.diarioimagen.net\/wp-content\/uploads\/2014\/11\/arco-2494-237x132.jpg 237w, https:\/\/www.diarioimagen.net\/wp-content\/uploads\/2014\/11\/arco-2494.jpg 480w\" sizes=\"auto, (max-width: 240px) 100vw, 240px\" \/><\/a><p id=\"caption-attachment-197982\" class=\"wp-caption-text\">El gobernador Eruviel \u00c1vila Villegas hizo un llamado para que sociedad y gobierno realicen una cruzada para prevenir y sancionar la violencia contra la mujer, esto, considerando que el 70 por ciento de las f\u00e9minas en el mundo, sufren esta situaci\u00f3n, como lo se\u00f1ala la Organizaci\u00f3n de las Naciones Unidas.<\/p><\/div>\n<p>Al considerar lo que se\u00f1ala la Organizaci\u00f3n de las Naciones Unidas (ONU), en el sentido de que 70 por ciento de mujeres en el mundo sufren violencia, el gobernador del Estado de M\u00e9xico, Eruviel \u00c1vila Villegas, hizo un llamado para que la sociedad y los gobiernos lleven a cabo una\u00a0gran cruzada para prevenir y sancionar la violencia que sufre este sector de la poblaci\u00f3n. Al conmemorar el D\u00eda Internacional de la Eliminaci\u00f3n de la Violencia contra la Mujer se\u00f1al\u00f3 que el gobierno del Estado de M\u00e9xico est\u00e1 en alerta permanente, brindando apoyos como las Acciones para la Mujer, que se entregaron este d\u00eda a m\u00e1s de 4 mil f\u00e9minas del municipio de Chalco. \u201cAs\u00ed es que todos amigas, amigos, en este D\u00eda Internacional hagamos el compromiso de lanzar una cruzada estatal, una cruzada nacional en contra de la violencia de g\u00e9nero y para eliminar la violencia en contra de las mujeres. Porque en el Estado de M\u00e9xico estamos en alerta permanente empoderando a las mujeres, apoyando a las mujeres\u201d, se\u00f1al\u00f3. En este marco y luego de escuchar\u00a0 testimonios de mujeres que han sufrido enfermedades como el c\u00e1ncer, o que han aprendido oficios que antes eran exclusivos para varones, como pegar azulejos o plomer\u00eda, Eruviel \u00c1vila entreg\u00f3 una unidad m\u00f3vil de Atenci\u00f3n a Mujeres en\u00a0 Situaci\u00f3n de Violencia, que es la cuarta en el estado, destinada a llevar a comunidades alejadas servicios psicol\u00f3gicos, jur\u00eddicos y de trabajo social, adem\u00e1s de que tambi\u00e9n se entregar\u00e1n materiales traducidos a su lengua materna, en el caso de las mujeres ind\u00edgenas, en los que se les indiquen sus derechos para no ser v\u00edctimas de violencia.<\/p>\n<p><em><a href=\"mailto:montanezaguilar@gmail.com\" target=\"_blank\">montanezaguilar@gmail.com<\/a><\/em><\/p>\n","protected":false},"excerpt":{"rendered":"<p><span style=\"color: #005497;\"><strong>Jos\u00e9 Luis Monta\u00f1ez Aguilar<\/strong><\/span><br \/>\n<br \/>\nAl considerar lo que se\u00f1ala la Organizaci\u00f3n de las Naciones Unidas (ONU), en el sentido de que 70 por ciento de mujeres en el mundo sufren violencia, el gobernador del Estado de M\u00e9xico, Eruviel \u00c1vila Villegas, hizo un llamado para que la sociedad y los gobiernos lleven a cabo una gran cruzada para prevenir y sancionar la violencia que sufre este sector de la poblaci\u00f3n. <\/p>\n","protected":false},"author":3,"featured_media":197982,"comment_status":"open","ping_status":"open","sticky":false,"template":"","format":"standard","meta":{"_monsterinsights_skip_tracking":false,"_monsterinsights_sitenote_active":false,"_monsterinsights_sitenote_note":"","_monsterinsights_sitenote_category":0,"footnotes":""},"categories":[5],"tags":[13284,43704,43674],"class_list":["post-197910","post","type-post","status-publish","format-standard","has-post-thumbnail","hentry","category-estado-de-mexico","tag-arco-norte","tag-jose-luis-montanez-aguilar","tag-opinion"],"_links":{"self":[{"href":"https:\/\/www.diarioimagen.net\/index.php?rest_route=\/wp\/v2\/posts\/197910","targetHints":{"allow":["GET"]}}],"collection":[{"href":"https:\/\/www.diarioimagen.net\/index.php?rest_route=\/wp\/v2\/posts"}],"about":[{"href":"https:\/\/www.diarioimagen.net\/index.php?rest_route=\/wp\/v2\/types\/post"}],"author":[{"embeddable":true,"href":"https:\/\/www.diarioimagen.net\/index.php?rest_route=\/wp\/v2\/users\/3"}],"replies":[{"embeddable":true,"href":"https:\/\/www.diarioimagen.net\/index.php?rest_route=%2Fwp%2Fv2%2Fcomments&post=197910"}],"version-history":[{"count":0,"href":"https:\/\/www.diarioimagen.net\/index.php?rest_route=\/wp\/v2\/posts\/197910\/revisions"}],"wp:featuredmedia":[{"embeddable":true,"href":"https:\/\/www.diarioimagen.net\/index.php?rest_route=\/wp\/v2\/media\/197982"}],"wp:attachment":[{"href":"https:\/\/www.diarioimagen.net\/index.php?rest_route=%2Fwp%2Fv2%2Fmedia&parent=197910"}],"wp:term":[{"taxonomy":"category","embeddable":true,"href":"https:\/\/www.diarioimagen.net\/index.php?rest_route=%2Fwp%2Fv2%2Fcategories&post=197910"},{"taxonomy":"post_tag","embeddable":true,"href":"https:\/\/www.diarioimagen.net\/index.php?rest_route=%2Fwp%2Fv2%2Ftags&post=197910"}],"curies":[{"name":"wp","href":"https:\/\/api.w.org\/{rel}","templated":true}]}}