{"id":197918,"date":"2014-11-26T00:04:10","date_gmt":"2014-11-26T06:04:10","guid":{"rendered":"http:\/\/www.diarioimagen.net\/?p=197918"},"modified":"2014-11-27T04:37:58","modified_gmt":"2014-11-27T10:37:58","slug":"forenses-argentinos-identifican-restos-de-pueblo-viejo-guerrero","status":"publish","type":"post","link":"https:\/\/www.diarioimagen.net\/?p=197918","title":{"rendered":"Forenses argentinos identifican restos de Pueblo Viejo, Guerrero"},"content":{"rendered":"<ul>\n<li><strong><em>Llegan peritos de PGR a Iguala para analizar contenido de diez fosas clandestinas<\/em><\/strong><\/li>\n<\/ul>\n<div id=\"attachment_197868\" style=\"width: 250px\" class=\"wp-caption alignleft\"><a href=\"http:\/\/www.diarioimagen.net\/?attachment_id=197868\" rel=\"attachment wp-att-197868\"><img loading=\"lazy\" decoding=\"async\" aria-describedby=\"caption-attachment-197868\" class=\"size-medium wp-image-197868\" src=\"http:\/\/www.diarioimagen.net\/wp-content\/uploads\/2014\/11\/PERITOS-portal-240x135.jpg\" alt=\"Estas fosas clandestinas han sido cavadas por el propio crimen organizado, como distractor de las autoridades que investigan el paradero de los normalistas de Ayotzinapa.\" width=\"240\" height=\"135\" srcset=\"https:\/\/www.diarioimagen.net\/wp-content\/uploads\/2014\/11\/PERITOS-portal-240x135.jpg 240w, https:\/\/www.diarioimagen.net\/wp-content\/uploads\/2014\/11\/PERITOS-portal-420x236.jpg 420w, https:\/\/www.diarioimagen.net\/wp-content\/uploads\/2014\/11\/PERITOS-portal-235x132.jpg 235w, https:\/\/www.diarioimagen.net\/wp-content\/uploads\/2014\/11\/PERITOS-portal-202x114.jpg 202w, https:\/\/www.diarioimagen.net\/wp-content\/uploads\/2014\/11\/PERITOS-portal-350x196.jpg 350w, https:\/\/www.diarioimagen.net\/wp-content\/uploads\/2014\/11\/PERITOS-portal-220x123.jpg 220w, https:\/\/www.diarioimagen.net\/wp-content\/uploads\/2014\/11\/PERITOS-portal-237x132.jpg 237w, https:\/\/www.diarioimagen.net\/wp-content\/uploads\/2014\/11\/PERITOS-portal.jpg 480w\" sizes=\"auto, (max-width: 240px) 100vw, 240px\" \/><\/a><p id=\"caption-attachment-197868\" class=\"wp-caption-text\">Estas fosas clandestinas han sido cavadas por el propio crimen organizado, como distractor de las autoridades que investigan el paradero de los normalistas de Ayotzinapa.<\/p><\/div>\n<p>El Equipo Argentino de Antropolog\u00eda Forense (EAAF) inform\u00f3 que logr\u00f3 identificar a tres de los 30 cuerpos humanos recuperados de fosas en cerro Pueblo Viejo, en Guerrero. Afirm\u00f3 que ninguno pertenece a los 43 normalistas desaparecidos.<\/p>\n<p>Los peritos argentinos dijeron que en las fosas de Pueblo Viejo se identificaron a tres personas desaparecidas en Iguala en meses pasados, que se suman a las cuatro identificaciones que anunci\u00f3 el procurador Jes\u00fas Murillo Karam el 31 de octubre.<\/p>\n<p>En un comunicado informaron que \u201clas familias de estas tres personas identificadas ya han sido informadas\u201d y que entregaron al \u201cMinisterio P\u00fablico los dict\u00e1menes correspondientes\u201d.<\/p>\n<p>El EAAF dijo que contin\u00faa trabajando en ex\u00e1menes de restos y evidencia recogida en cerro Pueblo Viejo, los sitios de Cocula (basurero y restos hallados a la margen de r\u00edo San Juan) y el sitio conocido como La Parota o Lomas del Zapatero, todo ello en Guerrero.<\/p>\n<p>Sobre el caso de desaparici\u00f3n de normalistas de Ayotzinapa, informaron que entre el 13 y el 17 de noviembre de 2014, un perito del EAAF, junto con miembros de la canciller\u00eda y de la PGR, \u201cacompa\u00f1\u00f3 el traslado y la entrega de una selecci\u00f3n de muestras \u00f3seas provenientes del basurero y vera del r\u00edo de la localidad de Cocula, Guerrero, al laboratorio del Instituto de Medicina Forense de la Universidad de Medicina de Innsbruck en Austria\u201d.<\/p>\n<p>Tambi\u00e9n informaron que el 17 de noviembre firmaron un acuerdo con el laboratorio de Innsbruck y la PGR que especifica que el EAAF \u201caccede a procedimientos y resultados obtenidos de las muestras enviadas al mismo tiempo que la PGR\u201d.<\/p>\n<p>\u201cEl laboratorio de Innsbruck est\u00e1 ahora estudiando las muestras. Sin embargo, a causa de la dificultad de esta labor no se puede precisar plazos en este momento para la obtenci\u00f3n de resultados\u201d.<\/p>\n<p>En tanto, personal de la Procuradur\u00eda General de la Rep\u00fablica lleg\u00f3 a Iguala para recuperar los restos humanos que fueron encontrados en 10 fosas clandestinas por familiares de personas desaparecidas y polic\u00edas comunitarios de la Uni\u00f3n de Pueblos y Organizaciones del Estado de Guerrero.<\/p>\n","protected":false},"excerpt":{"rendered":"<p>El Equipo Argentino de Antropolog\u00eda Forense (EAAF) inform\u00f3 que logr\u00f3 identificar a tres de los 30 cuerpos humanos recuperados de fosas en cerro Pueblo Viejo, en Guerrero. Afirm\u00f3 que ninguno pertenece a los 43 normalistas desaparecidos.<\/p>\n","protected":false},"author":3,"featured_media":197868,"comment_status":"open","ping_status":"open","sticky":false,"template":"","format":"standard","meta":{"_monsterinsights_skip_tracking":false,"_monsterinsights_sitenote_active":false,"_monsterinsights_sitenote_note":"","_monsterinsights_sitenote_category":0,"footnotes":""},"categories":[3],"tags":[121,13385,3244,44,43673],"class_list":["post-197918","post","type-post","status-publish","format-standard","has-post-thumbnail","hentry","category-nacional","tag-argentina","tag-cuerpos","tag-guerrero","tag-mexico","tag-nacional"],"_links":{"self":[{"href":"https:\/\/www.diarioimagen.net\/index.php?rest_route=\/wp\/v2\/posts\/197918","targetHints":{"allow":["GET"]}}],"collection":[{"href":"https:\/\/www.diarioimagen.net\/index.php?rest_route=\/wp\/v2\/posts"}],"about":[{"href":"https:\/\/www.diarioimagen.net\/index.php?rest_route=\/wp\/v2\/types\/post"}],"author":[{"embeddable":true,"href":"https:\/\/www.diarioimagen.net\/index.php?rest_route=\/wp\/v2\/users\/3"}],"replies":[{"embeddable":true,"href":"https:\/\/www.diarioimagen.net\/index.php?rest_route=%2Fwp%2Fv2%2Fcomments&post=197918"}],"version-history":[{"count":0,"href":"https:\/\/www.diarioimagen.net\/index.php?rest_route=\/wp\/v2\/posts\/197918\/revisions"}],"wp:featuredmedia":[{"embeddable":true,"href":"https:\/\/www.diarioimagen.net\/index.php?rest_route=\/wp\/v2\/media\/197868"}],"wp:attachment":[{"href":"https:\/\/www.diarioimagen.net\/index.php?rest_route=%2Fwp%2Fv2%2Fmedia&parent=197918"}],"wp:term":[{"taxonomy":"category","embeddable":true,"href":"https:\/\/www.diarioimagen.net\/index.php?rest_route=%2Fwp%2Fv2%2Fcategories&post=197918"},{"taxonomy":"post_tag","embeddable":true,"href":"https:\/\/www.diarioimagen.net\/index.php?rest_route=%2Fwp%2Fv2%2Ftags&post=197918"}],"curies":[{"name":"wp","href":"https:\/\/api.w.org\/{rel}","templated":true}]}}