{"id":197924,"date":"2014-11-26T00:08:42","date_gmt":"2014-11-26T06:08:42","guid":{"rendered":"http:\/\/www.diarioimagen.net\/?p=197924"},"modified":"2014-11-26T04:00:55","modified_gmt":"2014-11-26T10:00:55","slug":"ahora-pan-y-prd-lanzan-iniciativas-anticorrupcion","status":"publish","type":"post","link":"https:\/\/www.diarioimagen.net\/?p=197924","title":{"rendered":"Ahora PAN y PRD lanzan iniciativas anticorrupci\u00f3n"},"content":{"rendered":"<ul>\n<li><strong><em>Una va contra moches y derroche de recursos p\u00fablicos, como los de Luis Alberto Villarreal<\/em><\/strong><\/li>\n<\/ul>\n<div id=\"attachment_197993\" style=\"width: 250px\" class=\"wp-caption alignleft\"><a href=\"http:\/\/www.diarioimagen.net\/?attachment_id=197993\" rel=\"attachment wp-att-197993\"><img loading=\"lazy\" decoding=\"async\" aria-describedby=\"caption-attachment-197993\" class=\"size-medium wp-image-197993\" src=\"http:\/\/www.diarioimagen.net\/wp-content\/uploads\/2014\/11\/pan-prd-2494-240x135.jpg\" alt=\"Los partidos Acci\u00f3n Nacional y de la Revoluci\u00f3n Democr\u00e1tica presentaron sendas iniciativas para combatir la corrupci\u00f3n e impulsar la transparencia en el rendimiento de cuentas.\" width=\"240\" height=\"135\" srcset=\"https:\/\/www.diarioimagen.net\/wp-content\/uploads\/2014\/11\/pan-prd-2494-240x135.jpg 240w, https:\/\/www.diarioimagen.net\/wp-content\/uploads\/2014\/11\/pan-prd-2494-420x236.jpg 420w, https:\/\/www.diarioimagen.net\/wp-content\/uploads\/2014\/11\/pan-prd-2494-235x132.jpg 235w, https:\/\/www.diarioimagen.net\/wp-content\/uploads\/2014\/11\/pan-prd-2494-202x114.jpg 202w, https:\/\/www.diarioimagen.net\/wp-content\/uploads\/2014\/11\/pan-prd-2494-350x196.jpg 350w, https:\/\/www.diarioimagen.net\/wp-content\/uploads\/2014\/11\/pan-prd-2494-220x123.jpg 220w, https:\/\/www.diarioimagen.net\/wp-content\/uploads\/2014\/11\/pan-prd-2494-237x132.jpg 237w, https:\/\/www.diarioimagen.net\/wp-content\/uploads\/2014\/11\/pan-prd-2494.jpg 480w\" sizes=\"auto, (max-width: 240px) 100vw, 240px\" \/><\/a><p id=\"caption-attachment-197993\" class=\"wp-caption-text\">Los partidos Acci\u00f3n Nacional y de la Revoluci\u00f3n Democr\u00e1tica presentaron sendas iniciativas para combatir la corrupci\u00f3n e impulsar la transparencia en el rendimiento de cuentas.<\/p><\/div>\n<p>Un grupo de diputados y miembros destacados del Partido Acci\u00f3n Nacional anunciaron la presentaci\u00f3n de una iniciativa interna para sancionar a militantes y acabar con la corrupci\u00f3n al interior de dicho partido.<\/p>\n<p>En conferencia de prensa, los diputados panistas, Carlos Angulo, Alicia Ricalde, Esther Quintana, Luis Miguel Romero, Juan Pablo Adame, as\u00ed como Manuel G\u00f3mez Mor\u00edn, Juan Jos\u00e9 Rodr\u00edguez Prats, entre otros, reconocieron que existe un deterioro en la imagen del blanquiazul debido a los m\u00faltiples actos de corrupci\u00f3n al interior del partido.<\/p>\n<p>Angulo expres\u00f3 que \u201cel presidente nacional del PAN, Ricardo Anaya, lo ha manifestado, debemos empezar por nuestra casa, de esa manera diputados y diputadas y panistas comprometidos estamos presentando ante las dirigencias un plan anticorrupci\u00f3n hacia el PAN, reconociendo que tenemos un deterioro en nuestra imagen en virtud de m\u00faltiples actos que se han detectado al interior \u201c.<\/p>\n<p>Dijo que en muchos estados se han sumado integrantes del blanquiazul a este plan por Acci\u00f3n Nacional, entre quienes destacan Margarita Zavala y Luis Felipe Bravo Mena.<\/p>\n<p>Angulo coment\u00f3 que buscan primero que se ataque el tema de los \u201cmoches\u201d al interior del PAN, pero tambi\u00e9n el uso de recursos p\u00fablicos en eventos privados como presuntamente fue la fiesta donde aparecieron el ex coordinador parlamentario, Luis Alberto Villarreal y su ex vicecoordinador, Jorge Villalobos.<\/p>\n<p>Por su parte, la fracci\u00f3n del PRD en la C\u00e1mara de Diputados present\u00f3 su iniciativa de reformas constitucionales para crear el Sistema Nacional Anticorrupci\u00f3n y definir pol\u00edticas, programas y mecanismos para la prevenci\u00f3n, disuasi\u00f3n y sanci\u00f3n de las pr\u00e1cticas contrarias a la transparencia y rendici\u00f3n de cuentas.<\/p>\n","protected":false},"excerpt":{"rendered":"<p>Un grupo de diputados y miembros destacados del Partido Acci\u00f3n Nacional anunciaron la presentaci\u00f3n de una iniciativa interna para sancionar a militantes y acabar con la corrupci\u00f3n al interior de dicho partido.<\/p>\n","protected":false},"author":3,"featured_media":197993,"comment_status":"open","ping_status":"open","sticky":false,"template":"","format":"standard","meta":{"_monsterinsights_skip_tracking":false,"_monsterinsights_sitenote_active":false,"_monsterinsights_sitenote_note":"","_monsterinsights_sitenote_category":0,"footnotes":""},"categories":[3],"tags":[35747,43673,91,211],"class_list":["post-197924","post","type-post","status-publish","format-standard","has-post-thumbnail","hentry","category-nacional","tag-anticorrupcion","tag-nacional","tag-pan","tag-prd"],"_links":{"self":[{"href":"https:\/\/www.diarioimagen.net\/index.php?rest_route=\/wp\/v2\/posts\/197924","targetHints":{"allow":["GET"]}}],"collection":[{"href":"https:\/\/www.diarioimagen.net\/index.php?rest_route=\/wp\/v2\/posts"}],"about":[{"href":"https:\/\/www.diarioimagen.net\/index.php?rest_route=\/wp\/v2\/types\/post"}],"author":[{"embeddable":true,"href":"https:\/\/www.diarioimagen.net\/index.php?rest_route=\/wp\/v2\/users\/3"}],"replies":[{"embeddable":true,"href":"https:\/\/www.diarioimagen.net\/index.php?rest_route=%2Fwp%2Fv2%2Fcomments&post=197924"}],"version-history":[{"count":0,"href":"https:\/\/www.diarioimagen.net\/index.php?rest_route=\/wp\/v2\/posts\/197924\/revisions"}],"wp:featuredmedia":[{"embeddable":true,"href":"https:\/\/www.diarioimagen.net\/index.php?rest_route=\/wp\/v2\/media\/197993"}],"wp:attachment":[{"href":"https:\/\/www.diarioimagen.net\/index.php?rest_route=%2Fwp%2Fv2%2Fmedia&parent=197924"}],"wp:term":[{"taxonomy":"category","embeddable":true,"href":"https:\/\/www.diarioimagen.net\/index.php?rest_route=%2Fwp%2Fv2%2Fcategories&post=197924"},{"taxonomy":"post_tag","embeddable":true,"href":"https:\/\/www.diarioimagen.net\/index.php?rest_route=%2Fwp%2Fv2%2Ftags&post=197924"}],"curies":[{"name":"wp","href":"https:\/\/api.w.org\/{rel}","templated":true}]}}