{"id":197926,"date":"2014-11-26T00:03:06","date_gmt":"2014-11-26T06:03:06","guid":{"rendered":"http:\/\/www.diarioimagen.net\/?p=197926"},"modified":"2014-11-26T04:17:44","modified_gmt":"2014-11-26T10:17:44","slug":"la-violencia-repunta-en-baja-california-sur","status":"publish","type":"post","link":"https:\/\/www.diarioimagen.net\/?p=197926","title":{"rendered":"La violencia repunta en Baja California Sur"},"content":{"rendered":"<h2>Detr\u00e1s del Poder<\/h2>\n<h5>Jos\u00e9 Antonio L\u00f3pez Sosa<\/h5>\n<p>&nbsp;<\/p>\n<p>Desde el 31 de julio pasado se han registrado 46 homicidios dolosos en Baja California Sur, de acuerdo a informaci\u00f3n de la Procuradur\u00eda estatal.<\/p>\n<p>Ayer fueron descubiertos dos cuerpos con signos de tortura en una zona residencial de La Paz, capital del estado, las dos personas fueron halladas en sitios distintos con huellas de tortura, ambos amordazados y atados de pies y manos.<\/p>\n<p>Si bien es cierto que no se vive un escenario de violencia generalizada en las calles, resulta importante que las autoridades estatales y federales tengan una estrategia clara para evitar que siga en aumento el n\u00famero de homicidios, si nos remontamos al fen\u00f3meno de la violencia en otras entidades, el primer paso antes de detonarse un escenario catastr\u00f3fico es precisamente, al aumento de homicidios, ajustes de cuentas y personas torturadas.<\/p>\n<p>Baja California Sur ha estado alejado como entidad de los hechos sistem\u00e1ticos de violencia, al mismo tiempo que se ha documentado la presencia de capos del narcotr\u00e1fico en distintos sitios del territorio.<\/p>\n<p>Los gobiernos municipales, estatales y federal est\u00e1n a buen tiempo de controlar esos repuntes de violencia, el corredor tur\u00edstico de Los Cabos es uno de los m\u00e1s importantes del pa\u00eds, genera un importante ingreso de divisas, tambi\u00e9n La Paz y Loreto son destinos con reconocimiento mundial. Es importante destacar que d\u00e9cadas de trabajo y esfuerzo de ciudadanos, empresarios y gobiernos pueden venirse abajo en semanas cuando la violencia sale de control, sin lugar a dudas los mexicanos no queremos m\u00e1s manchas de sangre en nuestros estados, donde cotidianamente no exist\u00edan de forma sistem\u00e1tica.<\/p>\n<p style=\"text-align: center;\"><strong>PASAPORTE UNASUR<\/strong><\/p>\n<p>\u00bfSer\u00e1 posible homologar procesos migratorios en Am\u00e9rica del Sur?, Ernesto Samper, ex presidente de Colombia y secretario general de UNASUR ha propuesto la creaci\u00f3n de un \u201cpasaporte sudamericano\u201d. Resulta conveniente que los ciudadanos de estos pa\u00edses puedan tener derechos parecidos a la zona Schengen (en Europa), sin embargo, no se especific\u00f3 los t\u00e9rminos de este pasaporte, si tan s\u00f3lo se tratar\u00e1 de una afiliaci\u00f3n por pa\u00eds o si se pretende hacer un solo formato de pasaporte, cosa que se ve m\u00e1s complicada sobre todo por las grandes diferencias ideol\u00f3gicas en aquellas naciones.<\/p>\n<p>Se tratar\u00eda de poner de acuerdo a Argentina, Bolivia, Brasil, Colombia, Chile, Ecuador, Guayana, Paraguay, Per\u00fa, Suriname, Uruguay y Venezuela, \u00bflo lograr\u00e1n?, es la duda.<\/p>\n<p><em><a href=\"mailto:lopez.sosa@mexico.com\" target=\"_blank\">lopez.sosa@mexico.com<\/a><\/em><br \/>\n<em><a href=\"http:\/\/twitter.com\/#%21\/joseantonio1977\" target=\"_blank\">@joseantonio1977<br \/>\n<\/a><a href=\"http:\/\/www.formulaconfidencial.com.mx\/\" target=\"_blank\">www.formulaconfidencial.com.mx<\/a><\/em><\/p>\n","protected":false},"excerpt":{"rendered":"<p><span style=\"color: #005497;\"><strong>Jos\u00e9 Antonio L\u00f3pez Sosa<\/strong><\/span><\/p>\n","protected":false},"author":3,"featured_media":0,"comment_status":"open","ping_status":"open","sticky":false,"template":"","format":"standard","meta":{"_monsterinsights_skip_tracking":false,"_monsterinsights_sitenote_active":false,"_monsterinsights_sitenote_note":"","_monsterinsights_sitenote_category":0,"footnotes":""},"categories":[637],"tags":[638,43690,43674],"class_list":["post-197926","post","type-post","status-publish","format-standard","hentry","category-jose-antonio-lopez-sosa","tag-detras-del-poder","tag-jose-antonio-lopez-sosa","tag-opinion"],"_links":{"self":[{"href":"https:\/\/www.diarioimagen.net\/index.php?rest_route=\/wp\/v2\/posts\/197926","targetHints":{"allow":["GET"]}}],"collection":[{"href":"https:\/\/www.diarioimagen.net\/index.php?rest_route=\/wp\/v2\/posts"}],"about":[{"href":"https:\/\/www.diarioimagen.net\/index.php?rest_route=\/wp\/v2\/types\/post"}],"author":[{"embeddable":true,"href":"https:\/\/www.diarioimagen.net\/index.php?rest_route=\/wp\/v2\/users\/3"}],"replies":[{"embeddable":true,"href":"https:\/\/www.diarioimagen.net\/index.php?rest_route=%2Fwp%2Fv2%2Fcomments&post=197926"}],"version-history":[{"count":0,"href":"https:\/\/www.diarioimagen.net\/index.php?rest_route=\/wp\/v2\/posts\/197926\/revisions"}],"wp:attachment":[{"href":"https:\/\/www.diarioimagen.net\/index.php?rest_route=%2Fwp%2Fv2%2Fmedia&parent=197926"}],"wp:term":[{"taxonomy":"category","embeddable":true,"href":"https:\/\/www.diarioimagen.net\/index.php?rest_route=%2Fwp%2Fv2%2Fcategories&post=197926"},{"taxonomy":"post_tag","embeddable":true,"href":"https:\/\/www.diarioimagen.net\/index.php?rest_route=%2Fwp%2Fv2%2Ftags&post=197926"}],"curies":[{"name":"wp","href":"https:\/\/api.w.org\/{rel}","templated":true}]}}