{"id":197944,"date":"2014-11-26T00:07:39","date_gmt":"2014-11-26T06:07:39","guid":{"rendered":"http:\/\/www.diarioimagen.net\/?p=197944"},"modified":"2014-11-26T04:17:30","modified_gmt":"2014-11-26T10:17:30","slug":"ustedes-se-los-llevaron-ustedes-regresenlos-pri-a-prd","status":"publish","type":"post","link":"https:\/\/www.diarioimagen.net\/?p=197944","title":{"rendered":"\u201cUstedes se los llevaron&#8230;ustedes regr\u00e9senlos\u201d: PRI a PRD"},"content":{"rendered":"<h2>Tras la puerta del poder<\/h2>\n<h5>Roberto Vizca\u00edno<\/h5>\n<p>&nbsp;<\/p>\n<ul>\n<li><strong><em>El doctor y legislador pri\u00edsta jalisciense, Leobardo Alcal\u00e1, les puso una barrida, que los dej\u00f3 mudos<\/em><\/strong><\/li>\n<li><strong><em>Los diputados del PT, MC y PRD vinculados a L\u00f3pez Obrador hablaron de un pa\u00eds sin salidas<\/em><\/strong><\/li>\n<li><strong><em>En el \u201cdebate\u201d de C\u00e1rdenas y Navarrete no hubo truenos ni centellas y todo termin\u00f3 casi en un caf\u00e9<\/em><\/strong><\/li>\n<\/ul>\n<div id=\"attachment_198019\" style=\"width: 250px\" class=\"wp-caption alignleft\"><a href=\"http:\/\/www.diarioimagen.net\/?attachment_id=198019\" rel=\"attachment wp-att-198019\"><img loading=\"lazy\" decoding=\"async\" aria-describedby=\"caption-attachment-198019\" class=\"size-medium wp-image-198019\" src=\"http:\/\/www.diarioimagen.net\/wp-content\/uploads\/2014\/11\/critica-desinteresada-RAMON-2494-240x158.jpg\" alt=\"Cr\u00edtica desinteresada... | Ram\u00f3n\" width=\"240\" height=\"158\" srcset=\"https:\/\/www.diarioimagen.net\/wp-content\/uploads\/2014\/11\/critica-desinteresada-RAMON-2494-240x158.jpg 240w, https:\/\/www.diarioimagen.net\/wp-content\/uploads\/2014\/11\/critica-desinteresada-RAMON-2494-420x276.jpg 420w, https:\/\/www.diarioimagen.net\/wp-content\/uploads\/2014\/11\/critica-desinteresada-RAMON-2494.jpg 1200w\" sizes=\"auto, (max-width: 240px) 100vw, 240px\" \/><\/a><p id=\"caption-attachment-198019\" class=\"wp-caption-text\">Cr\u00edtica desinteresada&#8230; | Ram\u00f3n<\/p><\/div>\n<p>D\u00eda de debates, el de ayer en San L\u00e1zaro encendi\u00f3 el griter\u00edo y el esc\u00e1ndalo en el pleno de la C\u00e1mara de Diputados, donde los de la izquierda del PRD, PT y MC acostumbran a denostar y avasallar, pero no est\u00e1n dispuestos a recibir sopas de sus propios chocolates.<\/p>\n<p>Y es que luego de exigir un debate sobre la llamada \u201ccasa blanca\u201d de las Lomas y para discutir el caso de los 43 normalistas desaparecidos en Guerrero, fueron ninguneados y vapuleados por los argumentos del PRI.<\/p>\n<p>Quien se encarg\u00f3 de colocarlos contra las cuerdas de la oratoria y los argumentos, fue el diputado tricolor jalisciense Leobardo Alcal\u00e1 Padilla, un doctor especializado en neonatolog\u00eda, que les tundi\u00f3 desde la tribuna a m\u00e1s no poder.<\/p>\n<p>De entrada les recet\u00f3 una medicina de memoria p\u00fablica:<\/p>\n<p>\u201cAhora resulta que estamos en un mundo al rev\u00e9s, donde nosotros estamos buscando a los 43 muchachos.<\/p>\n<p>\u201c\u00bfY por qu\u00e9 ustedes no les preguntan a sus amigos (los delincuentes) para que les digan en d\u00f3nde est\u00e1n los muchachos, \u00a1hombre! Hoy hasta sus propios l\u00edderes morales (en referencia a las acusaciones hechas por Cuauht\u00e9moc C\u00e1rdenas a Carlos Navarrete, presidente del PRD) se han estado acusando de corruptos y de solapadores\u2026 (gritos, injurias y esc\u00e1ndalo en la zona de las izquierdas dentro del sal\u00f3n).<\/p>\n<p>\u201cHoy a quienes subieron con una mantita (donde los legisladores que siguen a AMLO ped\u00edan la renuncia del presidente Enrique Pe\u00f1a Nieto) les digo: s\u00ed, revocaci\u00f3n de mandato, pero a quienes apoyan a los asesinos, a esos habr\u00eda que revocarles el mandato, son unos c\u00ednicos, son bandidos y son asesinos. Ustedes se los llevaron vivos, ahora ustedes tienen que regresarlos tambi\u00e9n vivos\u201d, indic\u00f3.<\/p>\n<p>El reclamo del diputado pri\u00edsta Alcal\u00e1 Padilla fue en obviedad de que el alcalde de Iguala Jos\u00e9 Luis Abarca fue postulado y llevado al cargo por el PRD y de que el gobernador de Guerrero en ese estado, \u00c1ngel Aguirre, era tambi\u00e9n perredista.<\/p>\n<p>Previamente, hab\u00eda subido a tribuna Mar\u00eda Sanjuana Cerda Franco de Nueva Alianza; Manuel Huerta del PT; \u00a0Ricardo Monreal del MC; Rub\u00e9n Acosta del PVEM; Miguel Agust\u00edn Alonso Raya del PRD y Juan Carlos Adame del PAN.<\/p>\n<p>Salvo los del PVEM, NA y PAN el resto deline\u00f3 desde la tribuna un pa\u00eds socialmente incendiado y a punto del abismo, sin posibilidades de futuro ni salida viable.<\/p>\n<p>A ellos el pri\u00edsta les dijo:<\/p>\n<p>\u201cNo vengan a esta tribuna con discursos incendiarios, provocadores e inadmisibles. No confundan a la poblaci\u00f3n, pero sobre todo no se confundan a ustedes mismos, no lucren con el dolor de 43 familias.<\/p>\n<p>\u201cNecesitamos debates responsables, no lapidarios\u2026<\/p>\n<p>\u201cYa lo dec\u00eda Fernando Arrabal: a los fan\u00e1ticos que m\u00e1s debemos de temer, son aquellos que se confunden con la tolerancia. No sean c\u00ednicos. Un c\u00ednico cuando huele flores, lo primero que busca es el ata\u00fad. No sean fan\u00e1ticos, lo dec\u00eda Churchill: un fan\u00e1tico no cambia de opini\u00f3n y nunca cambia de tema.<\/p>\n<p>\u201cQueremos justicia, todos, s\u00ed\u2026 pero la justicia se defiende con la raz\u00f3n y no incitando a las masas a delinquir. Ustedes, hasta cuando estamos de acuerdo con ustedes, piensan que se equivocaron, no sean como los zorros que cambian de pellejo, pero no cambian de ma\u00f1as.<\/p>\n<p>\u201cLo que es imperdonable, compa\u00f1eras y compa\u00f1eros, es que inviten a la gente a la agresi\u00f3n; es imperdonable mentir cuando saben qui\u00e9nes son los culpables, imperdonable que protejan a delincuentes y asesinos, imperdonable la falta de memoria de algunos de ustedes y de Andr\u00e9s Manuel L\u00f3pez Obrador.<\/p>\n<p>\u201cAhora resulta que tienen amnesia y no se acuerdan que ustedes postularon a los delincuentes, a (Jos\u00e9 Luis) Abarca y a (\u00c1ngel) Aguirre.<\/p>\n<p>\u201cCon mucho gusto les refresco la memoria: el alcalde Luis Abarca orden\u00f3 a la polic\u00eda municipal detener a toda costa a los normalistas de Ayotzinapa y solicitar para ello apoyo a la polic\u00eda del municipio de Cocula. La operaci\u00f3n fue cumplimentada a cargo del jefe de la polic\u00eda de Iguala, Francisco Salgado Valladares, quien de acuerdo con la PGR recib\u00eda 600 mil pesos mensuales de salario por parte del narcotr\u00e1fico.<\/p>\n<p>\u201cComo han dado cuenta clara las im\u00e1genes en medios de comunicaci\u00f3n, los estudiantes fueron brutalmente, brutalmente atacados con armas de fuego por polic\u00edas de Iguala, dando por resultado 25 heridos, 6 muertos, 43 desaparecidos quienes fueron detenidos y posteriormente entregados a integrantes del grupo delictivo <em>Guerreros Unidos.<\/em><\/p>\n<p>\u201cNo s\u00e9 si se acuerden qui\u00e9nes eran Jos\u00e9 Luis Abarca y Mar\u00eda de los \u00c1ngeles Pineda\u2026 antes de incursionar en la pol\u00edtica vend\u00eda sombreros y huaraches, y en un tianguis; en 2008 anunci\u00f3 la construcci\u00f3n de Galer\u00edas Tamarindos, un complejo comercial de cuatro hect\u00e1reas, que tiene una tienda de autoservicio, siete salas de cine, una tiendita chiquitita departamental con 50 localitos y un estacionamiento para 720 veh\u00edculos.<\/p>\n<p>\u201cEs due\u00f1o de otras 17 propiedades en Iguala, en las que hay inmuebles y locales comerciales en el centro joyero de esta ciudad. Aparte el se\u00f1or pagaba 2 a 3 millones de pesos mensuales a la organizaci\u00f3n criminal <em>Guerreros Unidos<\/em>. Y su esposa tiene antecedentes familiares que la vinculan con el crimen organizado. S\u00ed, Jos\u00e9 Luis Abarca, les recuerdo y les refresco la memoria, hizo su carrera pol\u00edtica de la mano de L\u00e1zaro Maz\u00f3n, quien fue presidente municipal de Iguala y durante el gobierno de \u00c1ngel Aguirre, secretario de Salud.<\/p>\n<p>\u201cEn 2011 Abarca se postula como candidato del PRD al municipio de Iguala con el apoyo de la diligencia nacional perredista y de cuadros locales del propio L\u00e1zaro Maz\u00f3n, y con la venia del candidato a gobernador \u00c1ngel Aguirre y de Andr\u00e9s Manuel L\u00f3pez Obrador.<\/p>\n<p>\u201c\u00bfY c\u00f3mo llega \u00c1ngel Aguirre? Pues f\u00e1cil: con el apoyo y la complicidad del PRD, de Andr\u00e9s Manuel L\u00f3pez Obrador, de L\u00e1zaro Maz\u00f3n y de Jos\u00e9 Luis Abarca.<\/p>\n<p>\u201cEn s\u00edntesis -como acertadamente lo se\u00f1al\u00f3 Pablo G\u00f3mez-, el gran levant\u00f3n de Iguala se hizo por parte de un cuerpo policiaco, de funcionarios bajo las \u00f3rdenes de un presidente municipal del PRD, donde otro perredista, Aguirre, era gobernador.<\/p>\n<p>\u201cLes pregunto: \u00bfqu\u00e9 hizo el gobernador? Nada. No hizo nada para evitar la brutalidad. Hoy Morena, L\u00f3pez Obrador, Abarca, L\u00e1zaro Maz\u00f3n y \u00c1ngel Aguirre son los responsables\u2026<\/p>\n<p>\u201cEl gobierno es de ustedes, el gobierno es de ustedes y bajo su tutela estaba la seguridad y la justicia\u201d, subray\u00f3 el diputado Leobardo Alcal\u00e1 Padilla, a quien un sector del PRD, los del PT y MC quer\u00edan comerse vivo.<\/p>\n<p>Y concluy\u00f3:<\/p>\n<p>\u201cDebo decir que hay porros que ejercen su libertad delinquiendo en las calles, pero los peores porros son ustedes que incendian, injurian y provocan.<\/p>\n<p>\u201cHoy nosotros somos m\u00e1s pri\u00edstas que ayer, hoy somos m\u00e1s solidarios con el presidente Pe\u00f1a Nieto que hace dos a\u00f1os, y somos orgullosamente mexicanos. Muchas gracias\u201d.<\/p>\n<p>Ah\u00ed acab\u00f3 ayer el debate e San L\u00e1zaro.<\/p>\n<p style=\"text-align: center;\"><strong>EL OTRO \u201cDEBATE\u201d<\/strong><\/p>\n<p>Buena parte de este\u00a0 encontronazo entre legisladores lopezobradoristas del PRD, PT y MC con los del PRI comandados por el sonorense Manlio Fabio Beltrones se dio mientras en la sede del partido del sol azteca, muy formales, sentados uno al lado del otro, hablaban el ingeniero Cuauht\u00e9moc C\u00e1rdenas y el presidente del PRD, Carlos Navarrete.<\/p>\n<p>El debate nunca lleg\u00f3 ah\u00ed. La expectaci\u00f3n levantada con este encuentro termin\u00f3 en 35 minutos. Carlos Navarrete pidi\u00f3 a C\u00e1rdenas cooperar y caminar junto a \u00e9l para sacar adelante a este partido.<\/p>\n<p>C\u00e1rdenas por su parte respondi\u00f3 que \u00e9l coincide en que el PRD est\u00e1 ausente de temas torales para la vida del pa\u00eds y reproch\u00f3 que en Sonora avance una nueva alianza con el PAN mientras no se exige la liberaci\u00f3n de los presos pol\u00edticos en esa entidad.<\/p>\n<p>Ambos coincidieron en que el pa\u00eds requiere un nuevo rumbo.<\/p>\n<p>Es decir ni debate ni nada nuevo.<\/p>\n<p><em><a href=\"mailto:rvizcainoa@gmail.com\">rvizcainoa@gmail.com<\/a><\/em><\/p>\n","protected":false},"excerpt":{"rendered":"<p><span style=\"color: #005497;\"><strong>Roberto Vizca\u00edno<\/strong><\/span><\/p>\n","protected":false},"author":3,"featured_media":198019,"comment_status":"open","ping_status":"open","sticky":false,"template":"","format":"standard","meta":{"_monsterinsights_skip_tracking":false,"_monsterinsights_sitenote_active":false,"_monsterinsights_sitenote_note":"","_monsterinsights_sitenote_category":0,"footnotes":""},"categories":[136],"tags":[43674,93,94],"class_list":["post-197944","post","type-post","status-publish","format-standard","has-post-thumbnail","hentry","category-roberto-vizcaino-opinion","tag-opinion","tag-roberto-vizcaino","tag-tras-la-puerta-del-poder"],"_links":{"self":[{"href":"https:\/\/www.diarioimagen.net\/index.php?rest_route=\/wp\/v2\/posts\/197944","targetHints":{"allow":["GET"]}}],"collection":[{"href":"https:\/\/www.diarioimagen.net\/index.php?rest_route=\/wp\/v2\/posts"}],"about":[{"href":"https:\/\/www.diarioimagen.net\/index.php?rest_route=\/wp\/v2\/types\/post"}],"author":[{"embeddable":true,"href":"https:\/\/www.diarioimagen.net\/index.php?rest_route=\/wp\/v2\/users\/3"}],"replies":[{"embeddable":true,"href":"https:\/\/www.diarioimagen.net\/index.php?rest_route=%2Fwp%2Fv2%2Fcomments&post=197944"}],"version-history":[{"count":0,"href":"https:\/\/www.diarioimagen.net\/index.php?rest_route=\/wp\/v2\/posts\/197944\/revisions"}],"wp:featuredmedia":[{"embeddable":true,"href":"https:\/\/www.diarioimagen.net\/index.php?rest_route=\/wp\/v2\/media\/198019"}],"wp:attachment":[{"href":"https:\/\/www.diarioimagen.net\/index.php?rest_route=%2Fwp%2Fv2%2Fmedia&parent=197944"}],"wp:term":[{"taxonomy":"category","embeddable":true,"href":"https:\/\/www.diarioimagen.net\/index.php?rest_route=%2Fwp%2Fv2%2Fcategories&post=197944"},{"taxonomy":"post_tag","embeddable":true,"href":"https:\/\/www.diarioimagen.net\/index.php?rest_route=%2Fwp%2Fv2%2Ftags&post=197944"}],"curies":[{"name":"wp","href":"https:\/\/api.w.org\/{rel}","templated":true}]}}