{"id":197948,"date":"2014-11-26T00:04:50","date_gmt":"2014-11-26T06:04:50","guid":{"rendered":"http:\/\/www.diarioimagen.net\/?p=197948"},"modified":"2014-11-26T04:18:01","modified_gmt":"2014-11-26T10:18:01","slug":"el-eslabon-mas-debil","status":"publish","type":"post","link":"https:\/\/www.diarioimagen.net\/?p=197948","title":{"rendered":"El eslab\u00f3n m\u00e1s d\u00e9bil"},"content":{"rendered":"<h2>Punto por punto<\/h2>\n<h5>Augusto Corro<\/h5>\n<p>&nbsp;<\/p>\n<p>El narco floreci\u00f3 porque encontr\u00f3 en las autoridades municipales el campo propicio para desarrollar sus negocios criminales.<\/p>\n<p>Presidentes municipales y polic\u00edas cumplieron con creces sus compromisos con la delincuencia organizada.<\/p>\n<p>Alcaldes y uniformados se convirtieron en esp\u00edas, socios y brazos asesinos de los capos: un gran apoyo para la delincuencia.<\/p>\n<p>Esa relaci\u00f3n entre autoridades y criminales propici\u00f3 la tragedia de Iguala relacionada con la desaparici\u00f3n de los 43 normalistas de Aytozinapa.<\/p>\n<p>Ese hecho fue la gota que derram\u00f3 el vaso: otra vez quienes deber\u00edan brindar seguridad a la sociedad, se encargaron de agraviarla y de qu\u00e9 manera.<\/p>\n<p>Son a\u00f1ejos los v\u00ednculos las polic\u00edas con el crimen organizado. Ya tienen en su negro historial aquella matanza de 72 indocumentados en San Fernando, Tamaulipas.<\/p>\n<p>En la realidad, polic\u00edas y delincuentes lograron fusionarse y su hermandad amenaza con provocar da\u00f1os mayores.<\/p>\n<p>Ante esa amenaza, las autoridades federales propondr\u00e1n una reforma al sistema municipal y a la seguridad local, centro de la \u201cdebilidad del Estado\u201d.<\/p>\n<p>No ser\u00e1 una tarea f\u00e1cil, pero s\u00ed muy importante para garantizar la seguridad de los mexicanos y frenar las acciones de la delincuencia organizada.<\/p>\n<p>Ser\u00e1 un buen paso fortalecer al municipio, como el eslab\u00f3n m\u00e1s d\u00e9bil los niveles del poder pol\u00edtico.<\/p>\n<p style=\"text-align: center;\"><strong>EL PAPEL DE LOS GOBERNADORES<\/strong><\/p>\n<p>En la reforma deber\u00e1n incluirse algunos cambios para obligar a los gobernadores a realizar una mayor vigilancia en los municipios.<\/p>\n<p>Con el pretexto de que los delitos de los narcos pertenecen al fuero federal, poco o nada les interesa lo que ocurre con la delincuencia organizada, en sus entidades.<\/p>\n<p>Aunque se dieron casos en que los mandatarios estatales proteg\u00edan a los criminales. Los ejemplos: Michoac\u00e1n, Tamaulipas, etc. Si se busca que no vuelvan a registrarse acciones como la de Iguala, la reforma mencionada tendr\u00e1 que ampliarse hasta tocar la responsabilidad de los gobernadores. Entre otras cosas, deben rendir informes de la situaci\u00f3n que priva en funci\u00f3n de las actividades del narco, en sus entidades.<\/p>\n<p>Ya no tendr\u00e1n que hacerse de la vista gorda, ni proteger a los alcaldes asociados con el crimen organizado.<\/p>\n<p>No m\u00e1s estados como Guerrero, en el que gobernador y alcalde se hicieron una para apoyar al c\u00e1rtel Guerreros Unidos. El mandatario estatal estar\u00e1 obligado a compartir cuanta informaci\u00f3n posea para erradicar la plaga del narco.<\/p>\n<p>En general, ser\u00e1 el compromiso de todos: sociedad, gobierno, fuerza p\u00fablica, etc., quienes debemos colaborar para superar el flagelo del narco.<\/p>\n<p style=\"text-align: center;\"><strong>LOS PARTIDOS POL\u00cdTICOS<\/strong><\/p>\n<p>Ahora que se habla de la reforma para atender entidades con violencia grave nos preguntamos cu\u00e1l ser\u00e1 el papel de los partidos pol\u00edticos.<\/p>\n<p>Porque fue nula su participaci\u00f3n, por decir lo menos, en los \u00faltimos acontecimientos derivados de la desaparici\u00f3n de los 43 normalistas de Ayotzinapa.<\/p>\n<p>El papel m\u00e1s desafortunado estuvo a cargo del Partido de la Revoluci\u00f3n Democr\u00e1tica (PRD), dirigido por \u201cLos Chuchos\u201d, Jes\u00fas Zambrano y Jes\u00fas Ortega, el poder tras el trono.<\/p>\n<p>El principal responsable de la tragedia de los estudiantes es el ahora ex presidente municipal de Iguala, Jos\u00e9 Luis Abarca Vel\u00e1zquez. Tambi\u00e9n relacionado con los hechos se se\u00f1ala al ex gobernador \u00c1ngel Aguirre Rivero. Ambos de extracci\u00f3n perredista.<\/p>\n<p>El PRD, a partir de la fecha de la desaparici\u00f3n de los j\u00f3venes, empez\u00f3 a vivir un calvario que lo tiene inmerso en una crisis. El propio l\u00edder moral perredista, Cuaht\u00e9moc C\u00e1rdenas, plante\u00f3 la renuncia del nuevo l\u00edder Carlos Navarrete, como una forma para superar la problem\u00e1tica que se viven en el interior de ese organismo pol\u00edtico.<\/p>\n<p style=\"text-align: center;\"><strong>DEBE MARGINARSE AL PRD<\/strong><\/p>\n<p>Si se contempla una reforma, el PRD no debe participar. Menos el PAN. Este partido alejado de las causas populares, tampoco debe intervenir en el proyecto de cambio. Con sus principios en el bote de la basura, Acci\u00f3n Nacional va a la deriva.<\/p>\n<p>El PRI, que dirige C\u00e9sar Camacho, desperdici\u00f3 la oportunidad de sumarse al movimiento a favor de los estudiantes agraviados. Prefiri\u00f3 hacer mutis y se enconch\u00f3. Ni siquiera tuvo el valor de pronunciarse a favor de las autoridades federales. El PRI le apost\u00f3 al silencio.<\/p>\n<p>Los partidos chicos, por su misma dimensi\u00f3n, no deben tomarse en cuenta. Ni siquiera las llamadas organizaciones de izquierda estuvieron presentes en las manifestaciones de los normalistas. El m\u00e1s obligado, el Movimiento de Regeneraci\u00f3n Nacional (Morena) tambi\u00e9n prefiri\u00f3 mantenerse callado y sin moverse. Ten\u00eda motivos para hacerlo. El ex alcalde de Iguala, Abarca Vel\u00e1zquez, fue el alumno distinguido de L\u00e1zaro Maz\u00f3n, a quien el l\u00edder Andr\u00e9s Manuel L\u00f3pez Obrador hab\u00eda designado como candidato de Morena.<\/p>\n<p>El esc\u00e1ndalo se desat\u00f3 y L\u00e1zaro en lugar de revivir, muri\u00f3 pol\u00edticamente. Los partidos nada tienen que hacer si de reformas se trata. Sus hechos as\u00ed lo manifiestan.<\/p>\n<p><em><a href=\"mailto:aco2742@hotmail.com\" target=\"_blank\">aco2742@hotmail.com<\/a><\/em><\/p>\n","protected":false},"excerpt":{"rendered":"<p><span style=\"color: #005497;\"><strong>Augusto Corro<\/strong><\/span><\/p>\n","protected":false},"author":3,"featured_media":0,"comment_status":"open","ping_status":"open","sticky":false,"template":"","format":"standard","meta":{"_monsterinsights_skip_tracking":false,"_monsterinsights_sitenote_active":false,"_monsterinsights_sitenote_note":"","_monsterinsights_sitenote_category":0,"footnotes":""},"categories":[157],"tags":[43686,43674,11515],"class_list":["post-197948","post","type-post","status-publish","format-standard","hentry","category-augusto-corro","tag-augusto-corro","tag-opinion","tag-punto-por-punto"],"_links":{"self":[{"href":"https:\/\/www.diarioimagen.net\/index.php?rest_route=\/wp\/v2\/posts\/197948","targetHints":{"allow":["GET"]}}],"collection":[{"href":"https:\/\/www.diarioimagen.net\/index.php?rest_route=\/wp\/v2\/posts"}],"about":[{"href":"https:\/\/www.diarioimagen.net\/index.php?rest_route=\/wp\/v2\/types\/post"}],"author":[{"embeddable":true,"href":"https:\/\/www.diarioimagen.net\/index.php?rest_route=\/wp\/v2\/users\/3"}],"replies":[{"embeddable":true,"href":"https:\/\/www.diarioimagen.net\/index.php?rest_route=%2Fwp%2Fv2%2Fcomments&post=197948"}],"version-history":[{"count":0,"href":"https:\/\/www.diarioimagen.net\/index.php?rest_route=\/wp\/v2\/posts\/197948\/revisions"}],"wp:attachment":[{"href":"https:\/\/www.diarioimagen.net\/index.php?rest_route=%2Fwp%2Fv2%2Fmedia&parent=197948"}],"wp:term":[{"taxonomy":"category","embeddable":true,"href":"https:\/\/www.diarioimagen.net\/index.php?rest_route=%2Fwp%2Fv2%2Fcategories&post=197948"},{"taxonomy":"post_tag","embeddable":true,"href":"https:\/\/www.diarioimagen.net\/index.php?rest_route=%2Fwp%2Fv2%2Ftags&post=197948"}],"curies":[{"name":"wp","href":"https:\/\/api.w.org\/{rel}","templated":true}]}}