{"id":197968,"date":"2014-11-26T00:03:39","date_gmt":"2014-11-26T06:03:39","guid":{"rendered":"http:\/\/www.diarioimagen.net\/?p=197968"},"modified":"2014-11-26T04:20:54","modified_gmt":"2014-11-26T10:20:54","slug":"mexico-ya-tiene-201-medallas-en-los-jcc","status":"publish","type":"post","link":"https:\/\/www.diarioimagen.net\/?p=197968","title":{"rendered":"M\u00e9xico ya tiene 201 medallas en los JCC"},"content":{"rendered":"<ul>\n<li><strong><em>Oro y plata en lanzamiento de bala<\/em><\/strong><\/li>\n<\/ul>\n<div id=\"attachment_198026\" style=\"width: 250px\" class=\"wp-caption alignleft\"><a href=\"http:\/\/www.diarioimagen.net\/?attachment_id=198026\" rel=\"attachment wp-att-198026\"><img loading=\"lazy\" decoding=\"async\" aria-describedby=\"caption-attachment-198026\" class=\"size-medium wp-image-198026\" src=\"http:\/\/www.diarioimagen.net\/wp-content\/uploads\/2014\/11\/deportes-2494-240x135.jpg\" alt=\"M\u00e9xico consigui\u00f3 el 1-2 en el lanzamiento de bala gracias al accionar de Mario Cota y Stephen S\u00e1enz, quienes ganaron medalla de oro y de plata, respectivamente.\" width=\"240\" height=\"135\" srcset=\"https:\/\/www.diarioimagen.net\/wp-content\/uploads\/2014\/11\/deportes-2494-240x135.jpg 240w, https:\/\/www.diarioimagen.net\/wp-content\/uploads\/2014\/11\/deportes-2494-420x236.jpg 420w, https:\/\/www.diarioimagen.net\/wp-content\/uploads\/2014\/11\/deportes-2494-235x132.jpg 235w, https:\/\/www.diarioimagen.net\/wp-content\/uploads\/2014\/11\/deportes-2494-202x114.jpg 202w, https:\/\/www.diarioimagen.net\/wp-content\/uploads\/2014\/11\/deportes-2494-350x196.jpg 350w, https:\/\/www.diarioimagen.net\/wp-content\/uploads\/2014\/11\/deportes-2494-220x123.jpg 220w, https:\/\/www.diarioimagen.net\/wp-content\/uploads\/2014\/11\/deportes-2494-237x132.jpg 237w, https:\/\/www.diarioimagen.net\/wp-content\/uploads\/2014\/11\/deportes-2494.jpg 480w\" sizes=\"auto, (max-width: 240px) 100vw, 240px\" \/><\/a><p id=\"caption-attachment-198026\" class=\"wp-caption-text\">M\u00e9xico consigui\u00f3 el 1-2 en el lanzamiento de bala gracias al accionar de Mario Cota y Stephen S\u00e1enz, quienes ganaron medalla de oro y de plata, respectivamente.<\/p><\/div>\n<p><strong>Veracruz, Ver<\/strong>.- M\u00e9xico rebas\u00f3 las 200 medallas en los Juegos Centroamericanos y del Caribe Veracruz 2014, luego que ayer se hizo el 1-2 en el lanzamiento de bala varonil.<\/p>\n<p>Mario Cota se colg\u00f3 con el oro tras finalizar con un registro de 19.30, mientras que Stephan Christopher S\u00e1enz gan\u00f3 la plata con 19.27. El bronce para el representante de Jamaica, Raymond Brown. Las medallas significaron las n\u00fameros 200 y 201 de la competencia. El evento se realiz\u00f3 en el Estadio Heriberto Jara Corona.<\/p>\n<p style=\"text-align: center;\"><strong>A la final, la selecci\u00f3n femenil de futbol<\/strong><\/p>\n<p>Mientras, en Boca del R\u00edo, con gol ol\u00edmpico anotado a los 90 minutos de juego y con ayuda del fuerte viento, la selecci\u00f3n femenil mexicana de futbol venci\u00f3 a Costa Rica 1-0 y avanz\u00f3 a la final del torneo de los Juegos Centroamericanos y del Caribe Veracruz 2014.<\/p>\n<p>El gol fue obra de Ver\u00f3nica P\u00e9rez en la ejecuci\u00f3n de un tiro de esquina que como \u201crematador\u201d encontr\u00f3 una corriente de aire con la que no pudo luchar la portera Dinnia D\u00edaz.<\/p>\n<p>As\u00ed, las pupilas de Leonardo Cu\u00e9llar enfrentar\u00e1n a Colombia en la final por el oro, mientras que las costarricenses chocar\u00e1n por el bronce con las venezolanas, juegos a realizarse el jueves.<\/p>\n<p style=\"text-align: center;\"><strong>El fuerte viento obliga a suspender los clavados<\/strong><\/p>\n<p>Por otra parte, la comisi\u00f3n de clavados de la Confederaci\u00f3n Centroamericana y del Caribe de Nataci\u00f3n (CCCAN) determin\u00f3 la suspensi\u00f3n de las finales de este deporte programadas para ayer, debido a las malas condiciones clim\u00e1ticas generadas por el frente fr\u00edo n\u00famero 14.<\/p>\n<p>F\u00e9lix Calder\u00f3n, encargado de los clavados, dio a conocer que las competencias deb\u00edan realizarse, pero depender\u00eda de las condiciones clim\u00e1ticas.<\/p>\n<p>Las finales de la prueba de trampol\u00edn de un metro, en ambas ramas, estaban programadas a las 16:00 horas, pero se inform\u00f3 que en las pr\u00f3ximas horas se conocer\u00e1 la manera en que se realicen las finales.<\/p>\n","protected":false},"excerpt":{"rendered":"<p>M\u00e9xico rebas\u00f3 las 200 medallas en los Juegos Centroamericanos y del Caribe Veracruz 2014, luego que ayer se hizo el 1-2 en el lanzamiento de bala varonil.<\/p>\n","protected":false},"author":3,"featured_media":198026,"comment_status":"open","ping_status":"open","sticky":false,"template":"","format":"standard","meta":{"_monsterinsights_skip_tracking":false,"_monsterinsights_sitenote_active":false,"_monsterinsights_sitenote_note":"","_monsterinsights_sitenote_category":0,"footnotes":""},"categories":[10],"tags":[10775,19561,44,10094,52],"class_list":["post-197968","post","type-post","status-publish","format-standard","has-post-thumbnail","hentry","category-deportes","tag-jcc","tag-medallas","tag-mexico","tag-oro","tag-veracruz"],"_links":{"self":[{"href":"https:\/\/www.diarioimagen.net\/index.php?rest_route=\/wp\/v2\/posts\/197968","targetHints":{"allow":["GET"]}}],"collection":[{"href":"https:\/\/www.diarioimagen.net\/index.php?rest_route=\/wp\/v2\/posts"}],"about":[{"href":"https:\/\/www.diarioimagen.net\/index.php?rest_route=\/wp\/v2\/types\/post"}],"author":[{"embeddable":true,"href":"https:\/\/www.diarioimagen.net\/index.php?rest_route=\/wp\/v2\/users\/3"}],"replies":[{"embeddable":true,"href":"https:\/\/www.diarioimagen.net\/index.php?rest_route=%2Fwp%2Fv2%2Fcomments&post=197968"}],"version-history":[{"count":0,"href":"https:\/\/www.diarioimagen.net\/index.php?rest_route=\/wp\/v2\/posts\/197968\/revisions"}],"wp:featuredmedia":[{"embeddable":true,"href":"https:\/\/www.diarioimagen.net\/index.php?rest_route=\/wp\/v2\/media\/198026"}],"wp:attachment":[{"href":"https:\/\/www.diarioimagen.net\/index.php?rest_route=%2Fwp%2Fv2%2Fmedia&parent=197968"}],"wp:term":[{"taxonomy":"category","embeddable":true,"href":"https:\/\/www.diarioimagen.net\/index.php?rest_route=%2Fwp%2Fv2%2Fcategories&post=197968"},{"taxonomy":"post_tag","embeddable":true,"href":"https:\/\/www.diarioimagen.net\/index.php?rest_route=%2Fwp%2Fv2%2Ftags&post=197968"}],"curies":[{"name":"wp","href":"https:\/\/api.w.org\/{rel}","templated":true}]}}