{"id":198035,"date":"2014-11-27T00:04:00","date_gmt":"2014-11-27T06:04:00","guid":{"rendered":"http:\/\/www.diarioimagen.net\/?p=198035"},"modified":"2014-11-28T04:19:58","modified_gmt":"2014-11-28T10:19:58","slug":"a-dos-meses-de-la-desaparicion-de-los-normalistas-de-ayotzinapa","status":"publish","type":"post","link":"https:\/\/www.diarioimagen.net\/?p=198035","title":{"rendered":"Bloquean siete horas la Autopista del Sol"},"content":{"rendered":"<ul>\n<li><em><strong>A dos meses de la desaparici\u00f3n de 43 estudiantes<\/strong><\/em><\/li>\n<li><em><strong>Por excesiva seguridad, padres de normalistas suspenden reuni\u00f3n con Monte Alejandro Rubido<\/strong><\/em><\/li>\n<\/ul>\n<div id=\"attachment_198036\" style=\"width: 250px\" class=\"wp-caption alignleft\"><img loading=\"lazy\" decoding=\"async\" aria-describedby=\"caption-attachment-198036\" class=\"wp-image-198036 size-medium\" src=\"http:\/\/www.diarioimagen.net\/wp-content\/uploads\/2014\/11\/NORMALISTAS-portal-240x135.jpg\" alt=\"3 de octubre: La representaci\u00f3n en M\u00e9xico de la Organizaci\u00f3n de las Naciones Unidas condena &quot;en\u00e9rgicamente&quot; los hechos de Iguala, que consider\u00f3 de &quot;extrema gravedad&quot; y &quot;los sucesos m\u00e1s terribles de los tiempos recientes&quot;.\" width=\"240\" height=\"135\" srcset=\"https:\/\/www.diarioimagen.net\/wp-content\/uploads\/2014\/11\/NORMALISTAS-portal-240x135.jpg 240w, https:\/\/www.diarioimagen.net\/wp-content\/uploads\/2014\/11\/NORMALISTAS-portal-420x236.jpg 420w, https:\/\/www.diarioimagen.net\/wp-content\/uploads\/2014\/11\/NORMALISTAS-portal-235x132.jpg 235w, https:\/\/www.diarioimagen.net\/wp-content\/uploads\/2014\/11\/NORMALISTAS-portal-202x114.jpg 202w, https:\/\/www.diarioimagen.net\/wp-content\/uploads\/2014\/11\/NORMALISTAS-portal-350x196.jpg 350w, https:\/\/www.diarioimagen.net\/wp-content\/uploads\/2014\/11\/NORMALISTAS-portal-220x123.jpg 220w, https:\/\/www.diarioimagen.net\/wp-content\/uploads\/2014\/11\/NORMALISTAS-portal-237x132.jpg 237w, https:\/\/www.diarioimagen.net\/wp-content\/uploads\/2014\/11\/NORMALISTAS-portal.jpg 480w\" sizes=\"auto, (max-width: 240px) 100vw, 240px\" \/><p id=\"caption-attachment-198036\" class=\"wp-caption-text\">Los familiares de los normalistas desaparecidos ten\u00edan programada una reuni\u00f3n con el comisionado Nacional de Seguridad, Monte Alejandro Rubido, pero no se pudo llevar a cabo.<\/p><\/div>\n<p>Debido a un operativo organizado por la Polic\u00eda Federal (PF) en el Aeropuerto de Chilpancingo, los padres de familia y abogados de los 43 normalistas de Ayotzinapa, suspendieron una reuni\u00f3n que se ten\u00eda prevista con Monte Alejandro Rubido, comisionado Nacional de Seguridad.<\/p>\n<p>Los padres llegaron a la cita, en el Aeropuerto de la ciudad, pero al percatarse del operativo integrado por alrededor de 500 elementos de la PF, se desistieron de iniciar las pl\u00e1ticas.<\/p>\n<p>En tanto, siete horas despu\u00e9s de haber bloqueado la Autopista del Sol en ambos sentidos, los maestros disidentes abrieron dos de los cuatro carriles. La protesta se desarroll\u00f3 en el contexto de los dos meses de la desaparici\u00f3n de 43 estudiantes de la Normal Rural de Ayotzinapa y 10 minutos despu\u00e9s liberaron en su totalidad la vialidad.<\/p>\n<p>Cuando faltaban algunas horas para que se cumplieran dos meses de la desaparici\u00f3n de 43 normalistas, unos 800 manifestantes colocaron dos tr\u00e1iler y tres autobuses para impedir el paso de los automovilistas. Algunos de los participantes portaban palos y ten\u00edan el rostro cubierto.<\/p>\n<p>Fue hasta las 17:40 horas cuando los integrantes de la Coordinadora Estatal de Trabajadores de la Educaci\u00f3n de Guerrero se replegaron parcialmente y liberaron los carriles norte-sur que permiten la comunicaci\u00f3n con el puerto de Acapulco.<\/p>\n<p>De inmediato autobuses de carga, de pasajeros y unidades particulares comenzaron a circular lentamente con direcci\u00f3n a la Autopista del Sol y los municipios de Tierra Colorada, Mochitl\u00e1n y Quechultenango, que tambi\u00e9n se vieron afectados por la protesta.<\/p>\n<p>El contingente, sin embargo, se mantuvo posicionado en los carriles sur norte, por lo que segu\u00edan varados quienes circulan rumbo al DF y puntos como Cuernavaca, Taxco, Iguala, y Zumpango.<\/p>\n<p>Los maestros dialogaban entre ellos para acordar las condiciones en que regresar\u00e1n a su campamento. En el \u00e1rea no hab\u00eda polic\u00edas antimotines, pese a que cientos de ellos permanecen acuartelados en la aeropista de Chilpancingo.<\/p>\n","protected":false},"excerpt":{"rendered":"<p>Debido a un operativo organizado por la Polic\u00eda Federal (PF) en el Aeropuerto de Chilpancingo, los padres de familia y abogados de los 43 normalistas de Ayotzinapa, suspendieron una reuni\u00f3n que se ten\u00eda prevista con Monte Alejandro Rubido, comisionado Nacional de Seguridad.<\/p>\n","protected":false},"author":5,"featured_media":198036,"comment_status":"open","ping_status":"open","sticky":false,"template":"","format":"standard","meta":{"_monsterinsights_skip_tracking":false,"_monsterinsights_sitenote_active":false,"_monsterinsights_sitenote_note":"","_monsterinsights_sitenote_category":0,"footnotes":""},"categories":[3],"tags":[11567,21346,22499,2014,3244,31494],"class_list":["post-198035","post","type-post","status-publish","format-standard","has-post-thumbnail","hentry","category-nacional","tag-autopista-del-sol","tag-ayotzinapa","tag-desaparecidos","tag-estudiantes","tag-guerrero","tag-monte-alejandro-rubido-garcia"],"_links":{"self":[{"href":"https:\/\/www.diarioimagen.net\/index.php?rest_route=\/wp\/v2\/posts\/198035","targetHints":{"allow":["GET"]}}],"collection":[{"href":"https:\/\/www.diarioimagen.net\/index.php?rest_route=\/wp\/v2\/posts"}],"about":[{"href":"https:\/\/www.diarioimagen.net\/index.php?rest_route=\/wp\/v2\/types\/post"}],"author":[{"embeddable":true,"href":"https:\/\/www.diarioimagen.net\/index.php?rest_route=\/wp\/v2\/users\/5"}],"replies":[{"embeddable":true,"href":"https:\/\/www.diarioimagen.net\/index.php?rest_route=%2Fwp%2Fv2%2Fcomments&post=198035"}],"version-history":[{"count":0,"href":"https:\/\/www.diarioimagen.net\/index.php?rest_route=\/wp\/v2\/posts\/198035\/revisions"}],"wp:featuredmedia":[{"embeddable":true,"href":"https:\/\/www.diarioimagen.net\/index.php?rest_route=\/wp\/v2\/media\/198036"}],"wp:attachment":[{"href":"https:\/\/www.diarioimagen.net\/index.php?rest_route=%2Fwp%2Fv2%2Fmedia&parent=198035"}],"wp:term":[{"taxonomy":"category","embeddable":true,"href":"https:\/\/www.diarioimagen.net\/index.php?rest_route=%2Fwp%2Fv2%2Fcategories&post=198035"},{"taxonomy":"post_tag","embeddable":true,"href":"https:\/\/www.diarioimagen.net\/index.php?rest_route=%2Fwp%2Fv2%2Ftags&post=198035"}],"curies":[{"name":"wp","href":"https:\/\/api.w.org\/{rel}","templated":true}]}}