{"id":198041,"date":"2014-11-26T23:55:03","date_gmt":"2014-11-27T05:55:03","guid":{"rendered":"http:\/\/www.diarioimagen.net\/?p=198041"},"modified":"2014-11-27T04:38:45","modified_gmt":"2014-11-27T10:38:45","slug":"tv-francesa-reporta-plagio-de-31-alumnos-en-cocula","status":"publish","type":"post","link":"https:\/\/www.diarioimagen.net\/?p=198041","title":{"rendered":"TV francesa reporta plagio de 31 alumnos en Cocula"},"content":{"rendered":"<ul>\n<li><strong><em>Revela que se los llevaron unos enmascarados en veh\u00edculos policiacos<\/em><\/strong><\/li>\n<\/ul>\n<div id=\"attachment_198042\" style=\"width: 250px\" class=\"wp-caption alignleft\"><img loading=\"lazy\" decoding=\"async\" aria-describedby=\"caption-attachment-198042\" class=\"wp-image-198042 size-medium\" src=\"http:\/\/www.diarioimagen.net\/wp-content\/uploads\/2014\/11\/tv-francesa-portal-240x135.jpg\" alt=\"France24 dijo que el secuestro de julio se produjo el \u00faltimo d\u00eda de clases y hasta ahora se desconoce el paradero de los estudiantes. \" width=\"240\" height=\"135\" srcset=\"https:\/\/www.diarioimagen.net\/wp-content\/uploads\/2014\/11\/tv-francesa-portal-240x135.jpg 240w, https:\/\/www.diarioimagen.net\/wp-content\/uploads\/2014\/11\/tv-francesa-portal-420x236.jpg 420w, https:\/\/www.diarioimagen.net\/wp-content\/uploads\/2014\/11\/tv-francesa-portal-235x132.jpg 235w, https:\/\/www.diarioimagen.net\/wp-content\/uploads\/2014\/11\/tv-francesa-portal-202x114.jpg 202w, https:\/\/www.diarioimagen.net\/wp-content\/uploads\/2014\/11\/tv-francesa-portal-350x196.jpg 350w, https:\/\/www.diarioimagen.net\/wp-content\/uploads\/2014\/11\/tv-francesa-portal-220x123.jpg 220w, https:\/\/www.diarioimagen.net\/wp-content\/uploads\/2014\/11\/tv-francesa-portal-237x132.jpg 237w, https:\/\/www.diarioimagen.net\/wp-content\/uploads\/2014\/11\/tv-francesa-portal.jpg 480w\" sizes=\"auto, (max-width: 240px) 100vw, 240px\" \/><p id=\"caption-attachment-198042\" class=\"wp-caption-text\">Ahora es la televisi\u00f3n francesa la que presume exclusivas sobre 31 adolescentes de secundaria que fueron secuestrados y desaparecidos en Cocula, s\u00f3lo que en julio.<\/p><\/div>\n<p>Unos 31 estudiantes de secundaria fueron secuestrados a plena luz del d\u00eda en Cocula, Guerrero, el 17 de julio de este a\u00f1o por hombres armados que vest\u00edan uniformes azules, report\u00f3 la cadena televisiva francesa France 24, de propiedad mixta, apoyada en afirmaciones de una testigo.<\/p>\n<p>La madre de uno de los adolescentes plagiados afirm\u00f3 que los secuestradores avisaron a los residentes de la ciudad que matar\u00edan a sus hijos si hablaban del caso, por lo que no se inform\u00f3 del incidente a las autoridades ni a los medios de comunicaci\u00f3n.<\/p>\n<p>France24 dijo que el secuestro de julio se produjo el \u00faltimo d\u00eda de clases y hasta ahora se desconoce el paradero de los estudiantes. Cocula es la ciudad vecina de Iguala adonde fueron trasladados en septiembre los 43 estudiantes normalistas desaparecidos de Ayotzinapa.<\/p>\n<p>La emisora expuso que las familias de las v\u00edctimas, aterrorizadas, no reportaron el asunto a las autoridades ni a la prensa hasta ahora. En una breve nota publicada en su portal de noticias agreg\u00f3 que el silencio colectivo se debe en parte a \u201clo que parece ser otro caso de complicidad criminal entre las fuerzas policiacas locales y los c\u00e1rteles de la droga que operan con impunidad en la regi\u00f3n\u201d.<\/p>\n<p>Se detalla que, aunque los secuestradores iban enmascarados, se llevaron a los muchachos en veh\u00edculos policiales que no se preocuparon por camuflar. France24 es copropiedad de la privada TF1 y del ente estatal de televisi\u00f3n. Transmite noticias sin interrupci\u00f3n en franc\u00e9s, ingl\u00e9s y \u00e1rabe en abierto, por cable y por internet.<\/p>\n","protected":false},"excerpt":{"rendered":"<p>Unos 31 estudiantes de secundaria fueron secuestrados a plena luz del d\u00eda en Cocula, Guerrero, el 17 de julio de este a\u00f1o por hombres armados que vest\u00edan uniformes azules, report\u00f3 la cadena televisiva francesa France 24, de propiedad mixta, apoyada en afirmaciones de una testigo.<\/p>\n","protected":false},"author":5,"featured_media":198042,"comment_status":"open","ping_status":"open","sticky":false,"template":"","format":"standard","meta":{"_monsterinsights_skip_tracking":false,"_monsterinsights_sitenote_active":false,"_monsterinsights_sitenote_note":"","_monsterinsights_sitenote_category":0,"footnotes":""},"categories":[17,9],"tags":[2115,43673,3599,2008],"class_list":["post-198041","post","type-post","status-publish","format-standard","has-post-thumbnail","hentry","category-especiales","category-mundo","tag-francia","tag-nacional","tag-plagio","tag-tv"],"_links":{"self":[{"href":"https:\/\/www.diarioimagen.net\/index.php?rest_route=\/wp\/v2\/posts\/198041","targetHints":{"allow":["GET"]}}],"collection":[{"href":"https:\/\/www.diarioimagen.net\/index.php?rest_route=\/wp\/v2\/posts"}],"about":[{"href":"https:\/\/www.diarioimagen.net\/index.php?rest_route=\/wp\/v2\/types\/post"}],"author":[{"embeddable":true,"href":"https:\/\/www.diarioimagen.net\/index.php?rest_route=\/wp\/v2\/users\/5"}],"replies":[{"embeddable":true,"href":"https:\/\/www.diarioimagen.net\/index.php?rest_route=%2Fwp%2Fv2%2Fcomments&post=198041"}],"version-history":[{"count":0,"href":"https:\/\/www.diarioimagen.net\/index.php?rest_route=\/wp\/v2\/posts\/198041\/revisions"}],"wp:featuredmedia":[{"embeddable":true,"href":"https:\/\/www.diarioimagen.net\/index.php?rest_route=\/wp\/v2\/media\/198042"}],"wp:attachment":[{"href":"https:\/\/www.diarioimagen.net\/index.php?rest_route=%2Fwp%2Fv2%2Fmedia&parent=198041"}],"wp:term":[{"taxonomy":"category","embeddable":true,"href":"https:\/\/www.diarioimagen.net\/index.php?rest_route=%2Fwp%2Fv2%2Fcategories&post=198041"},{"taxonomy":"post_tag","embeddable":true,"href":"https:\/\/www.diarioimagen.net\/index.php?rest_route=%2Fwp%2Fv2%2Ftags&post=198041"}],"curies":[{"name":"wp","href":"https:\/\/api.w.org\/{rel}","templated":true}]}}