{"id":198066,"date":"2014-11-27T00:13:25","date_gmt":"2014-11-27T06:13:25","guid":{"rendered":"http:\/\/www.diarioimagen.net\/?p=198066"},"modified":"2014-11-27T03:31:42","modified_gmt":"2014-11-27T09:31:42","slug":"edomex-protege-el-ambiente","status":"publish","type":"post","link":"https:\/\/www.diarioimagen.net\/?p=198066","title":{"rendered":"Edomex protege el ambiente"},"content":{"rendered":"<h2>Arco Norte<\/h2>\n<h5>Jos\u00e9 Luis Monta\u00f1ez Aguilar<\/h5>\n<p>&nbsp;<\/p>\n<div id=\"attachment_198125\" style=\"width: 250px\" class=\"wp-caption alignleft\"><a href=\"http:\/\/www.diarioimagen.net\/?attachment_id=198125\" rel=\"attachment wp-att-198125\"><img loading=\"lazy\" decoding=\"async\" aria-describedby=\"caption-attachment-198125\" class=\"size-medium wp-image-198125\" src=\"http:\/\/www.diarioimagen.net\/wp-content\/uploads\/2014\/11\/arco-2495-240x171.jpg\" alt=\"Con el prop\u00f3sito de mitigar el impacto ambiental a causa de los proyectos del tren interurbano y la ampliaci\u00f3n de la autopista M\u00e9xico-Toluca, el Gobierno del Estado de M\u00e9xico plantar\u00e1 370 mil \u00e1rboles en una extensi\u00f3n de 370 hect\u00e1reas, cifra que equivale a reforestar el 50 por ciento del Bosque de Chapultepec, anunci\u00f3 el gobernador Eruviel \u00c1vila Villegas.\" width=\"240\" height=\"171\" srcset=\"https:\/\/www.diarioimagen.net\/wp-content\/uploads\/2014\/11\/arco-2495-240x171.jpg 240w, https:\/\/www.diarioimagen.net\/wp-content\/uploads\/2014\/11\/arco-2495-420x300.jpg 420w, https:\/\/www.diarioimagen.net\/wp-content\/uploads\/2014\/11\/arco-2495-90x65.jpg 90w, https:\/\/www.diarioimagen.net\/wp-content\/uploads\/2014\/11\/arco-2495.jpg 1200w\" sizes=\"auto, (max-width: 240px) 100vw, 240px\" \/><\/a><p id=\"caption-attachment-198125\" class=\"wp-caption-text\">Con el prop\u00f3sito de mitigar el impacto ambiental a causa de los proyectos del tren interurbano y la ampliaci\u00f3n de la autopista M\u00e9xico-Toluca, el Gobierno del Estado de M\u00e9xico plantar\u00e1 370 mil \u00e1rboles en una extensi\u00f3n de 370 hect\u00e1reas, cifra que equivale a reforestar el 50 por ciento del Bosque de Chapultepec, anunci\u00f3 el gobernador Eruviel \u00c1vila Villegas.<\/p><\/div>\n<p>El gobernador Eruviel \u00c1vila Villegas anunci\u00f3 que el gobierno del Estado de M\u00e9xico plantar\u00e1 370 mil \u00e1rboles en una extensi\u00f3n de 370 hect\u00e1reas, para mitigar el impacto ambiental por los proyectos del tren interurbano y la ampliaci\u00f3n de la autopista M\u00e9xico-Toluca, cifra que equivale a reforestar el 50 por ciento del Bosque de Chapultepec. \u201cEn el gobierno del Estado de M\u00e9xico, siguiendo el ejemplo del gobierno federal, estamos comprometidos con la sociedad, estamos comprometidos con el medio ambiente y \u00e9stas y muchas otras acciones m\u00e1s seguiremos implementando para mejorar, para proteger nuestro medio ambiente, as\u00ed es que a la opini\u00f3n p\u00fablica le reitero: no estamos perdiendo 37 mil \u00e1rboles, estamos ganando 370 mil \u00e1rboles\u201d, expres\u00f3 al detallar que los arbustos, que ser\u00e1n principalmente de las especies pino, ocote y oyamel, se sembrar\u00e1n en los municipios de Lerma, Ocoyoacac, Otzolotepec y Tianguistenco, luego de que sean retirados 37 mil \u00e1rboles para la ejecuci\u00f3n de las obras referidas. Indic\u00f3 que para esta reforestaci\u00f3n la administraci\u00f3n estatal destinar\u00e1 7.5 millones de pesos, de los cuales 6.5 millones se utilizar\u00e1n para la preparaci\u00f3n de terreno, apertura de cepas, proceso de plantaci\u00f3n, as\u00ed como para el uso de transporte y tecnolog\u00eda y el resto de los recursos para apoyo de los ejidatarios a trav\u00e9s de los programas de Reforestaci\u00f3n y Restauraci\u00f3n Integral de Microcuencas y el de Pago por Servicios Ambientales. El gobernador explic\u00f3 que el proceso para la plantaci\u00f3n se realizar\u00e1 en diversas etapas, por lo que durante este mes y diciembre se determinar\u00e1n los per\u00edmetros de plantaci\u00f3n.<\/p>\n<p><em><a href=\"mailto:montanezaguilar@gmail.com\" target=\"_blank\">montanezaguilar@gmail.com<\/a><\/em><\/p>\n","protected":false},"excerpt":{"rendered":"<p><span style=\"color: #005497;\"><strong>Jos\u00e9 Luis Monta\u00f1ez Aguilar<\/strong><\/span><br \/>\n<br \/>\nEl gobernador Eruviel \u00c1vila Villegas anunci\u00f3 que el gobierno del Estado de M\u00e9xico plantar\u00e1 370 mil \u00e1rboles en una extensi\u00f3n de 370 hect\u00e1reas, para mitigar el impacto ambiental por los proyectos del tren interurbano y la ampliaci\u00f3n de la autopista M\u00e9xico-Toluca, cifra que equivale a reforestar el 50 por ciento del Bosque de Chapultepec.<\/p>\n","protected":false},"author":3,"featured_media":198125,"comment_status":"open","ping_status":"open","sticky":false,"template":"","format":"standard","meta":{"_monsterinsights_skip_tracking":false,"_monsterinsights_sitenote_active":false,"_monsterinsights_sitenote_note":"","_monsterinsights_sitenote_category":0,"footnotes":""},"categories":[5],"tags":[13284,43704,43674],"class_list":["post-198066","post","type-post","status-publish","format-standard","has-post-thumbnail","hentry","category-estado-de-mexico","tag-arco-norte","tag-jose-luis-montanez-aguilar","tag-opinion"],"_links":{"self":[{"href":"https:\/\/www.diarioimagen.net\/index.php?rest_route=\/wp\/v2\/posts\/198066","targetHints":{"allow":["GET"]}}],"collection":[{"href":"https:\/\/www.diarioimagen.net\/index.php?rest_route=\/wp\/v2\/posts"}],"about":[{"href":"https:\/\/www.diarioimagen.net\/index.php?rest_route=\/wp\/v2\/types\/post"}],"author":[{"embeddable":true,"href":"https:\/\/www.diarioimagen.net\/index.php?rest_route=\/wp\/v2\/users\/3"}],"replies":[{"embeddable":true,"href":"https:\/\/www.diarioimagen.net\/index.php?rest_route=%2Fwp%2Fv2%2Fcomments&post=198066"}],"version-history":[{"count":0,"href":"https:\/\/www.diarioimagen.net\/index.php?rest_route=\/wp\/v2\/posts\/198066\/revisions"}],"wp:featuredmedia":[{"embeddable":true,"href":"https:\/\/www.diarioimagen.net\/index.php?rest_route=\/wp\/v2\/media\/198125"}],"wp:attachment":[{"href":"https:\/\/www.diarioimagen.net\/index.php?rest_route=%2Fwp%2Fv2%2Fmedia&parent=198066"}],"wp:term":[{"taxonomy":"category","embeddable":true,"href":"https:\/\/www.diarioimagen.net\/index.php?rest_route=%2Fwp%2Fv2%2Fcategories&post=198066"},{"taxonomy":"post_tag","embeddable":true,"href":"https:\/\/www.diarioimagen.net\/index.php?rest_route=%2Fwp%2Fv2%2Ftags&post=198066"}],"curies":[{"name":"wp","href":"https:\/\/api.w.org\/{rel}","templated":true}]}}