{"id":198068,"date":"2014-11-27T00:07:03","date_gmt":"2014-11-27T06:07:03","guid":{"rendered":"http:\/\/www.diarioimagen.net\/?p=198068"},"modified":"2014-11-28T04:20:11","modified_gmt":"2014-11-28T10:20:11","slug":"actitud-constructiva-ante-la-violencia-pide-pena-nieto","status":"publish","type":"post","link":"https:\/\/www.diarioimagen.net\/?p=198068","title":{"rendered":"Actitud constructiva ante la violencia, pide Pe\u00f1a Nieto"},"content":{"rendered":"<ul>\n<li><strong><em>Gira de trabajo por Quintana Roo<\/em><\/strong><\/li>\n<\/ul>\n<h6>Jos\u00e9 Luis Monta\u00f1ez<\/h6>\n<p>&nbsp;<\/p>\n<div id=\"attachment_198131\" style=\"width: 430px\" class=\"wp-caption aligncenter\"><a href=\"http:\/\/www.diarioimagen.net\/?attachment_id=198131\" rel=\"attachment wp-att-198131\"><img loading=\"lazy\" decoding=\"async\" aria-describedby=\"caption-attachment-198131\" class=\"size-large wp-image-198131\" src=\"http:\/\/www.diarioimagen.net\/wp-content\/uploads\/2014\/11\/epn-2495-420x208.jpg\" alt=\"Al inaugurar la autopista Nuevo Xcan-Playa del Carmen, el presidente Enrique Pe\u00f1a Nieto llam\u00f3 a tener ante la violencia una actitud propositiva y reflexiva.\" width=\"420\" height=\"208\" srcset=\"https:\/\/www.diarioimagen.net\/wp-content\/uploads\/2014\/11\/epn-2495-420x208.jpg 420w, https:\/\/www.diarioimagen.net\/wp-content\/uploads\/2014\/11\/epn-2495-240x119.jpg 240w, https:\/\/www.diarioimagen.net\/wp-content\/uploads\/2014\/11\/epn-2495.jpg 1024w\" sizes=\"auto, (max-width: 420px) 100vw, 420px\" \/><\/a><p id=\"caption-attachment-198131\" class=\"wp-caption-text\">Al inaugurar la autopista Nuevo Xcan-Playa del Carmen, el presidente Enrique Pe\u00f1a Nieto llam\u00f3 a tener ante la violencia una actitud propositiva y reflexiva.<\/p><\/div>\n<p><strong>Playa del Carmen, Quintana Roo<\/strong>.- El presidente Enrique Pe\u00f1a Nieto afirm\u00f3 ayer que el momento cr\u00edtico y doloroso que M\u00e9xico vive tras los hechos ocurridos en Iguala, tambi\u00e9n es un punto de inflexi\u00f3n para construir una naci\u00f3n alejada de escenarios de violencia.<\/p>\n<p>Al inaugurar la autopista Nuevo Xcan-Playa del Carmen, el mandatario federal resalt\u00f3 que dichos acontecimientos han generado diferentes reflexiones sobre el pa\u00eds, y en ese sentido llam\u00f3 a asumir una actitud propositiva y constructiva para modelar el M\u00e9xico que se quiere tener.<\/p>\n<p>\u201cEl gobierno de la Rep\u00fablica, el presidente de la Rep\u00fablica est\u00e1 en esta firme decisi\u00f3n y determinaci\u00f3n de seguir conduciendo al pa\u00eds por el sendero de mayor progreso, desarrollo y elevar la calidad de vida de todos los mexicanos\u201d.<\/p>\n<p>Pe\u00f1a Nieto record\u00f3 que se han escuchado las distintas posiciones a lo largo de estas semanas de condena de hechos de violencia y con toda la raz\u00f3n, porque todos los mexicanos quieren un pa\u00eds de paz y tranquilidad.<\/p>\n<p>\u201cQueremos encontrar condiciones \u00f3ptimas para el desarrollo pleno de nuestra sociedad, para que cada mexicano encuentre espacios plenos de realizaci\u00f3n individual\u201d.<\/p>\n<p>Por ello, dijo que esto debe marcar un punto de inflexi\u00f3n que permita actuar con firmeza, con entereza, con \u00e1nimo renovador, para seguir construyendo el pa\u00eds que todos quieren.<\/p>\n<p>Ese es el reto y el compromiso por el que el gobierno est\u00e1 trabajando, pero una actitud constructiva, positiva y de propuestas ser\u00e1 la que permita modelar entre sociedad y gobierno el M\u00e9xico que queremos, el M\u00e9xico que queremos proyectar hacia el mundo entero.<\/p>\n<p style=\"text-align: center;\"><strong>Clausura reuni\u00f3n de Ministros Iberoamericanos del Trabajo<\/strong><\/p>\n<p>Anteriormente, en Canc\u00fan, al clausurar la III Reuni\u00f3n de Ministros Iberoamericanos del Trabajo, el primer mandatario asegur\u00f3 que el pa\u00eds est\u00e1 dando pasos decididos para que los empleos sean m\u00e1s formales, m\u00e1s productivos y mejor remunerados.<\/p>\n<p>Asimismo, el Presidente agradeci\u00f3 el respaldo ofrecido por las naciones iberoamericanas a los proyectos de desarrollo emprendidos por M\u00e9xico. Advirti\u00f3 que estos esfuerzos est\u00e1n dando importantes resultados y dio a conocer cifras que calific\u00f3 alentadoras en materia de creaci\u00f3n de empleos en el pa\u00eds.<\/p>\n","protected":false},"excerpt":{"rendered":"<p><span style=\"color: #005497;\"><strong>Jos\u00e9 Luis Monta\u00f1ez<\/strong><\/span><br \/>\n<br \/>\nEl presidente Enrique Pe\u00f1a Nieto afirm\u00f3 ayer que el momento cr\u00edtico y doloroso que M\u00e9xico vive tras los hechos ocurridos en Iguala, tambi\u00e9n es un punto de inflexi\u00f3n para construir una naci\u00f3n alejada de escenarios de violencia.<\/p>\n","protected":false},"author":3,"featured_media":198131,"comment_status":"open","ping_status":"open","sticky":false,"template":"","format":"standard","meta":{"_monsterinsights_skip_tracking":false,"_monsterinsights_sitenote_active":false,"_monsterinsights_sitenote_note":"","_monsterinsights_sitenote_category":0,"footnotes":""},"categories":[3],"tags":[18,43673,2771,1250,8142],"class_list":["post-198068","post","type-post","status-publish","format-standard","has-post-thumbnail","hentry","category-nacional","tag-enrique-pena-nieto","tag-nacional","tag-playa-del-carmen","tag-quintana-roo","tag-roberto-borge-angulo"],"_links":{"self":[{"href":"https:\/\/www.diarioimagen.net\/index.php?rest_route=\/wp\/v2\/posts\/198068","targetHints":{"allow":["GET"]}}],"collection":[{"href":"https:\/\/www.diarioimagen.net\/index.php?rest_route=\/wp\/v2\/posts"}],"about":[{"href":"https:\/\/www.diarioimagen.net\/index.php?rest_route=\/wp\/v2\/types\/post"}],"author":[{"embeddable":true,"href":"https:\/\/www.diarioimagen.net\/index.php?rest_route=\/wp\/v2\/users\/3"}],"replies":[{"embeddable":true,"href":"https:\/\/www.diarioimagen.net\/index.php?rest_route=%2Fwp%2Fv2%2Fcomments&post=198068"}],"version-history":[{"count":0,"href":"https:\/\/www.diarioimagen.net\/index.php?rest_route=\/wp\/v2\/posts\/198068\/revisions"}],"wp:featuredmedia":[{"embeddable":true,"href":"https:\/\/www.diarioimagen.net\/index.php?rest_route=\/wp\/v2\/media\/198131"}],"wp:attachment":[{"href":"https:\/\/www.diarioimagen.net\/index.php?rest_route=%2Fwp%2Fv2%2Fmedia&parent=198068"}],"wp:term":[{"taxonomy":"category","embeddable":true,"href":"https:\/\/www.diarioimagen.net\/index.php?rest_route=%2Fwp%2Fv2%2Fcategories&post=198068"},{"taxonomy":"post_tag","embeddable":true,"href":"https:\/\/www.diarioimagen.net\/index.php?rest_route=%2Fwp%2Fv2%2Ftags&post=198068"}],"curies":[{"name":"wp","href":"https:\/\/api.w.org\/{rel}","templated":true}]}}