{"id":198083,"date":"2014-11-27T00:02:55","date_gmt":"2014-11-27T06:02:55","guid":{"rendered":"http:\/\/www.diarioimagen.net\/?p=198083"},"modified":"2014-11-27T04:24:36","modified_gmt":"2014-11-27T10:24:36","slug":"para-cuando-la-economia","status":"publish","type":"post","link":"https:\/\/www.diarioimagen.net\/?p=198083","title":{"rendered":"Para cu\u00e1ndo la econom\u00eda"},"content":{"rendered":"<h2>Acta P\u00fablica<\/h2>\n<h5>Claudia Rodr\u00edguez<\/h5>\n<p>&nbsp;<\/p>\n<p>Hoy, el presidente Enrique Pe\u00f1a Nieto estar\u00eda anunciando una Comisi\u00f3n contra la Violencia o en pro de la Justicia con la finalidad de abonar en positivo para paliar la crisis por la que atraviesa el gobierno federal, luego de Ayotzinapa \u2014y ahora Cocula\u2014 igual en Guerrero, de acuerdo a la investigaci\u00f3n de France 24.<\/p>\n<p>Sin embargo, la crisis nacional no se resolver\u00e1 si no se atacan a la vez, otros frentes.\u00a0 El de la econom\u00eda, por ejemplo.<\/p>\n<p>No es posible que medi\u00e1ticamente se repita una y otra vez, en voz ahora de Agust\u00edn Carstens, gobernador del Banco de M\u00e9xico (Banxico), que el escaso crecimiento de la econom\u00eda nacional, reflejada sobre todo en el Producto Interno Bruto (PIB) nacional, tenga que ver con factores externos, e incluso con el d\u00e9bil crecimiento de nuestro vecino del norte; los Estados Unidos.\u00a0Cuando justo all\u00e1, hubo un claro ajuste positivo del PIB.<\/p>\n<p>El Departamento de Comercio estadounidense inform\u00f3 apenas hace unos d\u00edas, que en el tercer trimestre del a\u00f1o, la Uni\u00f3n Americana creci\u00f3 un 3.9%, por o encima del 3.5% estimado.\u00a0Cifras positivas que se deben al mayor gasto de sus consumidores, aunado incluso al crecimiento de las exportaciones.<\/p>\n<p>Es cierto que Jap\u00f3n y la zona del euro han mostrado una importante recesi\u00f3n econ\u00f3mica, pero el mayor intercambio comercial M\u00e9xico lo opera con los Estados Unidos, lo que demuestra que nuestro impacto negativo en cuestiones de econom\u00eda y finanzas deviene de sucesos sobre todo, dom\u00e9sticos.<\/p>\n<p>Con todas las promesas de crecimiento voz del presidente Enrique Pe\u00f1a y del secretario de Hacienda, Luis Videgaray para el curso de la presente administraci\u00f3n federal, las expectativas positivas van quedando rezagadas. S\u00f3lo hay que observar las cifras del PIB nacional en los primeros tres trimestres de este 2014 para advertir que vamos mal, independientemente de las causas que lo provoquen:\u00a0Primer trimestre 2.2%, segundo 1.8 y tercer trimestre 1.9%.<\/p>\n<p>As\u00ed no llegaremos nunca al 4% o 5% del PIB proyectado para esta administraci\u00f3n.\u00a0Sobre todo cuando se advierte que debajo de las declaraciones medi\u00e1ticas para el consumo de la sociedad mexicana, hay m\u00e1s oscurantismo que franqueza.<\/p>\n<p><strong><em>Acta Divina\u2026 <\/em><\/strong>El gobernador del Banxico, Agust\u00edn Carstens, reconoci\u00f3 que existen factores de riesgo tanto externos como internos que podr\u00edan afectar el desarrollo de la econom\u00eda mexicana y se\u00f1al\u00f3 que la modificaci\u00f3n de la pol\u00edtica monetaria de los Estados Unidos puede incidir, as\u00ed como otros factores geopol\u00edticos y la volatilidad debido a la desaceleraci\u00f3n de Europa y Jap\u00f3n.<\/p>\n<p><strong><em>Para advertir\u2026 <\/em><\/strong>Otra vez la misma historia: Recursos para combatir a los violentos.\u00a0 Y para los mexicanos trabajadores, responsables y m\u00e1s. \u00bfCu\u00e1ndo?<\/p>\n<p><em><a href=\"mailto:actapublica@gmail.com\" target=\"_blank\">actapublica@gmail.com<\/a><\/em><\/p>\n","protected":false},"excerpt":{"rendered":"<p><span style=\"color: #005497;\"><strong>Claudia Rodr\u00edguez<\/strong><\/span><\/p>\n","protected":false},"author":3,"featured_media":0,"comment_status":"open","ping_status":"open","sticky":false,"template":"","format":"standard","meta":{"_monsterinsights_skip_tracking":false,"_monsterinsights_sitenote_active":false,"_monsterinsights_sitenote_note":"","_monsterinsights_sitenote_category":0,"footnotes":""},"categories":[1281],"tags":[43674],"class_list":["post-198083","post","type-post","status-publish","format-standard","hentry","category-claudia-rodriguez","tag-opinion"],"_links":{"self":[{"href":"https:\/\/www.diarioimagen.net\/index.php?rest_route=\/wp\/v2\/posts\/198083","targetHints":{"allow":["GET"]}}],"collection":[{"href":"https:\/\/www.diarioimagen.net\/index.php?rest_route=\/wp\/v2\/posts"}],"about":[{"href":"https:\/\/www.diarioimagen.net\/index.php?rest_route=\/wp\/v2\/types\/post"}],"author":[{"embeddable":true,"href":"https:\/\/www.diarioimagen.net\/index.php?rest_route=\/wp\/v2\/users\/3"}],"replies":[{"embeddable":true,"href":"https:\/\/www.diarioimagen.net\/index.php?rest_route=%2Fwp%2Fv2%2Fcomments&post=198083"}],"version-history":[{"count":0,"href":"https:\/\/www.diarioimagen.net\/index.php?rest_route=\/wp\/v2\/posts\/198083\/revisions"}],"wp:attachment":[{"href":"https:\/\/www.diarioimagen.net\/index.php?rest_route=%2Fwp%2Fv2%2Fmedia&parent=198083"}],"wp:term":[{"taxonomy":"category","embeddable":true,"href":"https:\/\/www.diarioimagen.net\/index.php?rest_route=%2Fwp%2Fv2%2Fcategories&post=198083"},{"taxonomy":"post_tag","embeddable":true,"href":"https:\/\/www.diarioimagen.net\/index.php?rest_route=%2Fwp%2Fv2%2Ftags&post=198083"}],"curies":[{"name":"wp","href":"https:\/\/api.w.org\/{rel}","templated":true}]}}