{"id":198108,"date":"2014-11-27T00:04:36","date_gmt":"2014-11-27T06:04:36","guid":{"rendered":"http:\/\/www.diarioimagen.net\/?p=198108"},"modified":"2014-11-27T04:24:53","modified_gmt":"2014-11-27T10:24:53","slug":"un-adios-anunciado","status":"publish","type":"post","link":"https:\/\/www.diarioimagen.net\/?p=198108","title":{"rendered":"Un adi\u00f3s anunciado"},"content":{"rendered":"<h2>Punto por punto<\/h2>\n<h5>Augusto Corro<\/h5>\n<p>&nbsp;<\/p>\n<p>El ingeniero Cuauht\u00e9moc C\u00e1rdenas Sol\u00f3rzano renunci\u00f3 de manera irrevocable a su militancia en el Partido de la Revoluci\u00f3n Democr\u00e1tica (PRD).<\/p>\n<p>De esta manera se alej\u00f3, por el momento, de la izquierda c\u00f3moda que practican \u201cLos Chuchos\u201dy el propio \u201cl\u00edder moral\u201d.<\/p>\n<p>(\u00bfPero de que se trata la izquierda c\u00f3moda? Pues de la actitud pol\u00edtica que dizque de izquierda que les permite a los dirigentes, como \u201cLos Chuchos\u201d,\u00a0\u00a0 vivir de la demagogia, empe\u00f1ados en el enga\u00f1o, en hacer a un lado sus principios a fin de usar la pol\u00edtica como un instrumento ideal para enriquecerse econ\u00f3micamente. En s\u00edntesis, manejar una franquicia pol\u00edtica lucrativa).<\/p>\n<p>Quiz\u00e1s el ingeniero C\u00e1rdenas Sol\u00f3rzano no le ata\u00f1a el rengl\u00f3n del enriquecimiento a trav\u00e9s de la pol\u00edtica, pero s\u00ed lo alcanza la demagogia partidista. \u00bfQu\u00e9 beneficios recibi\u00f3 el pa\u00eds desde que naci\u00f3 el PRD? \u00bfQu\u00e9 tanto por ciento se redujo la pobreza? \u00bfCu\u00e1nto creci\u00f3 el empleo? La figura pol\u00edtica del michoacano s\u00f3lo sirvi\u00f3 para manejar la imagen de pluralidad pol\u00edtica en M\u00e9xico y nada m\u00e1s.<\/p>\n<p style=\"text-align: center;\"><strong>LA RENUNCIA<\/strong><\/p>\n<p>Dijo el michoacano que se fue del PRD por congruencia y porque tendr\u00eda que compartir responsabilidad por decisiones \u201ctomadas por miop\u00edas, oportunismo o autocomplacencia en las que no haya tenido cabida la autocr\u00edtica\u201d.<\/p>\n<p>Los pretextos para dejar el partido que fund\u00f3 C\u00e1rdenas Sol\u00f3rzano son m\u00e1s que justificables, aunque tambi\u00e9n influy\u00f3 el hast\u00edo de presenciar d\u00eda con d\u00eda como se desmoronaba su obra, con la pol\u00edtica err\u00e1tica de \u201cLos Chuchos\u201d.<\/p>\n<p>Ya se esperaba esa determinaci\u00f3n, despu\u00e9s de enfrentamientos verbales con la dirigencia de la franquicia pol\u00edtica denominada PRD. Entre otras causas que originaron la salida del \u201cl\u00edder moral\u201d se encuentran las viejas rencillas que se agudizaron con el involucramiento del PRD, en el caso Iguala, espec\u00edficamente, en la desaparici\u00f3n de los 43 normalistas de Ayotzinapa. El ingeniero C\u00e1rdenas Sol\u00f3rzano explic\u00f3 que renunci\u00f3 por congruencia y porque tendr\u00eda que compartir responsabilidad por decisiones \u201ctomadas por miop\u00eda, oportunismo o autocomplacencia en las que no haya tenido cabida la autocr\u00edtica\u201d.<\/p>\n<p style=\"text-align: center;\"><strong>\u201cLOS CHUCHOS\u201d<\/strong><\/p>\n<p>Como se sabe, \u201cLos Chuchos\u201d le brindaron todo el apoyo al candidato a la presidencia municipal de Iguala, Jos\u00e9 Luis Abarca Vel\u00e1zquez, quien a la postre result\u00f3 ser el autor intelectual de los hechos violentos, en aquella noche-madrugada, del 26 y 27 de septiembre pasado.<\/p>\n<p>El repudio de la sociedad por esa tragedia lo recibi\u00f3 el propio ingeniero C\u00e1rdenas Sol\u00f3rzano, cuando fue echado de una manifestaci\u00f3n que exig\u00eda la presentaci\u00f3n con vida de los estudiantes mencionados. Adem\u00e1s, al \u201cl\u00edder moral\u201d no le pareci\u00f3 que su partido no participara en las marchas de protesta. \u00bfC\u00f3mo iban a participar los perredistas en las protestas si tienen una cola largu\u00edsima que le pisen?<\/p>\n<p style=\"text-align: center;\"><strong>LO QUE SIGUE<\/strong><\/p>\n<p>El PRD, con la renuncia de su l\u00edder moral, enfrentar\u00e1 una desbandada de sus principales dirigentes, algunos del grupo de C\u00e1rdenas Sol\u00f3rzano, u otros descontentos con la pol\u00edtica de \u201cLos Chuchos\u201d. A la hora de escribir estas l\u00edneas, el senador amarillo Alejandro Encinas, ya contemplaba la decisi\u00f3n de seguir los pasos del ingeniero C\u00e1rdenas. En las pr\u00f3ximas horas, un \u201cgrupo de compa\u00f1eros\u201d determinar\u00e1n si renuncian como C\u00e1rdenas\u201d, dijo. Tambi\u00e9n se\u00f1al\u00f3 que la salida del ingeniero del PRD refleja no s\u00f3lo de la \u201cprofunda crisis\u201d del partido, sino del deterioro de las instituciones internas del partido.<\/p>\n<p style=\"text-align: center;\"><strong>LA TRAGEDIA<\/strong><\/p>\n<p>A ra\u00edz de los hechos violentos en Iguala, el PRD cay\u00f3 en un tobog\u00e1n que lo desliza a su desaparici\u00f3n. En Guerrero, con su actitud protectora a Abarca Vel\u00e1zquez, y al propio gobernador \u00c1ngel Aguirre Rivero, ambos de extracci\u00f3n perredista, la c\u00fapula del partido amarillo perdi\u00f3 su autoridad moral para opina o interceder a favor de los estudiantes victimados.<\/p>\n<p>El reci\u00e9n llegado a la presidencia del PRD, Carlos Navarrete, tuvo la ocurrencia de ir a Guerrero a pedir perd\u00f3n por su ceguera de arropar al delincuente Abarca Vel\u00e1zquez, quien pose\u00eda un historial lleno de acciones delincuenciales.<\/p>\n<p>El alcalde y su esposa, Mar\u00eda de los \u00c1ngeles Pineda Villa, fueron se\u00f1alados como los operadores del c\u00e1rtel Guerreros Unidos, autores materiales, junto con las polic\u00edas municipales de Iguala y Cocula, de la desaparici\u00f3n de los normalistas. \u201cLos Chuchos\u201d no tuvieron la inteligencia suficiente para comprender el l\u00edo en que se encontraba inmerso su partido, pues se dieron el lujo de arropar al gobernador Aguirre Rivero, quien finalmente fue echado del cargo. En esa lista de errores perredistas, el ex dirigente del partido, Jes\u00fas Zambrano, se reuni\u00f3 con el ahora ex alcalde de Iguala, Abarca Vel\u00e1zquez, para planear su fuga.<\/p>\n<p>El PRD, defensor de las causas sociales, seg\u00fan sus dirigentes, qued\u00f3 pasmado ante la ola de acontecimientos derivados de la tragedia de Iguala y empez\u00f3 a vivir una crisis profunda interna, la m\u00e1s grave en sus 25 a\u00f1os de vida.<\/p>\n<p style=\"text-align: center;\"><strong>LA CRISIS<\/strong><\/p>\n<p>A mediados de noviembre, el l\u00edder moral del PRD inst\u00f3 a Carlos Navarrete a renunciar al Comit\u00e9 Ejecutivo de esa organizaci\u00f3n pol\u00edtica, como una medida de fondo para comenzar a superar la crisis que enfrenta el partido y que \u201camenaza con su disoluci\u00f3n\u201d.<\/p>\n<p>En una carta que el ingeniero C\u00e1rdenas Sol\u00f3rzano a los dirigentes y militantes del sol azteca, les advirti\u00f3 que el PRD est\u00e1 inmerso en un proceso de descomposici\u00f3n, que solo podr\u00e1 superarse con medidas de fondo que lo modifiquen de ra\u00edz y le permitan recuperar la credibilidad. Dijo tambi\u00e9n que el PRD \u201cest\u00e1 a punto de disolverse o de quedar como una simple franquicia pol\u00edtico electoral.<\/p>\n<p>Los hechos ocurridos en Iguala y las \u201cdesafortunadas y cuestionables decisiones tomadas por la direcci\u00f3n nacional\u201d a partir de esas circunstancias han sido la \u201cpuntilla\u201d, de ah\u00ed la propuesta de reforma de fondo del PRD.<\/p>\n<p><em><a href=\"mailto:aco2742@hotmail.com\" target=\"_blank\">aco2742@hotmail.com<\/a><\/em><\/p>\n","protected":false},"excerpt":{"rendered":"<p><span style=\"color: #005497;\"><strong>Augusto Corro<\/strong><\/span><\/p>\n","protected":false},"author":3,"featured_media":0,"comment_status":"open","ping_status":"open","sticky":false,"template":"","format":"standard","meta":{"_monsterinsights_skip_tracking":false,"_monsterinsights_sitenote_active":false,"_monsterinsights_sitenote_note":"","_monsterinsights_sitenote_category":0,"footnotes":""},"categories":[157],"tags":[43686,43674,11515],"class_list":["post-198108","post","type-post","status-publish","format-standard","hentry","category-augusto-corro","tag-augusto-corro","tag-opinion","tag-punto-por-punto"],"_links":{"self":[{"href":"https:\/\/www.diarioimagen.net\/index.php?rest_route=\/wp\/v2\/posts\/198108","targetHints":{"allow":["GET"]}}],"collection":[{"href":"https:\/\/www.diarioimagen.net\/index.php?rest_route=\/wp\/v2\/posts"}],"about":[{"href":"https:\/\/www.diarioimagen.net\/index.php?rest_route=\/wp\/v2\/types\/post"}],"author":[{"embeddable":true,"href":"https:\/\/www.diarioimagen.net\/index.php?rest_route=\/wp\/v2\/users\/3"}],"replies":[{"embeddable":true,"href":"https:\/\/www.diarioimagen.net\/index.php?rest_route=%2Fwp%2Fv2%2Fcomments&post=198108"}],"version-history":[{"count":0,"href":"https:\/\/www.diarioimagen.net\/index.php?rest_route=\/wp\/v2\/posts\/198108\/revisions"}],"wp:attachment":[{"href":"https:\/\/www.diarioimagen.net\/index.php?rest_route=%2Fwp%2Fv2%2Fmedia&parent=198108"}],"wp:term":[{"taxonomy":"category","embeddable":true,"href":"https:\/\/www.diarioimagen.net\/index.php?rest_route=%2Fwp%2Fv2%2Fcategories&post=198108"},{"taxonomy":"post_tag","embeddable":true,"href":"https:\/\/www.diarioimagen.net\/index.php?rest_route=%2Fwp%2Fv2%2Ftags&post=198108"}],"curies":[{"name":"wp","href":"https:\/\/api.w.org\/{rel}","templated":true}]}}