{"id":198346,"date":"2014-11-28T19:00:28","date_gmt":"2014-11-29T01:00:28","guid":{"rendered":"http:\/\/www.diarioimagen.net\/?p=198346"},"modified":"2014-12-01T02:06:25","modified_gmt":"2014-12-01T08:06:25","slug":"llama-eruviel-avila-a-cerrar-filas-con-el-presidente-y-concretar-el-decalogo-para-mejorar-la-seguridad-justicia-y-estado-de-derecho","status":"publish","type":"post","link":"https:\/\/www.diarioimagen.net\/?p=198346","title":{"rendered":"Llama Eruviel \u00c1vila a\u00a0cerrar filas con el Presidente y concretar el dec\u00e1logo para mejorar la seguridad, justicia y estado de Derecho"},"content":{"rendered":"<ul>\n<li><strong><em>El gobernador se\u00f1al\u00f3 que dicho dec\u00e1logo ofrece una ruta clara para seguir impulsando los cambios de fondo que requiere el pa\u00eds<\/em><\/strong><\/li>\n<\/ul>\n<div id=\"attachment_198347\" style=\"width: 250px\" class=\"wp-caption alignleft\"><a href=\"http:\/\/www.diarioimagen.net\/?attachment_id=198347\" rel=\"attachment wp-att-198347\"><img loading=\"lazy\" decoding=\"async\" aria-describedby=\"caption-attachment-198347\" class=\"size-medium wp-image-198347\" src=\"http:\/\/www.diarioimagen.net\/wp-content\/uploads\/2014\/11\/eruviel-cerrar-240x164.jpg\" alt=\"Cerrando filas en torno al presidente de la Rep\u00fablica, Enrique Pe\u00f1a Nieto, y actuando en forma constructiva y positiva, es la forma para concretar e instrumentar las 10 medidas que anunci\u00f3 el titular del Ejecutivo federal con el prop\u00f3sito de fortalecer la seguridad, la justicia y el Estado de Derecho en el pa\u00eds, afirm\u00f3 el gobernador Eruviel \u00c1vila Villegas, durante la clausura del primer encuentro Nacional sobre Pobreza, Educaci\u00f3n y Pol\u00edticas P\u00fablicas. Retos y Perspectivas.\" width=\"240\" height=\"164\" srcset=\"https:\/\/www.diarioimagen.net\/wp-content\/uploads\/2014\/11\/eruviel-cerrar-240x164.jpg 240w, https:\/\/www.diarioimagen.net\/wp-content\/uploads\/2014\/11\/eruviel-cerrar-420x288.jpg 420w, https:\/\/www.diarioimagen.net\/wp-content\/uploads\/2014\/11\/eruviel-cerrar.jpg 1200w\" sizes=\"auto, (max-width: 240px) 100vw, 240px\" \/><\/a><p id=\"caption-attachment-198347\" class=\"wp-caption-text\">Cerrando filas en torno al presidente de la Rep\u00fablica, Enrique Pe\u00f1a Nieto, y actuando en forma constructiva y positiva, es la forma para concretar e instrumentar las 10 medidas que anunci\u00f3 el titular del Ejecutivo federal con el prop\u00f3sito de fortalecer la seguridad, la justicia y el Estado de Derecho en el pa\u00eds, afirm\u00f3 el gobernador Eruviel \u00c1vila Villegas, durante la clausura del primer encuentro Nacional sobre Pobreza, Educaci\u00f3n y Pol\u00edticas P\u00fablicas. Retos y Perspectivas.<\/p><\/div>\n<p><strong>Toluca, Estado de M\u00e9xico.-\u00a0<\/strong>El gobernador Eruviel \u00c1vila Villegas llam\u00f3 a cerrar filas en torno al presidente de la Rep\u00fablica, Enrique Pe\u00f1a Nieto y que cada quien aporte la parte que le corresponde, actuando en forma constructiva y positiva para concretar e instrumentar las 10 medidas que anunci\u00f3 el Ejecutivo federal con el prop\u00f3sito de fortalecer la seguridad, la justicia y el Estado de Derecho en el pa\u00eds.<\/p>\n<p>\u201cTodos debemos hacer lo que nos corresponde con una actitud propositiva, constructiva para caminar\u00a0 por el sendero de la paz, de la armon\u00eda. Debemos apostarle a que al presidente Pe\u00f1a Nieto le vaya muy bien, debemos entender, y que quede muy claro, que si a \u00e9l le va muy bien, le va a ir mucho mejor a M\u00e9xico.<\/p>\n<p>\u201cLamento que haya algunas voces que apuestan a que le vaya mal, \u00bfqu\u00e9 no amamos a M\u00e9xico, qu\u00e9 no queremos a M\u00e9xico, no queremos lo mejor para nuestros ni\u00f1os, para nuestros j\u00f3venes? Claro que s\u00ed, por eso debemos hacer un cierre de filas en torno a nuestro presidente, en torno a nuestro pa\u00eds y hacer la parte que nos corresponde\u201d, expres\u00f3.<\/p>\n<p>Luego de reiterar el respaldo y reconocimiento por parte de\u00a0 los tres Poderes P\u00fablicos de la entidad a las acciones anunciadas por el presidente de la Rep\u00fablica, el gobernador se\u00f1al\u00f3 que este dec\u00e1logo ofrece una ruta clara para seguir impulsando los cambios de fondo que requiere el pa\u00eds.<\/p>\n<p>En este sentido, consider\u00f3 que como un acierto la iniciativa de reforma constitucional para expedir la Ley contra la Infiltraci\u00f3n del Crimen Organizado en las Autoridades Municipales, para evitar que este c\u00e1ncer invada a quienes constituyen el nivel de gobierno m\u00e1s cercano a la poblaci\u00f3n.<\/p>\n<p>Eruviel \u00c1vila agreg\u00f3 que el establecimiento de las Polic\u00edas Estatales \u00danicas, implicar\u00e1 la creaci\u00f3n de un nuevo modelo policial, que permitir\u00e1 pasar de polic\u00edas municipales d\u00e9biles a una corporaci\u00f3n m\u00e1s confiable, profesional y eficaz, al unificar criterios, protocolos y salarios.<\/p>\n<p>Asimismo, asever\u00f3 que dichas acciones permitir\u00e1n combatir de ra\u00edz problemas como la inseguridad, la corrupci\u00f3n y la desigualdad, adem\u00e1s de fomentar la justicia, transparencia, as\u00ed como el respeto a los derechos humanos.<\/p>\n","protected":false},"excerpt":{"rendered":"<p>El gobernador Eruviel \u00c1vila Villegas llam\u00f3 a cerrar filas en torno al presidente de la Rep\u00fablica, Enrique Pe\u00f1a Nieto y que cada quien aporte la parte que le corresponde, actuando en forma constructiva y positiva para concretar e instrumentar las 10 medidas que anunci\u00f3 el Ejecutivo federal con el prop\u00f3sito de fortalecer la seguridad, la justicia y el Estado de Derecho en el pa\u00eds.<\/p>\n","protected":false},"author":1,"featured_media":198347,"comment_status":"open","ping_status":"open","sticky":false,"template":"","format":"standard","meta":{"_monsterinsights_skip_tracking":false,"_monsterinsights_sitenote_active":false,"_monsterinsights_sitenote_note":"","_monsterinsights_sitenote_category":0,"footnotes":""},"categories":[5],"tags":[18,5828,43675],"class_list":["post-198346","post","type-post","status-publish","format-standard","has-post-thumbnail","hentry","category-estado-de-mexico","tag-enrique-pena-nieto","tag-eruviel-avila-villegas","tag-estado-de-mexico"],"_links":{"self":[{"href":"https:\/\/www.diarioimagen.net\/index.php?rest_route=\/wp\/v2\/posts\/198346","targetHints":{"allow":["GET"]}}],"collection":[{"href":"https:\/\/www.diarioimagen.net\/index.php?rest_route=\/wp\/v2\/posts"}],"about":[{"href":"https:\/\/www.diarioimagen.net\/index.php?rest_route=\/wp\/v2\/types\/post"}],"author":[{"embeddable":true,"href":"https:\/\/www.diarioimagen.net\/index.php?rest_route=\/wp\/v2\/users\/1"}],"replies":[{"embeddable":true,"href":"https:\/\/www.diarioimagen.net\/index.php?rest_route=%2Fwp%2Fv2%2Fcomments&post=198346"}],"version-history":[{"count":0,"href":"https:\/\/www.diarioimagen.net\/index.php?rest_route=\/wp\/v2\/posts\/198346\/revisions"}],"wp:featuredmedia":[{"embeddable":true,"href":"https:\/\/www.diarioimagen.net\/index.php?rest_route=\/wp\/v2\/media\/198347"}],"wp:attachment":[{"href":"https:\/\/www.diarioimagen.net\/index.php?rest_route=%2Fwp%2Fv2%2Fmedia&parent=198346"}],"wp:term":[{"taxonomy":"category","embeddable":true,"href":"https:\/\/www.diarioimagen.net\/index.php?rest_route=%2Fwp%2Fv2%2Fcategories&post=198346"},{"taxonomy":"post_tag","embeddable":true,"href":"https:\/\/www.diarioimagen.net\/index.php?rest_route=%2Fwp%2Fv2%2Ftags&post=198346"}],"curies":[{"name":"wp","href":"https:\/\/api.w.org\/{rel}","templated":true}]}}