{"id":198361,"date":"2014-11-28T12:00:50","date_gmt":"2014-11-28T18:00:50","guid":{"rendered":"http:\/\/www.diarioimagen.net\/?p=198361"},"modified":"2014-12-01T02:05:50","modified_gmt":"2014-12-01T08:05:50","slug":"noche-de-las-estrellas-2014-con-nuevas-sedes","status":"publish","type":"post","link":"https:\/\/www.diarioimagen.net\/?p=198361","title":{"rendered":"Noche de las Estrellas 2014, con nuevas sedes"},"content":{"rendered":"<div id=\"attachment_198362\" style=\"width: 250px\" class=\"wp-caption alignleft\"><a href=\"http:\/\/www.diarioimagen.net\/?attachment_id=198362\" rel=\"attachment wp-att-198362\"><img loading=\"lazy\" decoding=\"async\" aria-describedby=\"caption-attachment-198362\" class=\"size-medium wp-image-198362\" src=\"http:\/\/www.diarioimagen.net\/wp-content\/uploads\/2014\/11\/noche-estrellas-2014-240x159.jpg\" alt=\"En la Ciudad de M\u00e9xico las sedes se ubicar\u00e1n en \u201clas Islas\u201d de Ciudad Universitaria; en el Planetario \u201cLuis Enrique Erro\u201d del Instituto Polit\u00e9cnico Nacional (IPN); en el Museo Tecnol\u00f3gico de la Comisi\u00f3n Federal de Electricidad (Mutec), y en el Bosque de Tl\u00e1huac.\" width=\"240\" height=\"159\" srcset=\"https:\/\/www.diarioimagen.net\/wp-content\/uploads\/2014\/11\/noche-estrellas-2014-240x159.jpg 240w, https:\/\/www.diarioimagen.net\/wp-content\/uploads\/2014\/11\/noche-estrellas-2014-420x278.jpg 420w, https:\/\/www.diarioimagen.net\/wp-content\/uploads\/2014\/11\/noche-estrellas-2014.jpg 1200w\" sizes=\"auto, (max-width: 240px) 100vw, 240px\" \/><\/a><p id=\"caption-attachment-198362\" class=\"wp-caption-text\">En la Ciudad de M\u00e9xico las sedes se ubicar\u00e1n en \u201clas Islas\u201d de Ciudad Universitaria; en el Planetario \u201cLuis Enrique Erro\u201d del Instituto Polit\u00e9cnico Nacional (IPN); en el Museo Tecnol\u00f3gico de la Comisi\u00f3n Federal de Electricidad (Mutec), y en el Bosque de Tl\u00e1huac.<\/p><\/div>\n<p>Este a\u00f1o la sexta edici\u00f3n de la Noche de las Estrellas contar\u00e1 con nuevas sedes nacionales e internacionales, en donde Colombia repite en su participaci\u00f3n y la Rep\u00fablica Popular de China debutar\u00e1 en la celebraci\u00f3n.<\/p>\n<p>Este s\u00e1bado la Noche de las Estrellas 2014 ofrecer\u00e1 actividades como observaci\u00f3n astron\u00f3mica, conferencias, talleres y un simulador de la b\u00f3veda celeste, en donde como ya es costumbre los asistentes podr\u00e1n apreciar el cielo y aprender a usar telescopios.<\/p>\n<p>La protagonista ser\u00e1 la Luna en cuarto creciente, aunque al atardecer se podr\u00e1 observar a Marte y m\u00e1s tarde a J\u00fapiter, as\u00ed como la galaxia de Andr\u00f3meda y la constelaci\u00f3n de Ori\u00f3n.<\/p>\n<p>De acuerdo con la Academia Mexicana de Ciencias (AMC), el evento concebido en M\u00e9xico hace cinco a\u00f1os combina la astronom\u00eda, la ciencia y el arte, y este a\u00f1o participar\u00e1n 58 sedes nacionales, incluyendo comunidades de Chiapas y Puebla.<\/p>\n<p>Al nivel internacional Colombia se suma por segunda ocasi\u00f3n, y en su capital Bogot\u00e1 se instalar\u00e1n cinco subsedes, y otras m\u00e1s en Pereira, mientras que la Rep\u00fablica Popular de China debutar\u00e1 en esta celebraci\u00f3n con una sede en el Planetario de Beijing.<\/p>\n<p>En la ciudad de M\u00e9xico las sedes se ubicar\u00e1n en \u201clas Islas\u201d de Ciudad Universitaria; en el Planetario \u201cLuis Enrique Erro\u201d del Instituto Polit\u00e9cnico Nacional (IPN); en el Museo Tecnol\u00f3gico de la Comisi\u00f3n Federal de Electricidad (Mutec), y en el Bosque de Tl\u00e1huac.<\/p>\n<p>En un comunicado, la AMC se\u00f1al\u00f3 que desde la primera edici\u00f3n de este evento de observaci\u00f3n astron\u00f3mica, en 2009, se ha duplicado el n\u00famero de sedes, al pasar de 26 a 58 que se presentan actualmente.<\/p>\n<p>La Noche de las Estrellas es una organizaci\u00f3n integrada e impulsada por la Universidad Nacional Aut\u00f3noma de M\u00e9xico (UNAM), el Consejo Nacional de Ciencia y Tecnolog\u00eda (Conacyt), AMC, IPN y la Agencia Espacial Mexicana (AEM).<\/p>\n<p>Adem\u00e1s por la embajada de Francia en M\u00e9xico, la Asociaci\u00f3n Mexicana de Planetarios, A.C. y la Agrupaci\u00f3n Mexicana de Distribuidores de Telescopios y Binoculares, entre otros.<\/p>\n","protected":false},"excerpt":{"rendered":"<p>Este a\u00f1o la sexta edici\u00f3n de la Noche de las Estrellas contar\u00e1 con nuevas sedes nacionales e internacionales, en donde Colombia repite en su participaci\u00f3n y la Rep\u00fablica Popular de China debutar\u00e1 en la celebraci\u00f3n. Este s\u00e1bado la Noche de las Estrellas 2014 ofrecer\u00e1 actividades como observaci\u00f3n astron\u00f3mica, conferencias, talleres y un simulador de la b\u00f3veda celeste, en donde como ya es costumbre los asistentes podr\u00e1n apreciar el cielo y aprender a usar telescopios.<\/p>\n","protected":false},"author":1,"featured_media":198362,"comment_status":"open","ping_status":"open","sticky":false,"template":"","format":"standard","meta":{"_monsterinsights_skip_tracking":false,"_monsterinsights_sitenote_active":false,"_monsterinsights_sitenote_note":"","_monsterinsights_sitenote_category":0,"footnotes":""},"categories":[3],"tags":[],"class_list":["post-198361","post","type-post","status-publish","format-standard","has-post-thumbnail","hentry","category-nacional"],"_links":{"self":[{"href":"https:\/\/www.diarioimagen.net\/index.php?rest_route=\/wp\/v2\/posts\/198361","targetHints":{"allow":["GET"]}}],"collection":[{"href":"https:\/\/www.diarioimagen.net\/index.php?rest_route=\/wp\/v2\/posts"}],"about":[{"href":"https:\/\/www.diarioimagen.net\/index.php?rest_route=\/wp\/v2\/types\/post"}],"author":[{"embeddable":true,"href":"https:\/\/www.diarioimagen.net\/index.php?rest_route=\/wp\/v2\/users\/1"}],"replies":[{"embeddable":true,"href":"https:\/\/www.diarioimagen.net\/index.php?rest_route=%2Fwp%2Fv2%2Fcomments&post=198361"}],"version-history":[{"count":0,"href":"https:\/\/www.diarioimagen.net\/index.php?rest_route=\/wp\/v2\/posts\/198361\/revisions"}],"wp:featuredmedia":[{"embeddable":true,"href":"https:\/\/www.diarioimagen.net\/index.php?rest_route=\/wp\/v2\/media\/198362"}],"wp:attachment":[{"href":"https:\/\/www.diarioimagen.net\/index.php?rest_route=%2Fwp%2Fv2%2Fmedia&parent=198361"}],"wp:term":[{"taxonomy":"category","embeddable":true,"href":"https:\/\/www.diarioimagen.net\/index.php?rest_route=%2Fwp%2Fv2%2Fcategories&post=198361"},{"taxonomy":"post_tag","embeddable":true,"href":"https:\/\/www.diarioimagen.net\/index.php?rest_route=%2Fwp%2Fv2%2Ftags&post=198361"}],"curies":[{"name":"wp","href":"https:\/\/api.w.org\/{rel}","templated":true}]}}