{"id":198597,"date":"2014-12-02T00:13:30","date_gmt":"2014-12-02T06:13:30","guid":{"rendered":"http:\/\/www.diarioimagen.net\/?p=198597"},"modified":"2014-12-02T03:49:47","modified_gmt":"2014-12-02T09:49:47","slug":"reformas-positivas-para-el-pais","status":"publish","type":"post","link":"https:\/\/www.diarioimagen.net\/?p=198597","title":{"rendered":"Reformas positivas para el pa\u00eds"},"content":{"rendered":"<h2>Arco Norte<\/h2>\n<h5>Jos\u00e9 Luis Monta\u00f1ez Aguilar<\/h5>\n<p>&nbsp;<\/p>\n<div id=\"attachment_198670\" style=\"width: 250px\" class=\"wp-caption alignleft\"><a href=\"http:\/\/www.diarioimagen.net\/?attachment_id=198670\" rel=\"attachment wp-att-198670\"><img loading=\"lazy\" decoding=\"async\" aria-describedby=\"caption-attachment-198670\" class=\"size-medium wp-image-198670\" src=\"http:\/\/www.diarioimagen.net\/wp-content\/uploads\/2014\/12\/arco-2498-240x149.jpg\" alt=\"El gobernador Eruviel \u00c1vila Villegas expres\u00f3 su felicitaci\u00f3n al presidente Enrique Pe\u00f1a Nieto por cumplir dos a\u00f1os al frente del Ejecutivo federal, tiempo en el cual se han puesto en marcha reformas transformadoras que tendr\u00e1n un efecto positivo para M\u00e9xico en diversos rubros, por lo que reiter\u00f3 su llamado a cerrar filas en torno a las acciones emprendidas por el Gobierno de la Rep\u00fablica, ya que es importante encontrar alternativas de soluci\u00f3n para tener un pa\u00eds en paz, pr\u00f3spero y que siga creciendo, durante el Segundo Informe de Labores de la alcaldesa de Toluca, Martha Hilda Gonz\u00e1lez Calder\u00f3n.\" width=\"240\" height=\"149\" srcset=\"https:\/\/www.diarioimagen.net\/wp-content\/uploads\/2014\/12\/arco-2498-240x149.jpg 240w, https:\/\/www.diarioimagen.net\/wp-content\/uploads\/2014\/12\/arco-2498-420x261.jpg 420w, https:\/\/www.diarioimagen.net\/wp-content\/uploads\/2014\/12\/arco-2498.jpg 1200w\" sizes=\"auto, (max-width: 240px) 100vw, 240px\" \/><\/a><p id=\"caption-attachment-198670\" class=\"wp-caption-text\">El gobernador Eruviel \u00c1vila Villegas expres\u00f3 su felicitaci\u00f3n al presidente Enrique Pe\u00f1a Nieto por cumplir dos a\u00f1os al frente del Ejecutivo federal, tiempo en el cual se han puesto en marcha reformas transformadoras que tendr\u00e1n un efecto positivo para M\u00e9xico en diversos rubros, por lo que reiter\u00f3 su llamado a cerrar filas en torno a las acciones emprendidas por el Gobierno de la Rep\u00fablica, ya que es importante encontrar alternativas de soluci\u00f3n para tener un pa\u00eds en paz, pr\u00f3spero y que siga creciendo, durante el Segundo Informe de Labores de la alcaldesa de Toluca, Martha Hilda Gonz\u00e1lez Calder\u00f3n.<\/p><\/div>\n<p>A dos a\u00f1os de la administraci\u00f3n del presidente Enrique Pe\u00f1a Nieto, el gobernador Eruviel \u00c1vila Villegas expres\u00f3 su reconocimiento y felicitaci\u00f3n\u00a0 en nombre del gobierno del Estado de M\u00e9xico, ya que durante su gesti\u00f3n se han puesto en marcha reformas que tendr\u00e1n un efecto positivo para el pa\u00eds en diversos rubros, por lo que reiter\u00f3 su llamado a cerrar filas\u00a0en torno a las acciones emprendidas por el Ejecutivo federal, ya que es importante encontrar alternativas de soluci\u00f3n para tener un pa\u00eds en paz, pr\u00f3spero y que siga creciendo. \u201cHoy (ayer), en el que tambi\u00e9n se cumplen dos a\u00f1os del gobierno del presidente Enrique Pe\u00f1a Nieto, queremos expresarle, en nombre del gobierno del Estado de M\u00e9xico, y estoy cierto, en nombre de todos los mexiquenses, nuestra felicitaci\u00f3n porque a dos a\u00f1os de gobierno tenemos reformas transformadoras que habr\u00e1n de tener un efecto positivo en el pa\u00eds, para el desarrollo y la educaci\u00f3n, el crecimiento econ\u00f3mico para poder impulsar m\u00e1s y mejores empleos. El presidente Pe\u00f1a Nieto logr\u00f3 en dos a\u00f1os lo que durante mucho tiempo no se pudo concretar, mi reconocimiento tambi\u00e9n a todas las fuerzas pol\u00edticas que aportaron su parte, al Congreso de la Uni\u00f3n, es importante que hoy podamos reflexionar respecto a este logro de todos los mexicanos\u201d, expres\u00f3. Al asistir al Segundo Informe de Labores de Martha Hilda Gonz\u00e1lez Calder\u00f3n, presidenta municipal de Toluca, Eruviel \u00c1vila reconoci\u00f3 a la alcaldesa los logros de su administraci\u00f3n y reiter\u00f3 el compromiso de su gobierno para continuar trabajando de manera coordinada.<\/p>\n<p><em><a href=\"mailto:montanezaguilar@gmail.com\" target=\"_blank\">montanezaguilar@gmail.com<\/a><\/em><\/p>\n","protected":false},"excerpt":{"rendered":"<p><span style=\"color: #005497;\"><strong>Jos\u00e9 Luis Monta\u00f1ez Aguilar<\/strong><\/span><br \/>\n<br \/>\nA dos a\u00f1os de la administraci\u00f3n del presidente Enrique Pe\u00f1a Nieto, el<\/p>\n","protected":false},"author":3,"featured_media":198670,"comment_status":"open","ping_status":"open","sticky":false,"template":"","format":"standard","meta":{"_monsterinsights_skip_tracking":false,"_monsterinsights_sitenote_active":false,"_monsterinsights_sitenote_note":"","_monsterinsights_sitenote_category":0,"footnotes":""},"categories":[5],"tags":[13284,43675,43704,43674],"class_list":["post-198597","post","type-post","status-publish","format-standard","has-post-thumbnail","hentry","category-estado-de-mexico","tag-arco-norte","tag-estado-de-mexico","tag-jose-luis-montanez-aguilar","tag-opinion"],"_links":{"self":[{"href":"https:\/\/www.diarioimagen.net\/index.php?rest_route=\/wp\/v2\/posts\/198597","targetHints":{"allow":["GET"]}}],"collection":[{"href":"https:\/\/www.diarioimagen.net\/index.php?rest_route=\/wp\/v2\/posts"}],"about":[{"href":"https:\/\/www.diarioimagen.net\/index.php?rest_route=\/wp\/v2\/types\/post"}],"author":[{"embeddable":true,"href":"https:\/\/www.diarioimagen.net\/index.php?rest_route=\/wp\/v2\/users\/3"}],"replies":[{"embeddable":true,"href":"https:\/\/www.diarioimagen.net\/index.php?rest_route=%2Fwp%2Fv2%2Fcomments&post=198597"}],"version-history":[{"count":0,"href":"https:\/\/www.diarioimagen.net\/index.php?rest_route=\/wp\/v2\/posts\/198597\/revisions"}],"wp:featuredmedia":[{"embeddable":true,"href":"https:\/\/www.diarioimagen.net\/index.php?rest_route=\/wp\/v2\/media\/198670"}],"wp:attachment":[{"href":"https:\/\/www.diarioimagen.net\/index.php?rest_route=%2Fwp%2Fv2%2Fmedia&parent=198597"}],"wp:term":[{"taxonomy":"category","embeddable":true,"href":"https:\/\/www.diarioimagen.net\/index.php?rest_route=%2Fwp%2Fv2%2Fcategories&post=198597"},{"taxonomy":"post_tag","embeddable":true,"href":"https:\/\/www.diarioimagen.net\/index.php?rest_route=%2Fwp%2Fv2%2Ftags&post=198597"}],"curies":[{"name":"wp","href":"https:\/\/api.w.org\/{rel}","templated":true}]}}