{"id":198605,"date":"2014-12-02T00:07:32","date_gmt":"2014-12-02T06:07:32","guid":{"rendered":"http:\/\/www.diarioimagen.net\/?p=198605"},"modified":"2014-12-02T02:50:31","modified_gmt":"2014-12-02T08:50:31","slug":"no-hay-tiempo-que-perder-dice-osorio","status":"publish","type":"post","link":"https:\/\/www.diarioimagen.net\/?p=198605","title":{"rendered":"No hay tiempo que perder, dice Osorio"},"content":{"rendered":"<h2>Tras la puerta del poder<\/h2>\n<h5>Roberto Vizca\u00edno<\/h5>\n<p>&nbsp;<\/p>\n<ul>\n<li><strong><em>El presidente Enrique Pe\u00f1a Nieto envi\u00f3 ayer dos iniciativas al Congreso de la Uni\u00f3n<\/em><\/strong><\/li>\n<li><strong><em>Las primeras son para crear 32 polic\u00edas estatales con mandos \u00fanicos y las de intervenci\u00f3n en municipios<\/em><\/strong><\/li>\n<li><strong><em>El titular de la Segob advierte que el gobierno federal enfrenta hoy reacciones a las reformas aprobadas<\/em><\/strong><\/li>\n<\/ul>\n<div id=\"attachment_198673\" style=\"width: 250px\" class=\"wp-caption alignleft\"><a href=\"http:\/\/www.diarioimagen.net\/?attachment_id=198673\" rel=\"attachment wp-att-198673\"><img loading=\"lazy\" decoding=\"async\" aria-describedby=\"caption-attachment-198673\" class=\"size-medium wp-image-198673\" src=\"http:\/\/www.diarioimagen.net\/wp-content\/uploads\/2014\/12\/tolerados-y-protegidos-RAMON2498-240x158.jpg\" alt=\"Tolerados y protegidos... | Ram\u00f3n\" width=\"240\" height=\"158\" srcset=\"https:\/\/www.diarioimagen.net\/wp-content\/uploads\/2014\/12\/tolerados-y-protegidos-RAMON2498-240x158.jpg 240w, https:\/\/www.diarioimagen.net\/wp-content\/uploads\/2014\/12\/tolerados-y-protegidos-RAMON2498-420x277.jpg 420w, https:\/\/www.diarioimagen.net\/wp-content\/uploads\/2014\/12\/tolerados-y-protegidos-RAMON2498.jpg 1200w\" sizes=\"auto, (max-width: 240px) 100vw, 240px\" \/><\/a><p id=\"caption-attachment-198673\" class=\"wp-caption-text\">Tolerados y protegidos&#8230; | Ram\u00f3n<\/p><\/div>\n<p>Una vez que el presidente Enrique Pe\u00f1a Nieto envi\u00f3 ayer al Congreso sus iniciativas para establecer las polic\u00edas \u00fanicas estatales y para crear la Ley de Infiltraci\u00f3n del Crimen Organizado en los Municipios, los coordinadores parlamentarios en el Senado y la C\u00e1mara de Diputados avanzaron en una agenda para analizar, reformar y aprobar estas iniciativas que podr\u00edan quedar concluidas entre lo que resta de diciembre de este 2014 y enero de 2015.<\/p>\n<p>Con esta determinaci\u00f3n, y desde Chiapas, el presidente Enrique Pe\u00f1a Nieto inicio formalmente su tercer a\u00f1o de gobierno.<\/p>\n<p>De esta forma se disolver\u00e1n los casi 2,400 cuerpos policiacos mal pagados, mal armados y p\u00e9simamente capacitados, muchos de ellos infiltrados o decididamente bajo las \u00f3rdenes del crimen organizado que hoy operan en el \u00e1mbito municipal.<\/p>\n<p>Pero no s\u00f3lo eso, entrar\u00e1 en vigor una nueva ley en que, bajo cualquier indicio de sospecha de infiltraci\u00f3n del crimen organizado en las alcald\u00edas del pa\u00eds, estas puedan ser tambi\u00e9n disueltas y que entre a operar la federaci\u00f3n.<\/p>\n<p>\u201cEsta es la iniciativa que hoy por la ma\u00f1ana he enviado al Congreso para que sea revisada, debatida, enriquecida, y nos permita cumplir con esta tarea fundamental\u201d, indic\u00f3 desde Chiapas el presidente Pe\u00f1a Nieto.<\/p>\n<p>Resalt\u00f3 que en los dos a\u00f1os de esta administraci\u00f3n \u201cse han hecho cosas importantes entre reformas, acciones, programas que hoy est\u00e1n beneficiando a m\u00e1s y m\u00e1s mexicanos.<\/p>\n<p>\u201cEs claro que el esfuerzo que se ha hecho a lo largo de estos dos primeros a\u00f1os ha tenido un objetivo fundamental: establecer una nueva plataforma, un nuevo marco legal, que le depare al pa\u00eds mayor prosperidad, mayor desarrollo y mejores condiciones para todos los mexicanos\u201d, se\u00f1al\u00f3.<\/p>\n<p>Pe\u00f1a Nieto indic\u00f3 que los mexicanos deben sentirse orgullosos de lo que se ha hecho en estos dos primeros a\u00f1os, aunque \u201cno estamos del todo satisfechos, porque a\u00fan falta mucho por hacer\u201d.<\/p>\n<p>Ahora tenemos que lograr, dijo, lo m\u00e1s importante: \u201casegurar que las familias mexicanas tengan condiciones de mayor bienestar, mejores ingresos, que ganen m\u00e1s por su trabajo, les rinda de mejor manera el ingreso que tienen, y vivan en condiciones de mayor dignidad y de mayor desarrollo.<\/p>\n<p>\u201cNo estamos satisfechos por lo que hemos alcanzado; s\u00ed por lo que hemos logrado en el cambio estructural, pero ahora hay que ser perseverantes para asegurar que esos beneficios que sabemos vienen de las reformas, lleguen y beneficien a todas las familias mexicanas\u201d, subray\u00f3.<\/p>\n<p>\u201cEs claro \u2013dijo-, que ese objetivo no est\u00e1 plenamente alcanzado; es claro que nos falta camino por andar; es muy claro que no podemos sentirnos satisfechos por lo que hemos logrado, porque a\u00fan falta que esto se traduzca en condiciones de mayor bienestar para todos los mexicanos y que la gente lo sienta en carne propia, que lo viva y que sea algo tangible para todas las familias\u201d.<\/p>\n<p>Para alcanzar ese objetivo, indic\u00f3, \u201ctenemos que ser perseverantes, porque partimos de la convicci\u00f3n de que lo que hemos hecho era fundamental para entonces emprender un camino que lleve al pa\u00eds a condiciones de mayor desarrollo.<\/p>\n<p>\u201cTenemos que ser perseverantes, tenemos que mantenernos firmes en la ruta que hemos trazado y que, estoy convencido, le va a dar a todas y a todos los mexicanos mejores condiciones de vida\u201d, asegur\u00f3.<\/p>\n<p style=\"text-align: center;\"><strong>\u201cYA LO HACEMOS\u201d<\/strong><\/p>\n<p>En este mismo contexto, el secretario de Gobernaci\u00f3n, Miguel \u00c1ngel Osorio Chong, indic\u00f3 ayer que las otras acciones anunciadas por el Presidente hace una semana, ya comienzan a tomar forma.<\/p>\n<p>Una de ellas, importante, es la c\u00e9dula de identidad. Para ello ya se establecen encuentros con los titulares y encargados del tema en INE, INEGI, IMSS, Conapo, dentro de una primera acci\u00f3n.<\/p>\n<p>Osorio considera que si todo se alinea como se espera, en un esfuerzo muy importante, \u201cyo creo que ser\u00eda un asunto que estar\u00eda operando de unos dos, tres a\u00f1os exageradamente\u201d.<\/p>\n<p>El otro asunto en que ya se avanza r\u00e1pidamente es en establecer el 911 en todo el pa\u00eds.<\/p>\n<p>Hoy mismo, dijo Osorio, existen unos 100 puntos a donde los ciudadanos pueden acudir en caso de emergencia y eso diluye responsabilidades y acciones, y anula una respuesta eficiente. El tema afirm\u00f3, no es un asunto menor.<\/p>\n<p style=\"text-align: center;\"><strong>SAB\u00cdAMOS DE LOS RETOS<\/strong><\/p>\n<p>Entrevistado por Joaqu\u00edn L\u00f3pez D\u00f3riga, el titular de Gobernaci\u00f3n revel\u00f3 que Enrique Pe\u00f1a Nieto analiz\u00f3 con quienes hoy integran su gabinete, las reformas que luego propondr\u00eda al Congreso y que ahora ya son una realidad.<\/p>\n<p>\u201cAntes de asumir el poder, el presidente Enrique Pe\u00f1a Nieto nos convoc\u00f3 para analizar las reformas\u2026 desde entonces vimos que tendr\u00edamos complicaciones enfrente, dificultades, en lo de seguridad, telecomunicaciones, energ\u00eda, fiscal\u2026<\/p>\n<p>\u201cEstos temas estuvieron en la agenda nacional durante a\u00f1os\u2026 al tomar las decisiones sab\u00edamos que habr\u00eda rebote, que al tocarse algunos intereses, al afectarse a otros habr\u00eda reacciones\u2026<\/p>\n<p>\u201cPero as\u00ed avanzamos\u2026 en seguridad, por ejemplo, disminuimos las cifras y los homicidios bajaron mes por mes\u2026<\/p>\n<p>\u201cPero el tema de Iguala y sus consecuencias y contexto, nos puso en una circunstancia dif\u00edcil, compleja\u2026<\/p>\n<p>\u201cHoy, al iniciar su tercer a\u00f1o de gobierno, el presidente Enrique Pe\u00f1a Nieto sabe que hay que modificar cosas\u2026\u201d indic\u00f3 Osorio.<\/p>\n<p>Y al hablar de los retos y riesgos en el tercer a\u00f1o que empieza, consider\u00f3 que el mayor desafi\u00f3 est\u00e1 en aplicar y socializar las reformas aprobadas.<\/p>\n<p>\u201cQue la poblaci\u00f3n las sienta, que eval\u00faen sus beneficios\u2026 que sepa que si bien no son varitas m\u00e1gicas s\u00ed son el camino para obtener mayores beneficios y mejores condiciones de bienestar\u201d, precis\u00f3.<\/p>\n<p>El hidalguense acept\u00f3 que las dificultades ya las tiene el gobierno enfrente, \u201cpero debemos salir adelante a partir de reconocerlas, y de saber que hay fallas\u2026\u201d<\/p>\n<p>Consider\u00f3 sin embargo que hay otros elementos que operan en contra, como por ejemplo la liberaci\u00f3n por falta de pruebas de los 11 anarcos detenidos luego de la marcha y los acontecimientos del Z\u00f3calo.<\/p>\n<p>O como el caso del polic\u00eda judicial del DF que entra a Ciudad Universitaria un s\u00e1bado y hiere a una persona.<\/p>\n<p>\u201cNo, eso no ayuda en nada\u2026 son momentos uno a otro diferentes, pero todos ellos s\u00ed llevan un mal protocolo aplicado por algunos elementos de estas instituciones de seguridad, que nos ponen en esta circunstancias\u201d.<\/p>\n<p>Acept\u00f3 que en todo eso hay fallas de la PGR que no pudo acreditar los delitos de estos personajes\u2026 un mal protocolo de actuaci\u00f3n\u2026 no hicieron los protocolos adecuados, dijo.<\/p>\n<p>\u00bfQu\u00e9 falta para iniciar los diez puntos?, se le pregunt\u00f3.<\/p>\n<p>Osorio indic\u00f3 que en el dec\u00e1logo presentado por el Presidente, existen asuntos de mediano plazo y de largo plazos, y otros que deben pasar antes por el Congreso.<\/p>\n<p>\u201cYa estamos trabajando\u2026 ya hay acciones como el operativo en Tierra Caliente, en lo que refiere a cuatro a estados de la Rep\u00fablica, tambi\u00e9n acciones en el combate a la corrupci\u00f3n que no\u00a0 tienen que ver con el Congreso, las acciones de justicia y derechos humanos, se anuncia un concejo que ya est\u00e1 trabajando para la implementaci\u00f3n con los que me voy a reunir pr\u00f3ximamente o sea, y por supuesto, la presentaci\u00f3n de las iniciativas.<\/p>\n<p>\u201cYo creo que no, que ninguno de nosotros debemos de perder el tiempo, que todo se puede poner en marcha y que hoy se nos exige m\u00e1s que nunca el que se d\u00e9 una respuesta lo m\u00e1s pronto posible. Nosotros haremos nuestra parte e impulsaremos con pol\u00edtica para que se den en las otras partes.<\/p>\n<p>\u201cYo creo que hay un gran compromiso y yo s\u00ed creo que se va a poder alcanzar el objetivo de estas reformas y el objetivo con ello, de que se logre la tranquilidad y se logre el desarrollo como se est\u00e1 pensando\u201d, concluy\u00f3<\/p>\n<p><em><a href=\"mailto:rvizcainoa@gmail.com\">rvizcainoa@gmail.com<\/a><\/em><\/p>\n","protected":false},"excerpt":{"rendered":"<p><span style=\"color: #005497;\"><strong>Roberto Vizca\u00edno<\/strong><\/span><\/p>\n","protected":false},"author":3,"featured_media":198673,"comment_status":"open","ping_status":"open","sticky":false,"template":"","format":"standard","meta":{"_monsterinsights_skip_tracking":false,"_monsterinsights_sitenote_active":false,"_monsterinsights_sitenote_note":"","_monsterinsights_sitenote_category":0,"footnotes":""},"categories":[136],"tags":[43674,93,94],"class_list":["post-198605","post","type-post","status-publish","format-standard","has-post-thumbnail","hentry","category-roberto-vizcaino-opinion","tag-opinion","tag-roberto-vizcaino","tag-tras-la-puerta-del-poder"],"_links":{"self":[{"href":"https:\/\/www.diarioimagen.net\/index.php?rest_route=\/wp\/v2\/posts\/198605","targetHints":{"allow":["GET"]}}],"collection":[{"href":"https:\/\/www.diarioimagen.net\/index.php?rest_route=\/wp\/v2\/posts"}],"about":[{"href":"https:\/\/www.diarioimagen.net\/index.php?rest_route=\/wp\/v2\/types\/post"}],"author":[{"embeddable":true,"href":"https:\/\/www.diarioimagen.net\/index.php?rest_route=\/wp\/v2\/users\/3"}],"replies":[{"embeddable":true,"href":"https:\/\/www.diarioimagen.net\/index.php?rest_route=%2Fwp%2Fv2%2Fcomments&post=198605"}],"version-history":[{"count":0,"href":"https:\/\/www.diarioimagen.net\/index.php?rest_route=\/wp\/v2\/posts\/198605\/revisions"}],"wp:featuredmedia":[{"embeddable":true,"href":"https:\/\/www.diarioimagen.net\/index.php?rest_route=\/wp\/v2\/media\/198673"}],"wp:attachment":[{"href":"https:\/\/www.diarioimagen.net\/index.php?rest_route=%2Fwp%2Fv2%2Fmedia&parent=198605"}],"wp:term":[{"taxonomy":"category","embeddable":true,"href":"https:\/\/www.diarioimagen.net\/index.php?rest_route=%2Fwp%2Fv2%2Fcategories&post=198605"},{"taxonomy":"post_tag","embeddable":true,"href":"https:\/\/www.diarioimagen.net\/index.php?rest_route=%2Fwp%2Fv2%2Ftags&post=198605"}],"curies":[{"name":"wp","href":"https:\/\/api.w.org\/{rel}","templated":true}]}}