{"id":198619,"date":"2014-12-02T00:05:40","date_gmt":"2014-12-02T06:05:40","guid":{"rendered":"http:\/\/www.diarioimagen.net\/?p=198619"},"modified":"2014-12-03T03:57:01","modified_gmt":"2014-12-03T09:57:01","slug":"de-nuevo-miles-toman-calles-por-caso-iguala","status":"publish","type":"post","link":"https:\/\/www.diarioimagen.net\/?p=198619","title":{"rendered":"De nuevo miles toman calles por caso Iguala"},"content":{"rendered":"<ul>\n<li><strong><em>Protestan contra dos meses sin resultados ni justicia y por los dos a\u00f1os del actual gobierno<\/em><\/strong><\/li>\n<\/ul>\n<div id=\"attachment_198684\" style=\"width: 250px\" class=\"wp-caption alignleft\"><a href=\"http:\/\/www.diarioimagen.net\/?attachment_id=198684\" rel=\"attachment wp-att-198684\"><img loading=\"lazy\" decoding=\"async\" aria-describedby=\"caption-attachment-198684\" class=\"size-medium wp-image-198684\" src=\"http:\/\/www.diarioimagen.net\/wp-content\/uploads\/2014\/12\/marcha-2498-240x179.jpg\" alt=\"Salieron manifestaciones de distintos puntos de la ciudad de M\u00e9xico con destino al \u00c1ngel de la Independencia, donde se difuminaron.\" width=\"240\" height=\"179\" srcset=\"https:\/\/www.diarioimagen.net\/wp-content\/uploads\/2014\/12\/marcha-2498-240x179.jpg 240w, https:\/\/www.diarioimagen.net\/wp-content\/uploads\/2014\/12\/marcha-2498-420x313.jpg 420w, https:\/\/www.diarioimagen.net\/wp-content\/uploads\/2014\/12\/marcha-2498.jpg 700w\" sizes=\"auto, (max-width: 240px) 100vw, 240px\" \/><\/a><p id=\"caption-attachment-198684\" class=\"wp-caption-text\">Salieron manifestaciones de distintos puntos de la ciudad de M\u00e9xico con destino al \u00c1ngel de la Independencia, donde se difuminaron.<\/p><\/div>\n<p>Organizaciones civiles, estudiantiles y sindicales, realizaron una movilizaci\u00f3n del Z\u00f3calo capitalino hacia el \u00c1ngel de la Independencia, en protesta por la desaparici\u00f3n de los 43 normalistas de Ayotzinapa e insatisfacci\u00f3n ante los dos primeros a\u00f1os de este gobierno.<\/p>\n<p>La marcha se inici\u00f3 frente a la Catedral Metropolitana y fue encabezada por los padres de familia y compa\u00f1eros de los estudiantes desparecidos hace dos meses de la Escuela Normal Rural Ra\u00fal Isidro Burgos. De nuevo volvi\u00f3 a tratarse de miles de personas en las calles.<\/p>\n<p>Ayer se esperaban en el DF al menos siete movilizaciones que convergieron en una sola, adem\u00e1s de marchas, paros y bloqueos en m\u00e1s de 60 ciudades y localidades, en reclamo de justicia por el caso Ayotzinapa, en Iguala, Guerrero.<\/p>\n<p>Las diversas organizaciones se congregaron en la plancha del Z\u00f3calo, y en un principio se quiso que un contingente siguiera del \u00c1ngel hacia la residencia oficial de Los Pinos, pero el paso les fue cerrado por fuerzas del orden.<\/p>\n<p>Un contingente del STUNAM y del IPN parti\u00f3 del monumento a la Revoluci\u00f3n con la idea de dirigirse al Z\u00f3calo, pero de \u00faltimo momento decidieron cambiar la ruta y arribaron al \u00c1ngel de la Independencia, donde fueron recibidos por diferentes contingentes: grupos del magisterio que celebraron su primer aniversario de lucha contra la reforma educativa, ciudadanos que exigen la aparici\u00f3n de los estudiantes normalistas y por un grupo de integrantes del movimiento #YaMeCans\u00e9.<\/p>\n<p>Algunos participantes lanzaron cohetones al paso del contingente, pero la camioneta del STUNAM, que encabez\u00f3 la manifestaci\u00f3n, pidi\u00f3 a los participantes abstenerse de utilizar este tipo de material ya que la marcha es pac\u00edfica.<\/p>\n<p>Integrantes del grupo #YaMeCans\u00e9, que participan en la marcha, regalaron claveles blancos y tr\u00edpticos explicativos sobre c\u00f3mo actuar ante una detenci\u00f3n arbitraria.<\/p>\n<p>En forma un tanto aislada, sujetos lanzaron petardos contra sucursales bancarias y rompieron los vidrios.<\/p>\n<p>La gente que presenciaba estos hechos critic\u00f3 y se\u00f1al\u00f3 a los agresores como posibles infiltrados, debido a que entre las pintas hay una que dice \u201ccomunismo o muerte\u201d, siendo que, argumentan, los anarquistas rechazan todos los sistemas pol\u00edticos.<\/p>\n<p>Mientras los estudiantes de la UNAM pasaron frente al Senado y gritaban \u201ccorruptos\u201d, otros sujetos con los rostros cubiertos realizaron algunas pintas en el recinto legislativo y lanzaron algunas piedras.<\/p>\n<p>Durante el recorrido de la manifestaci\u00f3n pr\u00e1cticamente no se apreci\u00f3 la presencia de polic\u00edas del Distrito Federal o granaderos, \u00fanicamente de elementos de vialidad quienes agilizaron la circulaci\u00f3n y dieron preferencia a los manifestantes para evitar cualquier contratiempo.<\/p>\n","protected":false},"excerpt":{"rendered":"<p>Organizaciones civiles, estudiantiles y sindicales, realizaron una movilizaci\u00f3n del Z\u00f3calo capitalino hacia el \u00c1ngel de la Independencia, en protesta por la desaparici\u00f3n de los 43 normalistas de Ayotzinapa e insatisfacci\u00f3n ante los dos primeros a\u00f1os de este gobierno.<\/p>\n","protected":false},"author":3,"featured_media":198684,"comment_status":"open","ping_status":"open","sticky":false,"template":"","format":"standard","meta":{"_monsterinsights_skip_tracking":false,"_monsterinsights_sitenote_active":false,"_monsterinsights_sitenote_note":"","_monsterinsights_sitenote_category":0,"footnotes":""},"categories":[3],"tags":[11674,9861,43673,570],"class_list":["post-198619","post","type-post","status-publish","format-standard","has-post-thumbnail","hentry","category-nacional","tag-iguala","tag-marchas","tag-nacional","tag-unam"],"_links":{"self":[{"href":"https:\/\/www.diarioimagen.net\/index.php?rest_route=\/wp\/v2\/posts\/198619","targetHints":{"allow":["GET"]}}],"collection":[{"href":"https:\/\/www.diarioimagen.net\/index.php?rest_route=\/wp\/v2\/posts"}],"about":[{"href":"https:\/\/www.diarioimagen.net\/index.php?rest_route=\/wp\/v2\/types\/post"}],"author":[{"embeddable":true,"href":"https:\/\/www.diarioimagen.net\/index.php?rest_route=\/wp\/v2\/users\/3"}],"replies":[{"embeddable":true,"href":"https:\/\/www.diarioimagen.net\/index.php?rest_route=%2Fwp%2Fv2%2Fcomments&post=198619"}],"version-history":[{"count":0,"href":"https:\/\/www.diarioimagen.net\/index.php?rest_route=\/wp\/v2\/posts\/198619\/revisions"}],"wp:featuredmedia":[{"embeddable":true,"href":"https:\/\/www.diarioimagen.net\/index.php?rest_route=\/wp\/v2\/media\/198684"}],"wp:attachment":[{"href":"https:\/\/www.diarioimagen.net\/index.php?rest_route=%2Fwp%2Fv2%2Fmedia&parent=198619"}],"wp:term":[{"taxonomy":"category","embeddable":true,"href":"https:\/\/www.diarioimagen.net\/index.php?rest_route=%2Fwp%2Fv2%2Fcategories&post=198619"},{"taxonomy":"post_tag","embeddable":true,"href":"https:\/\/www.diarioimagen.net\/index.php?rest_route=%2Fwp%2Fv2%2Ftags&post=198619"}],"curies":[{"name":"wp","href":"https:\/\/api.w.org\/{rel}","templated":true}]}}