{"id":198787,"date":"2014-12-03T00:03:07","date_gmt":"2014-12-03T06:03:07","guid":{"rendered":"http:\/\/www.diarioimagen.net\/?p=198787"},"modified":"2014-12-03T03:41:48","modified_gmt":"2014-12-03T09:41:48","slug":"el-mismo-modus-operandi","status":"publish","type":"post","link":"https:\/\/www.diarioimagen.net\/?p=198787","title":{"rendered":"El mismo <em>modus operandi<\/em>"},"content":{"rendered":"<h2>Detr\u00e1s del Poder<\/h2>\n<h5>Jos\u00e9 Antonio L\u00f3pez Sosa<\/h5>\n<p>&nbsp;<\/p>\n<p>Como suele suceder, la parte final de las manifestaciones del pasado 1 de diciembre parecieran una pel\u00edcula que vemos cada que hay protestas en la ciudad, todo con el com\u00fan denominador terr\u00edfico: p\u00e9simos protocolos polic\u00edacos y nula inteligencia.<\/p>\n<p>Siempre ocurre lo mismo: termina la manifestaci\u00f3n, la gente se comienza a ir y de pronto llegan los autodenominados \u201canarquistas\u201d a causar destrozos, la polic\u00eda se queda imp\u00e1vida y ya que estos individuos terminan de lanzar bombas y destrozar inmuebles, cuando se comienzan a retirar sale la polic\u00eda a encapsular ciudadanos y minutos despu\u00e9s, comienzan las detenciones arbitrarias.<\/p>\n<p>No son especulaciones, me toc\u00f3 verlo personalmente en la marcha del 2 de octubre de 2013 cuando como reportero, acud\u00ed a la cobertura.<\/p>\n<p>La noche del 1 de diciembre pasado, nuestros compa\u00f1eros reporteros de Grupo Radiof\u00f3rmula nos notificaron los hechos, exactamente igual que como lo hemos descrito en todas las manifestaciones.<\/p>\n<p>La conclusi\u00f3n es simple: la polic\u00eda capitalina no quiere detener a los anarquistas, no lo hace y no lo har\u00e1, prefieren salir a hacer detenciones aleatorias con todo y los problemas que les puedan provocar.<\/p>\n<p>Los \u201canarquistas\u201d buscan reventar las manifestaciones para crear una imagen de peligro en las protestas, eso es un hecho.<\/p>\n<p>\u00bfQu\u00e9 podemos pensar los ciudadanos?, una hip\u00f3tesis muy v\u00e1lida es que el gobierno (federal y local) pueda estar tras los anarquistas, de otro modo, \u00bfpor qu\u00e9 no los detienen?<\/p>\n<p><em><a href=\"mailto:lopez.sosa@mexico.com\" target=\"_blank\">lopez.sosa@mexico.com<\/a><\/em><br \/>\n<em><a href=\"http:\/\/twitter.com\/#%21\/joseantonio1977\" target=\"_blank\">@joseantonio1977<br \/>\n<\/a><a href=\"http:\/\/www.formulaconfidencial.com.mx\/\" target=\"_blank\">www.formulaconfidencial.com.mx<\/a><\/em><\/p>\n","protected":false},"excerpt":{"rendered":"<p><span style=\"color: #005497;\"><strong>Jos\u00e9 Antonio L\u00f3pez Sosa<\/strong><\/span><\/p>\n","protected":false},"author":3,"featured_media":0,"comment_status":"open","ping_status":"open","sticky":false,"template":"","format":"standard","meta":{"_monsterinsights_skip_tracking":false,"_monsterinsights_sitenote_active":false,"_monsterinsights_sitenote_note":"","_monsterinsights_sitenote_category":0,"footnotes":""},"categories":[637],"tags":[638,43690,43674],"class_list":["post-198787","post","type-post","status-publish","format-standard","hentry","category-jose-antonio-lopez-sosa","tag-detras-del-poder","tag-jose-antonio-lopez-sosa","tag-opinion"],"_links":{"self":[{"href":"https:\/\/www.diarioimagen.net\/index.php?rest_route=\/wp\/v2\/posts\/198787","targetHints":{"allow":["GET"]}}],"collection":[{"href":"https:\/\/www.diarioimagen.net\/index.php?rest_route=\/wp\/v2\/posts"}],"about":[{"href":"https:\/\/www.diarioimagen.net\/index.php?rest_route=\/wp\/v2\/types\/post"}],"author":[{"embeddable":true,"href":"https:\/\/www.diarioimagen.net\/index.php?rest_route=\/wp\/v2\/users\/3"}],"replies":[{"embeddable":true,"href":"https:\/\/www.diarioimagen.net\/index.php?rest_route=%2Fwp%2Fv2%2Fcomments&post=198787"}],"version-history":[{"count":0,"href":"https:\/\/www.diarioimagen.net\/index.php?rest_route=\/wp\/v2\/posts\/198787\/revisions"}],"wp:attachment":[{"href":"https:\/\/www.diarioimagen.net\/index.php?rest_route=%2Fwp%2Fv2%2Fmedia&parent=198787"}],"wp:term":[{"taxonomy":"category","embeddable":true,"href":"https:\/\/www.diarioimagen.net\/index.php?rest_route=%2Fwp%2Fv2%2Fcategories&post=198787"},{"taxonomy":"post_tag","embeddable":true,"href":"https:\/\/www.diarioimagen.net\/index.php?rest_route=%2Fwp%2Fv2%2Ftags&post=198787"}],"curies":[{"name":"wp","href":"https:\/\/api.w.org\/{rel}","templated":true}]}}