{"id":198972,"date":"2014-12-04T00:09:39","date_gmt":"2014-12-04T06:09:39","guid":{"rendered":"http:\/\/www.diarioimagen.net\/?p=198972"},"modified":"2014-12-04T02:39:27","modified_gmt":"2014-12-04T08:39:27","slug":"mancera-apoya-crear-un-mando-unico-en-estados","status":"publish","type":"post","link":"https:\/\/www.diarioimagen.net\/?p=198972","title":{"rendered":"Mancera apoya crear un Mando \u00danico en estados"},"content":{"rendered":"<ul>\n<li><strong><em>Evitar\u00e1 diversificar la tarea policiaca<\/em><\/strong><\/li>\n<\/ul>\n<div id=\"attachment_199062\" style=\"width: 250px\" class=\"wp-caption alignleft\"><a href=\"http:\/\/www.diarioimagen.net\/?attachment_id=199062\" rel=\"attachment wp-att-199062\"><img loading=\"lazy\" decoding=\"async\" aria-describedby=\"caption-attachment-199062\" class=\"size-medium wp-image-199062\" src=\"http:\/\/www.diarioimagen.net\/wp-content\/uploads\/2014\/12\/MANCERA-2500-240x135.jpg\" alt=\"El jefe del GDF, Miguel \u00c1ngel Mancera, inau\u00adgur\u00f3 el Centro de Monitoreo que brindar\u00e1 atenci\u00f3n a los habitantes de Xochimilco y entreg\u00f3 8 mil alarmas vecinales.\" width=\"240\" height=\"135\" srcset=\"https:\/\/www.diarioimagen.net\/wp-content\/uploads\/2014\/12\/MANCERA-2500-240x135.jpg 240w, https:\/\/www.diarioimagen.net\/wp-content\/uploads\/2014\/12\/MANCERA-2500-420x236.jpg 420w, https:\/\/www.diarioimagen.net\/wp-content\/uploads\/2014\/12\/MANCERA-2500-235x132.jpg 235w, https:\/\/www.diarioimagen.net\/wp-content\/uploads\/2014\/12\/MANCERA-2500-202x114.jpg 202w, https:\/\/www.diarioimagen.net\/wp-content\/uploads\/2014\/12\/MANCERA-2500-350x196.jpg 350w, https:\/\/www.diarioimagen.net\/wp-content\/uploads\/2014\/12\/MANCERA-2500-220x123.jpg 220w, https:\/\/www.diarioimagen.net\/wp-content\/uploads\/2014\/12\/MANCERA-2500-237x132.jpg 237w, https:\/\/www.diarioimagen.net\/wp-content\/uploads\/2014\/12\/MANCERA-2500.jpg 480w\" sizes=\"auto, (max-width: 240px) 100vw, 240px\" \/><\/a><p id=\"caption-attachment-199062\" class=\"wp-caption-text\">El jefe del GDF, Miguel \u00c1ngel Mancera, inau\u00adgur\u00f3 el Centro de Monitoreo que brindar\u00e1 atenci\u00f3n a los habitantes de Xochimilco y entreg\u00f3 8 mil alarmas vecinales.<\/p><\/div>\n<p>El jefe de gobierno de la ciudad de M\u00e9xico, Miguel \u00c1ngel Mancera Espinosa, plante\u00f3 la creaci\u00f3n de un mando \u00fanico entre los municipios del pa\u00eds, tal como se tiene en la capital entre las 16 delegaciones pol\u00edticas.<\/p>\n<p>Al hacer entrega de 8 mil 009 alarmas vecinales en Xochimilco e inaugurar el Centro de Monitoreo que brindar\u00e1 atenci\u00f3n a habitantes de esta demarcaci\u00f3n, el Ejecutivo local sostuvo que ante los se\u00f1alamientos de que los municipios no est\u00e1n cumpliendo con su cometido, la diferencia en la capital es que entre las delegaciones al existir un Mando \u00danico de Polic\u00eda, no se diversifica la tarea.<\/p>\n<p>No obstante, reconoci\u00f3 que se requiere presupuesto porque \u201clos municipios en el pa\u00eds, si bien es cierto est\u00e1n alejados de lo que ser\u00eda un esquema ideal de seguridad, tambi\u00e9n hay que reconocer que no se tienen los presupuestos y las capacidades indicadas. Desde mi particular punto de vista, requerimos unificar las capacidades\u201d.<\/p>\n<p>Durante esta entrega que se suma a la construcci\u00f3n de una destacada red de prevenci\u00f3n del delito, el mandatario capitalino estuvo acompa\u00f1ado en el Centro de Nutrici\u00f3n y Desarrollo \u201cValent\u00edn Gonz\u00e1lez\u201d, ubicado al interior del Centro Deportivo Xochimilco, del secretario de Seguridad P\u00fablica capitalino, Jes\u00fas Rodr\u00edguez Almeida; del jefe delegacional, Miguel \u00c1ngel C\u00e1mara Arango, entre otros.<\/p>\n","protected":false},"excerpt":{"rendered":"<p>El jefe de gobierno de la ciudad de M\u00e9xico, Miguel \u00c1ngel Mancera Espinosa, plante\u00f3 la creaci\u00f3n de un mando \u00fanico entre los municipios del pa\u00eds, tal como se tiene en la capital entre las 16 delegaciones pol\u00edticas.<\/p>\n","protected":false},"author":3,"featured_media":199062,"comment_status":"open","ping_status":"open","sticky":false,"template":"","format":"standard","meta":{"_monsterinsights_skip_tracking":false,"_monsterinsights_sitenote_active":false,"_monsterinsights_sitenote_note":"","_monsterinsights_sitenote_category":0,"footnotes":""},"categories":[6],"tags":[204,15611,5314],"class_list":["post-198972","post","type-post","status-publish","format-standard","has-post-thumbnail","hentry","category-cd-de-mexico","tag-ciudad-de-mexico","tag-mando-unico","tag-miguel-angel-mancera-espinosa"],"_links":{"self":[{"href":"https:\/\/www.diarioimagen.net\/index.php?rest_route=\/wp\/v2\/posts\/198972","targetHints":{"allow":["GET"]}}],"collection":[{"href":"https:\/\/www.diarioimagen.net\/index.php?rest_route=\/wp\/v2\/posts"}],"about":[{"href":"https:\/\/www.diarioimagen.net\/index.php?rest_route=\/wp\/v2\/types\/post"}],"author":[{"embeddable":true,"href":"https:\/\/www.diarioimagen.net\/index.php?rest_route=\/wp\/v2\/users\/3"}],"replies":[{"embeddable":true,"href":"https:\/\/www.diarioimagen.net\/index.php?rest_route=%2Fwp%2Fv2%2Fcomments&post=198972"}],"version-history":[{"count":0,"href":"https:\/\/www.diarioimagen.net\/index.php?rest_route=\/wp\/v2\/posts\/198972\/revisions"}],"wp:featuredmedia":[{"embeddable":true,"href":"https:\/\/www.diarioimagen.net\/index.php?rest_route=\/wp\/v2\/media\/199062"}],"wp:attachment":[{"href":"https:\/\/www.diarioimagen.net\/index.php?rest_route=%2Fwp%2Fv2%2Fmedia&parent=198972"}],"wp:term":[{"taxonomy":"category","embeddable":true,"href":"https:\/\/www.diarioimagen.net\/index.php?rest_route=%2Fwp%2Fv2%2Fcategories&post=198972"},{"taxonomy":"post_tag","embeddable":true,"href":"https:\/\/www.diarioimagen.net\/index.php?rest_route=%2Fwp%2Fv2%2Ftags&post=198972"}],"curies":[{"name":"wp","href":"https:\/\/api.w.org\/{rel}","templated":true}]}}