{"id":199365,"date":"2014-12-08T00:09:19","date_gmt":"2014-12-08T06:09:19","guid":{"rendered":"http:\/\/www.diarioimagen.net\/?p=199365"},"modified":"2014-12-08T04:22:04","modified_gmt":"2014-12-08T10:22:04","slug":"reprograman-la-comparecencia-de-9-delegados-ante-la-aldf","status":"publish","type":"post","link":"https:\/\/www.diarioimagen.net\/?p=199365","title":{"rendered":"Reprograman la comparecencia de 9 delegados ante la ALDF"},"content":{"rendered":"<ul>\n<li><strong><em>Hoy se presentan los titulares de Iztacalco, Magdalena Contreras, Miguel Hidalgo y Milpa Alta<\/em><\/strong><\/li>\n<\/ul>\n<div id=\"attachment_199451\" style=\"width: 250px\" class=\"wp-caption alignleft\"><a href=\"http:\/\/www.diarioimagen.net\/?attachment_id=199451\" rel=\"attachment wp-att-199451\"><img loading=\"lazy\" decoding=\"async\" aria-describedby=\"caption-attachment-199451\" class=\"size-medium wp-image-199451\" src=\"http:\/\/www.diarioimagen.net\/wp-content\/uploads\/2014\/12\/aldf-2502-240x135.jpg\" alt=\"En la Asamblea Legislativa del Distrito Federal comparecen los titulares de las 16 delegaciones para exponer sus necesidades financieras.\" width=\"240\" height=\"135\" srcset=\"https:\/\/www.diarioimagen.net\/wp-content\/uploads\/2014\/12\/aldf-2502-240x135.jpg 240w, https:\/\/www.diarioimagen.net\/wp-content\/uploads\/2014\/12\/aldf-2502-420x236.jpg 420w, https:\/\/www.diarioimagen.net\/wp-content\/uploads\/2014\/12\/aldf-2502-235x132.jpg 235w, https:\/\/www.diarioimagen.net\/wp-content\/uploads\/2014\/12\/aldf-2502-202x114.jpg 202w, https:\/\/www.diarioimagen.net\/wp-content\/uploads\/2014\/12\/aldf-2502-350x196.jpg 350w, https:\/\/www.diarioimagen.net\/wp-content\/uploads\/2014\/12\/aldf-2502-220x123.jpg 220w, https:\/\/www.diarioimagen.net\/wp-content\/uploads\/2014\/12\/aldf-2502-237x132.jpg 237w, https:\/\/www.diarioimagen.net\/wp-content\/uploads\/2014\/12\/aldf-2502.jpg 480w\" sizes=\"auto, (max-width: 240px) 100vw, 240px\" \/><\/a><p id=\"caption-attachment-199451\" class=\"wp-caption-text\">En la Asamblea Legislativa del Distrito Federal comparecen los titulares de las 16 delegaciones para exponer sus necesidades financieras.<\/p><\/div>\n<p>Las comparecencias de nueve jefes delegacionales ante la Asamblea capitalina (ALDF) para exponer sus necesidades y analizar el Paquete Econ\u00f3mico 2015 fueron reprogramadas.<\/p>\n<p>La presidenta de la Comisi\u00f3n de Presupuesto y Cuenta P\u00fablica de la ALDF, Esthela Dami\u00e1n Peralta, anunci\u00f3 en un comunicado que por acuerdo de dicha instancia legislativa, la mesas de trabajo continuar\u00e1n este lunes 8 de diciembre con los titulares de Iztacalco, Elizabeth Mateos Hern\u00e1ndez; de Magdalena Contreras, Leticia Quezada Contreras; de Miguel Hidalgo, V\u00edctor Hugo Romo Guerra; y de Milpa Alta, V\u00edctor Hugo Monterola.<\/p>\n<p>El martes ser\u00e1 el turno a la delegada en Tl\u00e1huac, Angelina M\u00e9ndez \u00c1lvarez; de Tlalpan, Marisela Contreras Juli\u00e1n; del titular en Venustiano Carranza, Jos\u00e9 Manuel Ballesteros L\u00f3pez; de Xochimilco, Miguel \u00c1ngel C\u00e1mara Arango; y concluir\u00e1n con el Jefe Delegacional en Iztapalapa, Jes\u00fas Valencia Guzm\u00e1n, detall\u00f3.<\/p>\n<p>La diputada del PRD dijo los delegados deber\u00e1n informar acerca de la situaci\u00f3n que guarda su Administraci\u00f3n, los resultados y metas alcanzadas durante el a\u00f1o 2014, as\u00ed como su principal problem\u00e1tica.<\/p>\n<p>Adem\u00e1s deben exponer sus propuestas de trabajo que impliquen necesidades de recursos y las expectativas de gesti\u00f3n para el ejercicio 2015.<\/p>\n<p>Los encuentros con los delegados se llevar\u00e1n a cabo en el sal\u00f3n Heberto Castillo de la ALDF, comenzar\u00e1n a las 11:30 horas y tendr\u00e1n una duraci\u00f3n de una hora y 30 minutos cada uno, indic\u00f3.<\/p>\n<p>Esthela Dami\u00e1n explic\u00f3 que los titulares de las jefaturas delegacionales tuvieron 72 horas h\u00e1biles para enviar informaci\u00f3n como los avances presupuestales hasta el 15 de noviembre por cap\u00edtulo de gasto; el programa operativo anual 2015; subejercicios o sobrejercicios de los a\u00f1os 2013 y 2014.<\/p>\n<p>A los jefes delegacionales tambi\u00e9n se les solicit\u00f3 explicar las medidas de austeridad que han implementado, el monto ejercido de cada programa social de las demarcaciones; el uso de fondos del Subsidio para la Seguridad en los Municipios, entre otros.<\/p>\n","protected":false},"excerpt":{"rendered":"<p>Las comparecencias de nueve jefes delegacionales ante la Asamblea capitalina (ALDF) para exponer sus necesidades y analizar el Paquete Econ\u00f3mico 2015 fueron reprogramadas.<\/p>\n","protected":false},"author":3,"featured_media":199451,"comment_status":"open","ping_status":"open","sticky":false,"template":"","format":"standard","meta":{"_monsterinsights_skip_tracking":false,"_monsterinsights_sitenote_active":false,"_monsterinsights_sitenote_note":"","_monsterinsights_sitenote_category":0,"footnotes":""},"categories":[6],"tags":[210,204,24892],"class_list":["post-199365","post","type-post","status-publish","format-standard","has-post-thumbnail","hentry","category-cd-de-mexico","tag-aldf","tag-ciudad-de-mexico","tag-delegados"],"_links":{"self":[{"href":"https:\/\/www.diarioimagen.net\/index.php?rest_route=\/wp\/v2\/posts\/199365","targetHints":{"allow":["GET"]}}],"collection":[{"href":"https:\/\/www.diarioimagen.net\/index.php?rest_route=\/wp\/v2\/posts"}],"about":[{"href":"https:\/\/www.diarioimagen.net\/index.php?rest_route=\/wp\/v2\/types\/post"}],"author":[{"embeddable":true,"href":"https:\/\/www.diarioimagen.net\/index.php?rest_route=\/wp\/v2\/users\/3"}],"replies":[{"embeddable":true,"href":"https:\/\/www.diarioimagen.net\/index.php?rest_route=%2Fwp%2Fv2%2Fcomments&post=199365"}],"version-history":[{"count":0,"href":"https:\/\/www.diarioimagen.net\/index.php?rest_route=\/wp\/v2\/posts\/199365\/revisions"}],"wp:featuredmedia":[{"embeddable":true,"href":"https:\/\/www.diarioimagen.net\/index.php?rest_route=\/wp\/v2\/media\/199451"}],"wp:attachment":[{"href":"https:\/\/www.diarioimagen.net\/index.php?rest_route=%2Fwp%2Fv2%2Fmedia&parent=199365"}],"wp:term":[{"taxonomy":"category","embeddable":true,"href":"https:\/\/www.diarioimagen.net\/index.php?rest_route=%2Fwp%2Fv2%2Fcategories&post=199365"},{"taxonomy":"post_tag","embeddable":true,"href":"https:\/\/www.diarioimagen.net\/index.php?rest_route=%2Fwp%2Fv2%2Ftags&post=199365"}],"curies":[{"name":"wp","href":"https:\/\/api.w.org\/{rel}","templated":true}]}}