{"id":199553,"date":"2014-12-09T00:02:45","date_gmt":"2014-12-09T06:02:45","guid":{"rendered":"http:\/\/www.diarioimagen.net\/?p=199553"},"modified":"2014-12-10T04:39:24","modified_gmt":"2014-12-10T10:39:24","slug":"espectacular-explosion-e-incandescencia-en-el-popocatepetl","status":"publish","type":"post","link":"https:\/\/www.diarioimagen.net\/?p=199553","title":{"rendered":"Espectacular explosi\u00f3n e incandescencia en el Popocat\u00e9petl"},"content":{"rendered":"<ul>\n<li><strong><em>Lanz\u00f3 una columna de vapor con una altura de tres kil\u00f3metros la madrugada de ayer<\/em><\/strong><\/li>\n<\/ul>\n<div id=\"attachment_199625\" style=\"width: 250px\" class=\"wp-caption alignleft\"><a href=\"http:\/\/www.diarioimagen.net\/?attachment_id=199625\" rel=\"attachment wp-att-199625\"><img loading=\"lazy\" decoding=\"async\" aria-describedby=\"caption-attachment-199625\" class=\"size-medium wp-image-199625\" src=\"http:\/\/www.diarioimagen.net\/wp-content\/uploads\/2014\/12\/Cenapred-2503-240x163.jpg\" alt=\"La incandescencia en el fondo de la tierra qued\u00f3 reflejada en la explosi\u00f3n que registr\u00f3 el Popocat\u00e9petl, despu\u00e9s de dos semanas en que hizo lo mismo el de Colima. Fueron tres kil\u00f3metros de vapor y humo.\" width=\"240\" height=\"163\" srcset=\"https:\/\/www.diarioimagen.net\/wp-content\/uploads\/2014\/12\/Cenapred-2503-240x163.jpg 240w, https:\/\/www.diarioimagen.net\/wp-content\/uploads\/2014\/12\/Cenapred-2503-420x286.jpg 420w, https:\/\/www.diarioimagen.net\/wp-content\/uploads\/2014\/12\/Cenapred-2503.jpg 700w\" sizes=\"auto, (max-width: 240px) 100vw, 240px\" \/><\/a><p id=\"caption-attachment-199625\" class=\"wp-caption-text\">La incandescencia en el fondo de la tierra qued\u00f3 reflejada en la explosi\u00f3n que registr\u00f3 el Popocat\u00e9petl, despu\u00e9s de dos semanas en que hizo lo mismo el de Colima. Fueron tres kil\u00f3metros de vapor y humo.<\/p><\/div>\n<p>Una explosi\u00f3n producida en el volc\u00e1n Popocat\u00e9petl lanz\u00f3 una columna de vapor y ceniza con una altura de tres kil\u00f3metros a las 4:31 horas de la madrugada de ayer. Debido a ese suceso, la oficina de monitoreo registr\u00f3 ca\u00edda de ceniza en el municipio de Tetela del Volc\u00e1n, estado de Morelos.<\/p>\n<p>De acuerdo con el reporte del Centro Nacional de Prevenci\u00f3n de Desastres (Cenapred), el sistema de monitoreo del volc\u00e1n Popocat\u00e9petl registr\u00f3 70 exhalaciones de baja intensidad, acompa\u00f1adas por emisiones de vapor de agua, gas y en algunas ocasiones con moderado contenido de ceniza.<\/p>\n<p>Las expulsiones m\u00e1s importantes registradas el pasado domingo fueron a las 14:36 horas y a las 15:49, pero ayer, a las 04:08 horas, se registr\u00f3 una fuerte exhalaci\u00f3n. Adicionalmente, se registraron 2.5 minutos de tremor arm\u00f3nico de muy baja amplitud.<\/p>\n<p>Luego, a las 4:31 horas, el sistema de monitoreo del volc\u00e1n registr\u00f3 una explosi\u00f3n que arroj\u00f3 algunos fragmentos incandescentes a corta distancia sobre las laderas del volc\u00e1n, seguida de una columna de ceniza que alcanz\u00f3 los 3 kil\u00f3metro sobre el cr\u00e1ter.<\/p>\n<p>En una descripci\u00f3n m\u00e1s detallada del evento explosivo, en las c\u00e1maras de video se observ\u00f3 c\u00f3mo se gener\u00f3 una columna vertical de cenizas de casi 3 km de altura y una fuente de fragmentos incandescentes, s\u00f3lo algunos de los cuales cayeron en la ladera externa.<\/p>\n<p>Las cenizas fueron llevadas al suroeste por el viento, pero la parte m\u00e1s alta de la columna de cenizas alcanz\u00f3 una capa de la atm\u00f3sfera con vientos hacia el sureste, por lo que se desplaz\u00f3 en esa direcci\u00f3n.<\/p>\n<p>En otras c\u00e1maras de video que monitorean la actividad del volc\u00e1n se observaron dos explosiones, las cuales formaron parte del mismo evento registrado durante la madrugada y por la tarde se mantuvo una columna de humo con vapor.<\/p>\n<p>Pese a la actividad volc\u00e1nica, se destac\u00f3 que no implica cambios en la alerta.<\/p>\n<p>El sem\u00e1foro se encuentra en Amarillo Fase 2, destac\u00f3 el organismo descentralizado de la Secretar\u00eda de Gobernaci\u00f3n.<\/p>\n<p>En total, en las \u00faltimas 24 horas el sistema de monitoreo del volc\u00e1n Popocat\u00e9petl registr\u00f3 70 exhalaciones de baja intensidad acompa\u00f1adas por emisiones de vapor de agua, gas y en algunas ocasiones con moderado contenido de ceniza.<\/p>\n","protected":false},"excerpt":{"rendered":"<p>Una explosi\u00f3n producida en el volc\u00e1n Popocat\u00e9petl lanz\u00f3 una columna de vapor y ceniza con una altura de tres kil\u00f3metros a las 4:31 horas de la madrugada de ayer. Debido a ese suceso, la oficina de monitoreo registr\u00f3 ca\u00edda de ceniza en el municipio de Tetela del Volc\u00e1n, estado de Morelos.<\/p>\n","protected":false},"author":3,"featured_media":199625,"comment_status":"open","ping_status":"open","sticky":false,"template":"","format":"standard","meta":{"_monsterinsights_skip_tracking":false,"_monsterinsights_sitenote_active":false,"_monsterinsights_sitenote_note":"","_monsterinsights_sitenote_category":0,"footnotes":""},"categories":[3],"tags":[7607,43673,5048],"class_list":["post-199553","post","type-post","status-publish","format-standard","has-post-thumbnail","hentry","category-nacional","tag-explosion","tag-nacional","tag-popocatepetl"],"_links":{"self":[{"href":"https:\/\/www.diarioimagen.net\/index.php?rest_route=\/wp\/v2\/posts\/199553","targetHints":{"allow":["GET"]}}],"collection":[{"href":"https:\/\/www.diarioimagen.net\/index.php?rest_route=\/wp\/v2\/posts"}],"about":[{"href":"https:\/\/www.diarioimagen.net\/index.php?rest_route=\/wp\/v2\/types\/post"}],"author":[{"embeddable":true,"href":"https:\/\/www.diarioimagen.net\/index.php?rest_route=\/wp\/v2\/users\/3"}],"replies":[{"embeddable":true,"href":"https:\/\/www.diarioimagen.net\/index.php?rest_route=%2Fwp%2Fv2%2Fcomments&post=199553"}],"version-history":[{"count":0,"href":"https:\/\/www.diarioimagen.net\/index.php?rest_route=\/wp\/v2\/posts\/199553\/revisions"}],"wp:featuredmedia":[{"embeddable":true,"href":"https:\/\/www.diarioimagen.net\/index.php?rest_route=\/wp\/v2\/media\/199625"}],"wp:attachment":[{"href":"https:\/\/www.diarioimagen.net\/index.php?rest_route=%2Fwp%2Fv2%2Fmedia&parent=199553"}],"wp:term":[{"taxonomy":"category","embeddable":true,"href":"https:\/\/www.diarioimagen.net\/index.php?rest_route=%2Fwp%2Fv2%2Fcategories&post=199553"},{"taxonomy":"post_tag","embeddable":true,"href":"https:\/\/www.diarioimagen.net\/index.php?rest_route=%2Fwp%2Fv2%2Ftags&post=199553"}],"curies":[{"name":"wp","href":"https:\/\/api.w.org\/{rel}","templated":true}]}}