{"id":199730,"date":"2014-12-10T00:06:26","date_gmt":"2014-12-10T06:06:26","guid":{"rendered":"http:\/\/www.diarioimagen.net\/?p=199730"},"modified":"2014-12-11T04:32:22","modified_gmt":"2014-12-11T10:32:22","slug":"iberoamerica-va-mas-alla-de-ideologias-pena-nieto","status":"publish","type":"post","link":"https:\/\/www.diarioimagen.net\/?p=199730","title":{"rendered":"Iberoam\u00e9rica va m\u00e1s all\u00e1 de ideolog\u00edas: Pe\u00f1a Nieto"},"content":{"rendered":"<ul>\n<li><strong><em>Se\u00f1ala que en la regi\u00f3n es esencial la innovaci\u00f3n para superar la pobreza, elevar la competitividad y brindar mayores oportunidades a las nuevas generaciones<\/em><\/strong><\/li>\n<\/ul>\n<div id=\"attachment_199809\" style=\"width: 250px\" class=\"wp-caption alignleft\"><a href=\"http:\/\/www.diarioimagen.net\/?attachment_id=199809\" rel=\"attachment wp-att-199809\"><img loading=\"lazy\" decoding=\"async\" aria-describedby=\"caption-attachment-199809\" class=\"size-medium wp-image-199809\" src=\"http:\/\/www.diarioimagen.net\/wp-content\/uploads\/2014\/12\/epn-2504-240x135.jpg\" alt=\"El presidente Enrique Pe\u00f1a Nieto se\u00f1al\u00f3 que la educaci\u00f3n, la cultura y la innovaci\u00f3n son pilares fundamentales para asegurar desarrollo y prosperidad en Iberoam\u00e9rica y en el mundo.\" width=\"240\" height=\"135\" srcset=\"https:\/\/www.diarioimagen.net\/wp-content\/uploads\/2014\/12\/epn-2504-240x135.jpg 240w, https:\/\/www.diarioimagen.net\/wp-content\/uploads\/2014\/12\/epn-2504-420x236.jpg 420w, https:\/\/www.diarioimagen.net\/wp-content\/uploads\/2014\/12\/epn-2504-235x132.jpg 235w, https:\/\/www.diarioimagen.net\/wp-content\/uploads\/2014\/12\/epn-2504-202x114.jpg 202w, https:\/\/www.diarioimagen.net\/wp-content\/uploads\/2014\/12\/epn-2504-350x196.jpg 350w, https:\/\/www.diarioimagen.net\/wp-content\/uploads\/2014\/12\/epn-2504-220x123.jpg 220w, https:\/\/www.diarioimagen.net\/wp-content\/uploads\/2014\/12\/epn-2504-237x132.jpg 237w, https:\/\/www.diarioimagen.net\/wp-content\/uploads\/2014\/12\/epn-2504.jpg 480w\" sizes=\"auto, (max-width: 240px) 100vw, 240px\" \/><\/a><p id=\"caption-attachment-199809\" class=\"wp-caption-text\">El presidente Enrique Pe\u00f1a Nieto se\u00f1al\u00f3 que la educaci\u00f3n, la cultura y la innovaci\u00f3n son pilares fundamentales para asegurar desarrollo y prosperidad en Iberoam\u00e9rica y en el mundo.<\/p><\/div>\n<p><strong>Boca del R\u00edo, Veracruz<\/strong>.- El presidente Enrique Pe\u00f1a Nieto afirm\u00f3 que la educaci\u00f3n, la cultura y la innovaci\u00f3n son pilares fundamentales para asegurar desarrollo y prosperidad para las sociedades de Iberoam\u00e9rica y del mundo entero.<\/p>\n<p>Durante un mensaje a medios de comunicaci\u00f3n junto con su hom\u00f3logo de Colombia, Juan Manuel Santos, el mandatario mexicano expres\u00f3 que todas las naciones de la regi\u00f3n comparten un mismo prop\u00f3sito \u201cm\u00e1s all\u00e1 de or\u00edgenes ideol\u00f3gicos que pueda tener cada gobierno, asegurar prosperidad, inclusi\u00f3n, menos pobreza, menos desigualdad y mayor crecimiento econ\u00f3mico\u201d.<\/p>\n<p>\u201cEstos objetivos estoy seguro se alcanzar\u00e1n de manera m\u00e1s f\u00e1cil, a partir de poner en pr\u00e1ctica muchas de las visiones y experiencias compartidas en esta Cumbre Iberoamericana\u201d, subray\u00f3 el jefe del Ejecutivo federal.<\/p>\n<p>Destac\u00f3 tambi\u00e9n que el tema fundamental es que la juventud tenga mayores espacios de participaci\u00f3n y plena realizaci\u00f3n.<\/p>\n<p>Dijo que el haber centrado en esta cumbre la atenci\u00f3n en temas que son torales para el desarrollo de la naciones participantes fue clave para lograr un debate mucho m\u00e1s asertivo, y sobre todo focalizado a estos tres temas mencionados\u201d.<\/p>\n<p>Expres\u00f3 un amplio reconocimiento a los jefes de Estado que participaron en la cumbre, a los jefes de gobierno, vicepresidentes, ministros, as\u00ed como el rey de Espa\u00f1a, Felipe VI.<\/p>\n<p>\u201cEstoy seguro que los trabajos realizados y las aportaciones que hicieron quienes participaron en la cumbre ser\u00e1n muy valiosos para redefinir el camino y el curso que deba seguir el desarrollo y el proceso de toda la regi\u00f3n Iberoamericana\u201d, enfatiz\u00f3.<\/p>\n<p>Por \u00faltimo, felicit\u00f3 a Juan Manuel Santos, presidente de Colombia, quien asume la secretaria<em> pro-tempore<\/em> de la Cumbre Iberoamericana, dese\u00e1ndole el mayor de los \u00e9xitos desde M\u00e9xico a la edici\u00f3n XXV que se efectuar\u00e1 dentro de dos a\u00f1os.<\/p>\n<p style=\"text-align: center;\"><strong>Clausura la XXIV Cumbre Iberoamericana de Jefes de Estado y de Gobierno<\/strong><\/p>\n<p>Por otra parte, al clausurar la XXIV Cumbre Iberoamericana de Jefes de Estado y de Gobierno y encabezar la mesa de debate sobre Innovaci\u00f3n, expres\u00f3 que el gran reto en la regi\u00f3n es convertirse en econom\u00edas basadas en el conocimiento.<\/p>\n<p>Subray\u00f3 que en este evento se consolidaron proyectos como la plataforma web en favor de la salud y la prevenci\u00f3n de enfermedades.<\/p>\n<p>Tambi\u00e9n la red de expertos en enfermedades cr\u00f3nicas no transmisibles, as\u00ed como el Banco Intera\u00admericano de evaluadores para acelerar la implementaci\u00f3n de proyectos cient\u00edficos y de pol\u00edticas p\u00fablicas en la materia.<\/p>\n<p>Ante mandatarios y ministros de 16 pa\u00edses iberoamericanos, el presidente Pe\u00f1a Nieto reconoci\u00f3 que si bien estos avances son importantes se puede hacer m\u00e1s para acelerar el desarrollo y progreso de la regi\u00f3n.<\/p>\n<p>Por su parte, el presidente del Gobierno de Espa\u00f1a, Mariano Rajoy, sostuvo que ante la creciente competencia mundial el desaf\u00edo es que para prosperar en la sociedad del conocimiento se debe aspirar cada vez m\u00e1s por la innovaci\u00f3n.<\/p>\n<p>Es uno de los factores b\u00e1sicos del desarrollo de los pa\u00edses, y una herramienta central para el crecimiento econ\u00f3mico y para generar empleos de calidad que permita mejorar la calidad de vida de los ciudadanos a un menor costo, sostuvo Rajoy.<\/p>\n<p>En su participaci\u00f3n el presidente de Uruguay, Jos\u00e9 Mujica, agradeci\u00f3 a Pe\u00f1a Nieto \u201cpor lo de hoy y lo de ayer, por los centenares de compatriotas que tuvieron techo y oportunidad para vivir en momentos dif\u00edciles\u201d, en alusi\u00f3n a los uruguayos que a finales del siglo pasado se exiliaron en nuestro pa\u00eds.<\/p>\n<p>Dijo que las dificultades \u201csi no las supera la democracia no las supera nadie\u201d.<\/p>\n<p>En su turno durante la mesa de discusi\u00f3n, la presidenta de Chile, Michelle Bachelet, sostuvo que se debe crear un clima de innovaci\u00f3n para tener la capacidad de combatir problemas de manera creativa, \u201cy derogar leyes que matan la innovaci\u00f3n\u201d.<\/p>\n<p>A su vez, el mandatario de Colombia, Juan Manuel Santos, demand\u00f3 encontrar f\u00f3rmulas para que la gran biodiversidad con que cuenta la regi\u00f3n se relacione con la biotecnolog\u00eda, y critic\u00f3 que la iniciativa privada de la regi\u00f3n no incurra en pr\u00e1cticas de innovaci\u00f3n.<\/p>\n<p>Durante esta mesa, con la cual concluy\u00f3 la cumbre, tambi\u00e9n participaron jefes de estado y ministros de diversas naciones de Iberoam\u00e9rica.<\/p>\n","protected":false},"excerpt":{"rendered":"<p>El presidente Enrique Pe\u00f1a Nieto afirm\u00f3 que la educaci\u00f3n, la cultura y la innovaci\u00f3n son pilares fundamentales para asegurar desarrollo y prosperidad para las sociedades de Iberoam\u00e9rica y del mundo entero.<\/p>\n","protected":false},"author":3,"featured_media":199809,"comment_status":"open","ping_status":"open","sticky":false,"template":"","format":"standard","meta":{"_monsterinsights_skip_tracking":false,"_monsterinsights_sitenote_active":false,"_monsterinsights_sitenote_note":"","_monsterinsights_sitenote_category":0,"footnotes":""},"categories":[3],"tags":[1269,18,52],"class_list":["post-199730","post","type-post","status-publish","format-standard","has-post-thumbnail","hentry","category-nacional","tag-boca-del-rio","tag-enrique-pena-nieto","tag-veracruz"],"_links":{"self":[{"href":"https:\/\/www.diarioimagen.net\/index.php?rest_route=\/wp\/v2\/posts\/199730","targetHints":{"allow":["GET"]}}],"collection":[{"href":"https:\/\/www.diarioimagen.net\/index.php?rest_route=\/wp\/v2\/posts"}],"about":[{"href":"https:\/\/www.diarioimagen.net\/index.php?rest_route=\/wp\/v2\/types\/post"}],"author":[{"embeddable":true,"href":"https:\/\/www.diarioimagen.net\/index.php?rest_route=\/wp\/v2\/users\/3"}],"replies":[{"embeddable":true,"href":"https:\/\/www.diarioimagen.net\/index.php?rest_route=%2Fwp%2Fv2%2Fcomments&post=199730"}],"version-history":[{"count":0,"href":"https:\/\/www.diarioimagen.net\/index.php?rest_route=\/wp\/v2\/posts\/199730\/revisions"}],"wp:featuredmedia":[{"embeddable":true,"href":"https:\/\/www.diarioimagen.net\/index.php?rest_route=\/wp\/v2\/media\/199809"}],"wp:attachment":[{"href":"https:\/\/www.diarioimagen.net\/index.php?rest_route=%2Fwp%2Fv2%2Fmedia&parent=199730"}],"wp:term":[{"taxonomy":"category","embeddable":true,"href":"https:\/\/www.diarioimagen.net\/index.php?rest_route=%2Fwp%2Fv2%2Fcategories&post=199730"},{"taxonomy":"post_tag","embeddable":true,"href":"https:\/\/www.diarioimagen.net\/index.php?rest_route=%2Fwp%2Fv2%2Ftags&post=199730"}],"curies":[{"name":"wp","href":"https:\/\/api.w.org\/{rel}","templated":true}]}}