{"id":199795,"date":"2014-12-10T00:04:59","date_gmt":"2014-12-10T06:04:59","guid":{"rendered":"http:\/\/www.diarioimagen.net\/?p=199795"},"modified":"2014-12-10T04:37:02","modified_gmt":"2014-12-10T10:37:02","slug":"cae-secuestrador-y-homicida-de-una-nina","status":"publish","type":"post","link":"https:\/\/www.diarioimagen.net\/?p=199795","title":{"rendered":"Cae secuestrador y homicida de una ni\u00f1a"},"content":{"rendered":"<ul>\n<li><strong><em>El procurador del Estado de M\u00e9xico explica que Iv\u00e1n Baz\u00e1n Landeros plagi\u00f3 a la menor junto con otros tres sujetos<\/em><\/strong><\/li>\n<\/ul>\n<div id=\"attachment_199843\" style=\"width: 250px\" class=\"wp-caption alignleft\"><a href=\"http:\/\/www.diarioimagen.net\/?attachment_id=199843\" rel=\"attachment wp-att-199843\"><img loading=\"lazy\" decoding=\"async\" aria-describedby=\"caption-attachment-199843\" class=\"size-medium wp-image-199843\" src=\"http:\/\/www.diarioimagen.net\/wp-content\/uploads\/2014\/12\/seguridad-2504-240x168.jpg\" alt=\"El titular de la PGJEM, Alejandro G\u00f3mez S\u00e1nchez, al confirmar la captura del secuestrador y asesino.\" width=\"240\" height=\"168\" srcset=\"https:\/\/www.diarioimagen.net\/wp-content\/uploads\/2014\/12\/seguridad-2504-240x168.jpg 240w, https:\/\/www.diarioimagen.net\/wp-content\/uploads\/2014\/12\/seguridad-2504-420x294.jpg 420w, https:\/\/www.diarioimagen.net\/wp-content\/uploads\/2014\/12\/seguridad-2504.jpg 1200w\" sizes=\"auto, (max-width: 240px) 100vw, 240px\" \/><\/a><p id=\"caption-attachment-199843\" class=\"wp-caption-text\">El titular de la PGJEM, Alejandro G\u00f3mez S\u00e1nchez, al confirmar la captura del secuestrador y asesino.<\/p><\/div>\n<p><strong>Toluca, Estado de M\u00e9xico<\/strong>.- El titular de la Procuradur\u00eda General de Justicia del Estado de M\u00e9xico (PGJEM), Alejandro G\u00f3mez S\u00e1nchez, confirm\u00f3 ayer que fue detenido un sujeto relacionado con el secuestro y asesinato de una menor de 12 a\u00f1os que fue encontrada muerta en el municipio de Tultitl\u00e1n.<\/p>\n<p>Se trata de Iv\u00e1n Baz\u00e1n Landeros, de 29 a\u00f1os de edad, quien presuntamente conoc\u00eda a la menor debido a que rentaba dos locales propiedad de la familia de Liliana.<\/p>\n<p>\u201cA partir de estos elementos se pudo establecer que Baz\u00e1n Landeros conoc\u00eda a la peque\u00f1a Liliana, ya que rentaba dos locales comerciales propiedad de la familia en los que ten\u00eda una tienda y un cibercaf\u00e9\u201d, explic\u00f3.<\/p>\n<p>\u201cEn sus declaraciones, este individuo asegur\u00f3 que en complicidad con otros tres hombres secuestraron a la menor y posteriormente exigieron al padre de \u00e9sta una fuerte suma econ\u00f3mica a cambio de dejarla el libertad\u201d, explic\u00f3.<\/p>\n<p>Seg\u00fan datos de la PGJEM, la menor fue privada de su libertad el 24 de noviembre cuando sal\u00eda de su escuela, ubicada en Cuautitl\u00e1n Izcalli.<\/p>\n<p>Los delincuentes, refirieron testigos, subieron a Liliana a una camioneta pick up de color verde con placas KV 68707, por lo que autoridades iniciaron un seguimiento para localizar el veh\u00edculo.<\/p>\n<p>Ese mismo d\u00eda, polic\u00edas ministeriales hallaron la camioneta en un domicilio de la calle Hortensias en la colonia Granjas de San Pablo, en Tultitl\u00e1n.<\/p>\n","protected":false},"excerpt":{"rendered":"<p>El titular de la Procuradur\u00eda General de Justicia del Estado de M\u00e9xico (PGJEM), Alejandro G\u00f3mez S\u00e1nchez, confirm\u00f3 ayer que fue detenido un sujeto relacionado con el secuestro y asesinato de una menor de 12 a\u00f1os que fue encontrada muerta en el municipio de Tultitl\u00e1n.<\/p>\n","protected":false},"author":3,"featured_media":199843,"comment_status":"open","ping_status":"open","sticky":false,"template":"","format":"standard","meta":{"_monsterinsights_skip_tracking":false,"_monsterinsights_sitenote_active":false,"_monsterinsights_sitenote_note":"","_monsterinsights_sitenote_category":0,"footnotes":""},"categories":[7],"tags":[33330,43675,29624,2019,43677,452],"class_list":["post-199795","post","type-post","status-publish","format-standard","has-post-thumbnail","hentry","category-seguridad","tag-alejandro-gomez-sanchez","tag-estado-de-mexico","tag-homicida","tag-pgjem","tag-seguridad","tag-toluca"],"_links":{"self":[{"href":"https:\/\/www.diarioimagen.net\/index.php?rest_route=\/wp\/v2\/posts\/199795","targetHints":{"allow":["GET"]}}],"collection":[{"href":"https:\/\/www.diarioimagen.net\/index.php?rest_route=\/wp\/v2\/posts"}],"about":[{"href":"https:\/\/www.diarioimagen.net\/index.php?rest_route=\/wp\/v2\/types\/post"}],"author":[{"embeddable":true,"href":"https:\/\/www.diarioimagen.net\/index.php?rest_route=\/wp\/v2\/users\/3"}],"replies":[{"embeddable":true,"href":"https:\/\/www.diarioimagen.net\/index.php?rest_route=%2Fwp%2Fv2%2Fcomments&post=199795"}],"version-history":[{"count":0,"href":"https:\/\/www.diarioimagen.net\/index.php?rest_route=\/wp\/v2\/posts\/199795\/revisions"}],"wp:featuredmedia":[{"embeddable":true,"href":"https:\/\/www.diarioimagen.net\/index.php?rest_route=\/wp\/v2\/media\/199843"}],"wp:attachment":[{"href":"https:\/\/www.diarioimagen.net\/index.php?rest_route=%2Fwp%2Fv2%2Fmedia&parent=199795"}],"wp:term":[{"taxonomy":"category","embeddable":true,"href":"https:\/\/www.diarioimagen.net\/index.php?rest_route=%2Fwp%2Fv2%2Fcategories&post=199795"},{"taxonomy":"post_tag","embeddable":true,"href":"https:\/\/www.diarioimagen.net\/index.php?rest_route=%2Fwp%2Fv2%2Ftags&post=199795"}],"curies":[{"name":"wp","href":"https:\/\/api.w.org\/{rel}","templated":true}]}}