{"id":199924,"date":"2014-12-11T00:05:46","date_gmt":"2014-12-11T06:05:46","guid":{"rendered":"http:\/\/www.diarioimagen.net\/?p=199924"},"modified":"2014-12-11T04:22:00","modified_gmt":"2014-12-11T10:22:00","slug":"fabrica-de-gobernadores-%e2%80%a2-3","status":"publish","type":"post","link":"https:\/\/www.diarioimagen.net\/?p=199924","title":{"rendered":"F\u00e1brica de gobernadores \u2022 3"},"content":{"rendered":"<h2>De frente y de perfil<\/h2>\n<h5>Ram\u00f3n Zurita Sahag\u00fan<\/h5>\n<p>&nbsp;<\/p>\n<p style=\"text-align: center;\"><strong>(Tercera de tres partes) <\/strong><\/p>\n<p>Iris Vianey Mendoza Mendoza completa el cuadro de senadores por Michoac\u00e1n, aunque lejos est\u00e1 de la posibilidad de abanderar a la izquierda en los comicios para gobernador.<\/p>\n<p>Ella lleg\u00f3 por la v\u00eda de representaci\u00f3n proporcional y es de los senadores m\u00e1s j\u00f3venes de la LXII Legislatura.<\/p>\n<p>Quer\u00e9taro, San Luis Potos\u00ed y Sonora son los tres estados restantes en los que habr\u00e1 comicios de gobernadores el a\u00f1o pr\u00f3ximo y que cuentan con una rica cantera de senadores que podr\u00edan convertirse en candidatos y, eventualmente, en gobernadores.<\/p>\n<p>La primera de las entidades tiene en el panista Francisco Dom\u00ednguez, el casi seguro candidato de su partido, quien, adem\u00e1s, puntea en las preferencias electorales por encima de otros aspirantes dentro y fuera de su partido.<\/p>\n<p>Dom\u00ednguez ya fue presidente municipal de la capital y diputado federal, adem\u00e1s de representar al estado en el Senado de la Rep\u00fablica como legislador de mayor\u00eda.<\/p>\n<p>El senador panista se encuentra enrachado, ya que son tres comicios en que ha ganado los cargos de elecci\u00f3n popular por los que ha contendido. Primero fue diputado federal de mayor\u00eda, despu\u00e9s alcalde de Quer\u00e9taro y actualmente senador como primero en la f\u00f3rmula.<\/p>\n<p>Marcela Torres Peimbert es su compa\u00f1era de esca\u00f1o, pero se ve dif\u00edcil que compita por la candidatura a gobernador, aunque sus cartas credenciales son extraordinarias. Detr\u00e1s de ella se encuentra el p\u00e9simo antecedente de su ex esposo, Francisco Garrido Patr\u00f3n, cuya desastrosa administraci\u00f3n fue uno de los motivos principales para que el PRI rescatara esa plaza que fue gobernada 12 a\u00f1os por el panismo.<\/p>\n<p>El otro senador por Quer\u00e9taro es el pri\u00edsta Enrique Burgos Garc\u00eda, quien fue el gobernante que cedi\u00f3 el paso a las administraciones del PAN.<\/p>\n<p>La contienda por el gobierno de Quer\u00e9taro se dar\u00e1 entre quien resulte candidato del Partido Revolucionario Institucional y el que emerja de Acci\u00f3n Nacional, ya que los dem\u00e1s partidos tienen muy poca presencia en el estado y apenas alcanzan porcentajes de voto que les confirmen la presencia testimonial de su participaci\u00f3n con el registro asegurado.<\/p>\n<p>San Luis Potos\u00ed es otra entidad complicada para el partido gobernante, el PRI, donde los senadores, tanto de este partido como de Acci\u00f3n Nacional podr\u00edan representar a sus respectivos partidos en los comicios de junio pr\u00f3ximo.<\/p>\n<p>El pri\u00edsta Te\u00f3filo Torres Corzo, es una de las opciones del partido tricolor, aunque no la principal para abanderarlo en el proceso electoral.<\/p>\n<p>Torres Corzo es uno de los principales empresarios del estado y ya fungi\u00f3 como diputado local, federal y hasta gobernador interino.<\/p>\n<p>Su prop\u00f3sito es contender como candidato, ya que debido a la serie de problemas que se presentaron en la d\u00e9cada de los 90, cuando Fausto Zapata Loredo fue impedido de gobernar, luego de ser acusado que la elecci\u00f3n ganada hab\u00eda sido mediante el fraude.<\/p>\n<p>Lo sucedi\u00f3, primero como interino Gonzalo Mart\u00ednez Corbal\u00e1, pero a \u00e9ste le calentaron la cabeza con la posibilidad de competir como candidato, por lo que solicit\u00f3 permiso y fue habilitado Te\u00f3filo Torres Corzo.<\/p>\n<p>Sin embargo, Te\u00f3filo fue nominado como candidato a senador, donde fue derrotado por la f\u00f3rmula panista y qued\u00f3 relegado a su esca\u00f1o como parte de las f\u00f3rmulas m\u00e1gicas de primera minor\u00eda.<\/p>\n<p>Para la panista Sonia Mendoza D\u00edaz, la oportunidad es \u00fanica, ya que se encuentra sembrada entre los favoritos de su partido para enarbolar la bandera del organismo pol\u00edtico en los comicios del a\u00f1o pr\u00f3ximo.<\/p>\n<p>Sonia pod\u00eda formar parte de un paquete de candidatas presentadas por Acci\u00f3n Nacional en los comicios estatales del 2015, donde tambi\u00e9n figurar\u00edan Margarita Arellanes, alcaldesa de Monterrey y la tambi\u00e9n senadora Luisa Mar\u00eda Calder\u00f3n, algo in\u00e9dito en \u00e9ste y todos los partidos pol\u00edticos durante un proceso electoral.<\/p>\n<p>El otro senador por San Luis Potos\u00ed es Octavio Pedroza Gait\u00e1n, quien tiene una amplia carrera electoral, ya que fungi\u00f3 como diputado federal, alcalde capitalino y fue el compa\u00f1ero de f\u00f3rmula de Sonia Mendoza que derrotaron con amplitud a Te\u00f3filo Torres Corzo.<\/p>\n<p>Sin embargo, en las encuesta el posicionamiento de Sonia es mayor que el de su compa\u00f1ero de esca\u00f1o, por lo que Octavio tendr\u00eda que quedarse con las ganas de competir, ya que, incluso, hay otros aspirantes de su partido mejor situados en el \u00e1nimo electoral.<\/p>\n<p>Los cuatro representantes de Sonora en el Senado de la Rep\u00fablica re\u00fanen posibilidades de competir por la candidatura a gobernador de sus respectivos partidos, aunque no todos guardan posibilidades de ganar los comicios.<\/p>\n<p>Siendo un gobierno panista el de Sonora, corresponde al militante de Acci\u00f3n Nacional, Francisco B\u00farquez Valenzuela, la primera menci\u00f3n.<\/p>\n<p>Ex alcalde Hermosillo, el senador panista de primera minor\u00eda es visto como el candidato emergente, ante la presunta inhabilitaci\u00f3n de Javier G\u00e1ndara Maga\u00f1a, tambi\u00e9n ex alcalde de Hermosillo y el mejor posicionado de su partido.<\/p>\n<p>H\u00e9ctor Larios C\u00f3rdova es el otro senador panista, aunque este lleg\u00f3 por la v\u00eda de la representaci\u00f3n proporcional y poca posibilidad tiene de competir por la nominaci\u00f3n.<\/p>\n<p>Los pri\u00edstas Claudia Pavlovich Arellano y Ernesto G\u00e1ndara Camou, sostienen una f\u00e9rrea disputa por la nominaci\u00f3n de su partido, ya que de entre ellos saldr\u00e1 el abanderado el partido tricolor.<\/p>\n<p>Se considera que en Sonora los pri\u00edstas tienen reservada la candidatura al gobierno estatal para una mujer.<\/p>\n<p>Claudia y Ernesto ganaron como candidatos de f\u00f3rmula para el Senado de la Rep\u00fablica.<\/p>\n<p>Ana Gabriela Guevara Espinoza cierra el ciclo de aspirantes senatoriales a un gobierno estatal.<\/p>\n<p>La ex corredora de 400 metros planos podr\u00eda convertirse en la candidata de la izquierda, aunque se dice que Morena le tiene reservada la plaza de abanderada, aunque sus posibilidades de triunfo ser\u00edan escasas.<\/p>\n<p><em><a href=\"mailto:ramonzurita44@hotmail.com\" target=\"_blank\">ramonzurita44@hotmail.com<\/a><\/em><br \/>\n<a href=\"mailto:%20zurita_sahagun@hotmail.com\" target=\"_blank\"><em>zurita_sahagun@hotmail.com<\/em><\/a><\/p>\n","protected":false},"excerpt":{"rendered":"<p><span style=\"color: #005497;\"><strong>Ram\u00f3n Zurita Sahag\u00fan<\/strong><\/span><\/p>\n","protected":false},"author":3,"featured_media":0,"comment_status":"open","ping_status":"open","sticky":false,"template":"","format":"standard","meta":{"_monsterinsights_skip_tracking":false,"_monsterinsights_sitenote_active":false,"_monsterinsights_sitenote_note":"","_monsterinsights_sitenote_category":0,"footnotes":""},"categories":[234],"tags":[304,43674,43687],"class_list":["post-199924","post","type-post","status-publish","format-standard","hentry","category-ramon-zurita-sahagun","tag-de-frente-y-de-perfil","tag-opinion","tag-ramon-zurita-sahagun"],"_links":{"self":[{"href":"https:\/\/www.diarioimagen.net\/index.php?rest_route=\/wp\/v2\/posts\/199924","targetHints":{"allow":["GET"]}}],"collection":[{"href":"https:\/\/www.diarioimagen.net\/index.php?rest_route=\/wp\/v2\/posts"}],"about":[{"href":"https:\/\/www.diarioimagen.net\/index.php?rest_route=\/wp\/v2\/types\/post"}],"author":[{"embeddable":true,"href":"https:\/\/www.diarioimagen.net\/index.php?rest_route=\/wp\/v2\/users\/3"}],"replies":[{"embeddable":true,"href":"https:\/\/www.diarioimagen.net\/index.php?rest_route=%2Fwp%2Fv2%2Fcomments&post=199924"}],"version-history":[{"count":0,"href":"https:\/\/www.diarioimagen.net\/index.php?rest_route=\/wp\/v2\/posts\/199924\/revisions"}],"wp:attachment":[{"href":"https:\/\/www.diarioimagen.net\/index.php?rest_route=%2Fwp%2Fv2%2Fmedia&parent=199924"}],"wp:term":[{"taxonomy":"category","embeddable":true,"href":"https:\/\/www.diarioimagen.net\/index.php?rest_route=%2Fwp%2Fv2%2Fcategories&post=199924"},{"taxonomy":"post_tag","embeddable":true,"href":"https:\/\/www.diarioimagen.net\/index.php?rest_route=%2Fwp%2Fv2%2Ftags&post=199924"}],"curies":[{"name":"wp","href":"https:\/\/api.w.org\/{rel}","templated":true}]}}