{"id":200003,"date":"2014-12-11T00:01:43","date_gmt":"2014-12-11T06:01:43","guid":{"rendered":"http:\/\/www.diarioimagen.net\/?p=200003"},"modified":"2014-12-11T04:15:16","modified_gmt":"2014-12-11T10:15:16","slug":"en-2015-bcd-travel-preve-un-incremento-de-la-demanda-de-viajes-de-negocios-aseguro-beat-willie","status":"publish","type":"post","link":"https:\/\/www.diarioimagen.net\/?p=200003","title":{"rendered":"En 2015, <em>BCD Travel<\/em>, prev\u00e9 un incremento de la demanda de viajes de negocios, asegur\u00f3 Beat Willie"},"content":{"rendered":"<h2>De cinco estrellas<\/h2>\n<h5>Victoria Gonz\u00e1lez Prado<\/h5>\n<p>&nbsp;<\/p>\n<ul>\n<li><em><strong>Con m\u00e1s de mil 500 piezas artesanales fue inaugurada la expo \u2018Yo Soy Mexiquense\u2019, en Punto M\u00e9xico<\/strong><\/em><\/li>\n<li><em><strong>John Slater anunci\u00f3 el inicio de operaciones diarias y sin escalas entre Houston y Santiago, Chile<\/strong><\/em><\/li>\n<li><em><strong>Nuevas sorpresas para los viajeros que elijan Las Vegas como destino para estas vacaciones<\/strong><\/em><\/li>\n<\/ul>\n<div id=\"attachment_200017\" style=\"width: 297px\" class=\"wp-caption alignleft\"><a href=\"http:\/\/www.diarioimagen.net\/?attachment_id=200017\" rel=\"attachment wp-att-200017\"><img loading=\"lazy\" decoding=\"async\" aria-describedby=\"caption-attachment-200017\" class=\"wp-image-200017 \" src=\"http:\/\/www.diarioimagen.net\/wp-content\/uploads\/2014\/12\/turismo-2505-420x227.jpg\" alt=\"Beat Wille, Rolando Robles, Ana Paula Hern\u00e1ndez e Israel P\u00e9rez.\" width=\"287\" height=\"155\" srcset=\"https:\/\/www.diarioimagen.net\/wp-content\/uploads\/2014\/12\/turismo-2505-420x227.jpg 420w, https:\/\/www.diarioimagen.net\/wp-content\/uploads\/2014\/12\/turismo-2505-240x129.jpg 240w, https:\/\/www.diarioimagen.net\/wp-content\/uploads\/2014\/12\/turismo-2505.jpg 1200w\" sizes=\"auto, (max-width: 287px) 100vw, 287px\" \/><\/a><p id=\"caption-attachment-200017\" class=\"wp-caption-text\">Beat Wille, Rolando Robles, Ana Paula Hern\u00e1ndez e Israel P\u00e9rez.<\/p><\/div>\n<p>En 2015, <em>BCD Travel<\/em> -agencia especializada en viajes corporativos-, prev\u00e9 un incremento de la demanda de viajes de negocios, as\u00ed lo asegur\u00f3 <strong>Beat Willie<\/strong>, <em>Country General Manager M\u00e9xico<\/em> de la empresa, durante una reuni\u00f3n con los medios en la que agreg\u00f3 que la compa\u00f1\u00eda cuenta con un \u00edndice de retenci\u00f3n de clientes de m\u00e1s del 99%, ventas valuadas en 21.4 mil millones de d\u00f3lares en el 2013 y, conf\u00eda en superar estas cifras no s\u00f3lo el pr\u00f3ximo a\u00f1o, sino tambi\u00e9n al finalizar el 2014. Cabe destacar que el crecimiento tambi\u00e9n se ha percibido en la presencia de la empresa en distintos lugares del mundo, gracias tambi\u00e9n a la adquisici\u00f3n de compa\u00f1\u00edas, como <em>Barlow Travel Group<\/em>, en Nueva Zelanda, con lo que inici\u00f3 la operaci\u00f3n especialista en eventos deportivos internacio\u00adnales. Esta alianza ampliar\u00e1 la presencia de la compa\u00f1\u00eda en la regi\u00f3n Asia-Pac\u00edfico y aumentar\u00e1 la oferta de servicios, tanto en la regi\u00f3n, como a nivel mundial. La expansi\u00f3n global de <em>BCD Travel<\/em> incluye Brasil, donde se concret\u00f3 la adquisici\u00f3n de las oficinas en ese pa\u00eds. \u201cBrasil y M\u00e9xico son los dos pa\u00edses m\u00e1s fuertes en la regi\u00f3n Latinoam\u00e9rica y donde hemos destinado una fuerte inversi\u00f3n, por ello es importante esta adquisici\u00f3n, ya que nos va a fortalecer en la regi\u00f3n y supondr\u00e1 un crecimiento importante para nuestra agencia, fortalecer\u00e1 las operaciones propias de la compa\u00f1\u00eda en pa\u00edses como Argentina, Chile, Costa Rica y Per\u00fa, y no se detendr\u00e1, pues buscaremos otros mercados en los que podr\u00edamos participar\u201d, se\u00f1al\u00f3 <strong>Willie<\/strong>. Sin embargo, aclar\u00f3, el crecimiento no s\u00f3lo se ha dado en M\u00e9xico, sino a nivel global, pues en agosto pasado <em>BCD M&amp;I<\/em> adquiri\u00f3 <em>Universal Meeting Management Inc.,<\/em> en Raleigh, Carolina del Norte, una agencia especialista en el sector farmac\u00e9utico y de eventos con alta tecnolog\u00eda. La compra incluye adem\u00e1s la plataforma tecnol\u00f3gica creada por UMM para medir y llevar los r\u00e9cords de la informaci\u00f3n cr\u00edtica en el sector farmac\u00e9utico. Al referirse al segmento de viajes de negocios, <strong>Beat Willie<\/strong> asegur\u00f3 que han tenido un crecimiento positivo, mismo que se ha reflejado no s\u00f3lo en el incremento de su personal, al contar ahora con 500 empleados, sino en la ampliaci\u00f3n de sus oficinas y el incremento del servicio de <em>call center<\/em>, en el que se ha incorporado tecnolog\u00eda de punta, sustentado por el tradicional servicio de excelencia de la empresa. \u201cContamos con espacios renovados en el DF, con nueve oficinas y 17 <em>inplants <\/em>y presencia en Monterrey, Saltillo, Guadalajara, Veracruz, Villahermosa y Ciudad del Carmen, lo que se traduce en calidad de servicios y nos ha permitido ganar distintos reconocimientos como: \u2018Agencia de viajes corporativa m\u00e1s admirada de 2014\u2019, que por segundo a\u00f1o les entrega la revista <em>The Beat,<\/em> publicaci\u00f3n especializada en la industria de viajes corporativos de la editorial <em>Northstar Travel. <\/em>En el segmento farmac\u00e9utico, obtuvimos dentro del <em>Pharma Forum 2014,<\/em> el <em>Healthcare Meetings Compliance Certificate<\/em> por la universidad de St. Louis, reconocimiento que obedece a nuevos lineamientos que deber\u00e1n ampliar los laboratorios en el mercado global. En Las Vegas, durante el IMEX Am\u00e9ricas, la revista CMI nos entreg\u00f3 el reconocimiento como una de las Top Agencias de Eventos en el mundo, premio que fue recibido por <strong>Dave Sonricker<\/strong>, vicepresidente senior de <em>VP Industry Relations &amp; Mexico. <\/em>Tambi\u00e9n el Distintivo ESR\u00ae 2014, por CEMEFI, entregado tras cumplir\u00a0 en los \u00e1mbitos de calidad de vida en la empresa, \u00e9tica y gobierno empresarial, vinculaci\u00f3n con la comunidad, cuidado y preservaci\u00f3n del medio ambiente. Como parte de esa tendencia, <em>BCD Travel <\/em>en<em> M\u00e9xico<\/em> otorg\u00f3 un donativo a Aldeas Infantiles, en conjunto con la fundaci\u00f3n <em>Van Vlissingen\u201d. <\/em> Por \u00faltimo, destac\u00f3 que al cierre de este 2014 la empresa de viajes corporativos seleccion\u00f3 a la Fundaci\u00f3n Camino a Casa, a la que apoyar\u00e1 con una serie de esfuerzos de manera interna con los empleados para la recaudaci\u00f3n de fondos, fomentando la integraci\u00f3n del personal, la creatividad y la conciencia. La fundaci\u00f3n apoya el combate a la trata de personas. En ese sentido, la fundaci\u00f3n <em>Van Vlissingen<\/em> <em>de BCD Travel<\/em> duplicar\u00e1 el monto recaudado, pues el proyecto qued\u00f3 aprobado dentro del programa <em>Making a Difference. <\/em>Para concluir el directivo quien estuvo acompa\u00f1ado por <strong>Ana Paula Hern\u00e1ndez<\/strong>, <em>General Manager<\/em> M\u00e9xico; <strong>Rolando Robles<\/strong>, <em>Senior Director<\/em> <em>Sales, Marketing &amp; Account Management<\/em>, e <strong>Israel P\u00e9rez Cruz<\/strong>, gerente de <em>Marketing <\/em>asegur\u00f3: \u201cTenemos un compromiso con nuestros clientes y es seguir mejorando nuestros productos d\u00eda a d\u00eda y estar siempre actualizados en la industria\u201d.<\/p>\n<p>\u2730\u2730\u2730\u2730\u2730\u00a0Con m\u00e1s de mil 500 piezas artesanales de los municipios de Malinalco, El Oro, Tenancingo, Valle de Bravo, Metepec, Temoaya, Zumpango, Teotihuac\u00e1n, Villa de Allende y Zinacantepec, la Secretar\u00eda de Turismo presenta la exposici\u00f3n denominada \u201cYo Soy Mexiquense\u201d, con el prop\u00f3sito de promocionar, fomentar y comercializar la riqueza artesanal del Estado de M\u00e9xico. <strong>Rosalinda Elizabeth Ben\u00edtez Gonz\u00e1lez<\/strong>, secretaria de Turismo, inform\u00f3 que esta muestra se ubica en las instalaciones de Punto M\u00e9xico, en la Secretar\u00eda de Turismo federal, espacio que representa un escaparate id\u00f3neo para promover y comercializar las artesan\u00edas de la entidad y, se espera tener una venta de entre 300 y 400 mil pesos en beneficio directo de los artesanos, durante la exhibici\u00f3n que permanecer\u00e1 abierta al p\u00fablico hasta el 31 de diciembre. Destac\u00f3 que en el Estado de M\u00e9xico, m\u00e1s de 500 mil personas se dedican o est\u00e1n relacionadas con las artesan\u00edas, por ello para la actual administraci\u00f3n es prioritario abrir nuevos canales para su exhibici\u00f3n y comercializaci\u00f3n, tanto en el mercado nacional como en el extranjero y as\u00ed beneficiar a miles de familias mexiquenses que viven de esta actividad. La titular de Turismo coment\u00f3 que \u201cYo Soy Mexiquense\u201d adem\u00e1s de ser un punto de comercializaci\u00f3n, brinda la oportunidad de hacer un homenaje a los maestros artesanos.<\/p>\n<p>\u2730\u2730\u2730\u2730\u2730\u00a0A muchos mexicanos les gusta visitar Las Vegas durante las vacaciones de diciembre y este famoso destino ya tiene listo todo para que estas fiestas se conviertan en la mejor opci\u00f3n elegida. Solo para darte una probadita el pr\u00f3ximo 16 de diciembre, Steve Wynn\u2019s <em>ShowStoppers<\/em>, debutar\u00e1 en el <em>Encore Theater<\/em>. Con cantantes, bailarines y orquesta en escena, la producci\u00f3n celebra a los m\u00e1s famosos compositores de Broadway. Tambi\u00e9n, La m\u00e1s reciente propiedad de <em>Caesars Entertainment<\/em> sorprende a sus hu\u00e9spedes con un servicio interactivo de televisi\u00f3n, que permite accesar a todas las amenidades del hotel por medio de un simple <em>click<\/em> en el control remoto de la TV.<\/p>\n<p>\u2730\u2730\u2730\u2730\u2730\u00a0<strong>John Slater<\/strong>, vicepresidente de <em>United Airlines<\/em> para ventas en las Am\u00e9ricas anunci\u00f3 el inicio de operaciones entre Houston y Santiago, Chile. As\u00ed desde el pasado 7 de diciembre la aerol\u00ednea ofrece el \u00fanico servicio sin escalas entre la entrada principal de la aerol\u00ednea a Am\u00e9rica Latina y la capital chilena. \u201cEl servicio nuevo de Santiago es una gran adici\u00f3n al conjunto de rutas a Latinoam\u00e9rica. Estos\u00a0\u00a0 vuelos ofrecen acceso directo a Santiago para los viajeros del \u00e1rea de Houston, y proporcionar\u00e1n conexiones de una sola escala en el <em>hub<\/em> hacia y desde docenas de ciudades en la red global de rutas de <em>United,<\/em> incluyendo mercados principales como Chicago, Nueva York, Los \u00c1ngeles, San Francisco, Washington y Tokio\u201d. El vuelo 847 saldr\u00e1 diariamente del Aeropuerto Intercontinental George Bush de Houston a las 9:35 pm., llegando al Aeropuerto Internacional Arturo Merino Ben\u00edtez en Santiago a las 10:10 am. del d\u00eda siguiente (hora local). De regreso, el vuelo 846 saldr\u00e1 de Santiago a las 11 pm., llegando a Houston a las 5:55 am. del d\u00eda siguiente. La compa\u00f1\u00eda a\u00e9rea operar\u00e1 los vuelos utilizando aviones <em>Boeing 767-300<\/em> con un total de 214 asientos \u201330 asientos-cama con reclinaci\u00f3n de 180 grados en <em>BusinessFirst<\/em> y 184 asientos en <em>Economy,<\/em> incluyendo 49 asientos de <em>Economy Plus<\/em> con espacio adicional para las piernas. Cada pasajero tendr\u00e1 acceso a una estaci\u00f3n personal de entretenimiento en los asientos. Adem\u00e1s del servicio nuevo a Santiago, <em>United<\/em> tambi\u00e9n est\u00e1 agregando vuelos a otros destinos en Am\u00e9rica Latina y el Caribe desde varios de sus hubs. Nuevos vuelos diarios entre Denver y la ciudad de Panam\u00e1, iniciaron el 3 de diciembre. La aerol\u00ednea tambi\u00e9n lanzar\u00e1 nuevos vuelos semanales desde Chicago a la ciudad de Belice y de Houston a Punta Cana. Los nuevos vuelos diarios a la ciudad de Panam\u00e1, operados con el avi\u00f3n <em>Boeing 737-700<\/em> y tendr\u00e1n una frecuencia de cinco veces a la semana en septiembre y en octubre del 2015. Desde Denver, los pasajeros pueden hacer conexiones a m\u00e1s de 50 destinos en todo Estados Unidos. La compa\u00f1\u00eda a\u00e9rea ha ofrecido servicio a\u00e9reo a la ciudad de Panam\u00e1 desde 1990, y actualmente opera un vuelo diario sin escalas desde el <em>hub <\/em>de Nueva York en el Aeropuerto Internacional Newark Liberty y dos vuelos diarios sin escalas desde el <em>hub<\/em> de Houston. Como se ha anunciado previamente, a partir del 20 de diciembre pr\u00f3ximo, agregar\u00e1 un vuelo semanal los s\u00e1bados desde Chicago a la ciudad de Belice y de Houston a Punta Cana. Se operar\u00e1n los vuelos a Belice hasta el 15 de agosto del 2015, y los vuelos a Punta Cana operar\u00e1n durante todo el a\u00f1o, cambiando a servicio diario para el per\u00edodo pico de viajes de verano desde el 4 de junio al 17 de agosto del 2015.<\/p>\n<p><em><a href=\"maito:victoriagprado@gmail.com\" target=\"_blank\">victoriagprado@gmail.com<\/a><\/em><\/p>\n","protected":false},"excerpt":{"rendered":"<p>En 2015, <em>BCD Travel<\/em> -agencia especializada en viajes corporativos-, prev\u00e9 un incremento de la demanda de viajes de negocios, as\u00ed lo asegur\u00f3 <strong>Beat Willie<\/strong>, <em>Country General Manager M\u00e9xico<\/em> de la empresa, durante una reuni\u00f3n con los medios en la que agreg\u00f3 que la compa\u00f1\u00eda cuenta con un \u00edndice de retenci\u00f3n de clientes de m\u00e1s del 99%, ventas valuadas en 21.4 mil millones de d\u00f3lares en el 2013 y, conf\u00eda en superar estas cifras no s\u00f3lo el pr\u00f3ximo a\u00f1o, sino tambi\u00e9n al finalizar el 2014.<\/p>\n","protected":false},"author":3,"featured_media":200017,"comment_status":"open","ping_status":"open","sticky":false,"template":"","format":"standard","meta":{"_monsterinsights_skip_tracking":false,"_monsterinsights_sitenote_active":false,"_monsterinsights_sitenote_note":"","_monsterinsights_sitenote_category":0,"footnotes":""},"categories":[11],"tags":[107,43681,106],"class_list":["post-200003","post","type-post","status-publish","format-standard","has-post-thumbnail","hentry","category-turismo","tag-de-cinco-estrellas","tag-turismo","tag-victoria-gonzalez-prado"],"_links":{"self":[{"href":"https:\/\/www.diarioimagen.net\/index.php?rest_route=\/wp\/v2\/posts\/200003","targetHints":{"allow":["GET"]}}],"collection":[{"href":"https:\/\/www.diarioimagen.net\/index.php?rest_route=\/wp\/v2\/posts"}],"about":[{"href":"https:\/\/www.diarioimagen.net\/index.php?rest_route=\/wp\/v2\/types\/post"}],"author":[{"embeddable":true,"href":"https:\/\/www.diarioimagen.net\/index.php?rest_route=\/wp\/v2\/users\/3"}],"replies":[{"embeddable":true,"href":"https:\/\/www.diarioimagen.net\/index.php?rest_route=%2Fwp%2Fv2%2Fcomments&post=200003"}],"version-history":[{"count":0,"href":"https:\/\/www.diarioimagen.net\/index.php?rest_route=\/wp\/v2\/posts\/200003\/revisions"}],"wp:featuredmedia":[{"embeddable":true,"href":"https:\/\/www.diarioimagen.net\/index.php?rest_route=\/wp\/v2\/media\/200017"}],"wp:attachment":[{"href":"https:\/\/www.diarioimagen.net\/index.php?rest_route=%2Fwp%2Fv2%2Fmedia&parent=200003"}],"wp:term":[{"taxonomy":"category","embeddable":true,"href":"https:\/\/www.diarioimagen.net\/index.php?rest_route=%2Fwp%2Fv2%2Fcategories&post=200003"},{"taxonomy":"post_tag","embeddable":true,"href":"https:\/\/www.diarioimagen.net\/index.php?rest_route=%2Fwp%2Fv2%2Ftags&post=200003"}],"curies":[{"name":"wp","href":"https:\/\/api.w.org\/{rel}","templated":true}]}}