{"id":200086,"date":"2014-12-11T21:10:33","date_gmt":"2014-12-12T03:10:33","guid":{"rendered":"http:\/\/www.diarioimagen.net\/?p=200086"},"modified":"2014-12-12T04:00:38","modified_gmt":"2014-12-12T10:00:38","slug":"gran-fieska-de-la-maldita-vecindad-y-los-hijos-del-5to-patio-en-el-domo-de-cobre","status":"publish","type":"post","link":"https:\/\/www.diarioimagen.net\/?p=200086","title":{"rendered":"Gran \u201cfieska\u201d de La Maldita Vecindad y Los Hijos del 5to. Patio en el Domo de Cobre"},"content":{"rendered":"<ul>\n<li><strong><em>El concierto de \u201c30 a\u00f1os de paz y baile\u201d se realizar\u00e1 el s\u00e1bado 21 de febrero en el Domo de Cobre<\/em><\/strong><\/li>\n<\/ul>\n<div id=\"attachment_200087\" style=\"width: 250px\" class=\"wp-caption alignleft\"><img loading=\"lazy\" decoding=\"async\" aria-describedby=\"caption-attachment-200087\" class=\"size-medium wp-image-200087\" src=\"http:\/\/www.diarioimagen.net\/wp-content\/uploads\/2014\/12\/maldita-vecindad-portal-240x135.jpg\" alt=\"Para benepl\u00e1cito de sus fieles seguidores, pachucos y skatos, los amos del ska nacional armar\u00e1n un gran revent\u00f3n en las instalaciones del Palacio de los Deportes.\" width=\"240\" height=\"135\" srcset=\"https:\/\/www.diarioimagen.net\/wp-content\/uploads\/2014\/12\/maldita-vecindad-portal-240x135.jpg 240w, https:\/\/www.diarioimagen.net\/wp-content\/uploads\/2014\/12\/maldita-vecindad-portal-420x236.jpg 420w, https:\/\/www.diarioimagen.net\/wp-content\/uploads\/2014\/12\/maldita-vecindad-portal-235x132.jpg 235w, https:\/\/www.diarioimagen.net\/wp-content\/uploads\/2014\/12\/maldita-vecindad-portal-202x114.jpg 202w, https:\/\/www.diarioimagen.net\/wp-content\/uploads\/2014\/12\/maldita-vecindad-portal-350x196.jpg 350w, https:\/\/www.diarioimagen.net\/wp-content\/uploads\/2014\/12\/maldita-vecindad-portal-220x123.jpg 220w, https:\/\/www.diarioimagen.net\/wp-content\/uploads\/2014\/12\/maldita-vecindad-portal-237x132.jpg 237w, https:\/\/www.diarioimagen.net\/wp-content\/uploads\/2014\/12\/maldita-vecindad-portal.jpg 480w\" sizes=\"auto, (max-width: 240px) 100vw, 240px\" \/><p id=\"caption-attachment-200087\" class=\"wp-caption-text\">Para benepl\u00e1cito de sus fieles seguidores, pachucos y skatos, los amos del ska nacional armar\u00e1n un gran revent\u00f3n en las instalaciones del Palacio de los Deportes.<\/p><\/div>\n<p>Luego de su gran retorno en la fiesta de XV Aniversario del Festival Vive Latino, La Maldita Vecindad y Los Hijos del 5to. Patio, integrados por Roco Pachukote, Pato, Aldo y Sax, comenzaron con gran \u00e9xito su gira de \u201c30 a\u00f1os de paz y baile\u201d, donde la ciudad de M\u00e9xico tuvo el privilegio de verlos en vivo y a todo color en las instalaciones del Plaza Condesa, sitio que luci\u00f3 a su m\u00e1xima capacidad, y ahora para benepl\u00e1cito de sus fieles seguidores, pachucos y skatos, los amos del ska nacional armar\u00e1n un gran revent\u00f3n en las instalaciones del Palacio de los Deportes. La cita para esta memorable fiesta ser\u00e1 el pr\u00f3ximo s\u00e1bado 21 de febrero. Los boletos estar\u00e1n en preventa Banamex este 12 de diciembre.<\/p>\n<p>Tras algunos a\u00f1os de estar alejados de los reflectores, La Maldita Vecindad y Los Hijos del 5to. Patio, regresaron a los escenarios con toda su energ\u00eda y actitud, que les ha valido ser una de las bandas pilares del rock mexicano y la movida mundial del rock mestizo. Seguramente, para esta velada se escuchar\u00e1n las canciones que los han acompa\u00f1ado durante estos a\u00f1os y que han hecho vibrar a miles de personas\u00a0de\u00a0varias generaciones.<\/p>\n<p>Asimismo, este festejo servir\u00e1 tambi\u00e9n como parte de la promoci\u00f3n del disco en vivo que lanzar\u00e1 muy pronto la banda. Dicho material ser\u00e1 la tocada que ofrecieron en la pasada edici\u00f3n del Festival Vive Latino, donde ofrecieron un setlist muy prendido y lleno de hits, y con el cual festejar\u00e1n estos seis lustros de vida dentro de la escena del rock azteca.<\/p>\n<p>Despu\u00e9s de tres d\u00e9cadas, la diversidad sonora de La Maldita Vecindad es el puente, donde miles de personas se pueden encontrar y en las que varias generaciones han bailado alrededor de inmensos c\u00edrculos de paz y baile, emocionados al ritmo de la frase <em>\u201ca ver qui\u00e9n brinca m\u00e1s alto\u201d<\/em>.<\/p>\n<p>Maldita Vecindad es la m\u00fasica que vive alegremente en nuestra memoria y que sigue resonando en los barrios, en los bailes, durante la noche, en nuestras conciencias y principalmente en nuestros corazones.<\/p>\n","protected":false},"excerpt":{"rendered":"<p>Luego de su gran retorno en la fiesta de XV Aniversario del Festival Vive Latino, La Maldita Vecindad y Los Hijos del 5to. Patio, integrados por Roco Pachukote, Pato, Aldo y Sax, comenzaron con gran \u00e9xito su gira de \u201c30 a\u00f1os de paz y baile\u201d, donde la ciudad de M\u00e9xico tuvo el privilegio de verlos en vivo y a todo color en las instalaciones del Plaza Condesa, sitio que luci\u00f3 a su m\u00e1xima capacidad, y ahora para benepl\u00e1cito de sus fieles seguidores, pachucos y skatos, los amos del ska nacional armar\u00e1n un gran revent\u00f3n en las instalaciones del Palacio de los Deportes. La cita para esta memorable fiesta ser\u00e1 el pr\u00f3ximo s\u00e1bado 21 de febrero. Los boletos estar\u00e1n en preventa Banamex este 12 de diciembre.<\/p>\n","protected":false},"author":5,"featured_media":200087,"comment_status":"open","ping_status":"open","sticky":false,"template":"","format":"standard","meta":{"_monsterinsights_skip_tracking":false,"_monsterinsights_sitenote_active":false,"_monsterinsights_sitenote_note":"","_monsterinsights_sitenote_category":0,"footnotes":""},"categories":[17,12],"tags":[3135],"class_list":["post-200086","post","type-post","status-publish","format-standard","has-post-thumbnail","hentry","category-especiales","category-espectaculos","tag-la-maldita-vecindad"],"_links":{"self":[{"href":"https:\/\/www.diarioimagen.net\/index.php?rest_route=\/wp\/v2\/posts\/200086","targetHints":{"allow":["GET"]}}],"collection":[{"href":"https:\/\/www.diarioimagen.net\/index.php?rest_route=\/wp\/v2\/posts"}],"about":[{"href":"https:\/\/www.diarioimagen.net\/index.php?rest_route=\/wp\/v2\/types\/post"}],"author":[{"embeddable":true,"href":"https:\/\/www.diarioimagen.net\/index.php?rest_route=\/wp\/v2\/users\/5"}],"replies":[{"embeddable":true,"href":"https:\/\/www.diarioimagen.net\/index.php?rest_route=%2Fwp%2Fv2%2Fcomments&post=200086"}],"version-history":[{"count":0,"href":"https:\/\/www.diarioimagen.net\/index.php?rest_route=\/wp\/v2\/posts\/200086\/revisions"}],"wp:featuredmedia":[{"embeddable":true,"href":"https:\/\/www.diarioimagen.net\/index.php?rest_route=\/wp\/v2\/media\/200087"}],"wp:attachment":[{"href":"https:\/\/www.diarioimagen.net\/index.php?rest_route=%2Fwp%2Fv2%2Fmedia&parent=200086"}],"wp:term":[{"taxonomy":"category","embeddable":true,"href":"https:\/\/www.diarioimagen.net\/index.php?rest_route=%2Fwp%2Fv2%2Fcategories&post=200086"},{"taxonomy":"post_tag","embeddable":true,"href":"https:\/\/www.diarioimagen.net\/index.php?rest_route=%2Fwp%2Fv2%2Ftags&post=200086"}],"curies":[{"name":"wp","href":"https:\/\/api.w.org\/{rel}","templated":true}]}}