{"id":200291,"date":"2014-12-15T00:13:46","date_gmt":"2014-12-15T06:13:46","guid":{"rendered":"http:\/\/www.diarioimagen.net\/?p=200291"},"modified":"2014-12-15T03:39:17","modified_gmt":"2014-12-15T09:39:17","slug":"inversion-y-trabajo-en-el-edomex","status":"publish","type":"post","link":"https:\/\/www.diarioimagen.net\/?p=200291","title":{"rendered":"Inversi\u00f3n y trabajo en el Edomex"},"content":{"rendered":"<h2>Arco Norte<\/h2>\n<h5>Jos\u00e9 Luis Monta\u00f1ez Aguilar<\/h5>\n<p>&nbsp;<\/p>\n<div id=\"attachment_200369\" style=\"width: 250px\" class=\"wp-caption alignleft\"><a href=\"http:\/\/www.diarioimagen.net\/wp-content\/uploads\/2014\/12\/arco-2507.jpg\"><img loading=\"lazy\" decoding=\"async\" aria-describedby=\"caption-attachment-200369\" class=\"size-medium wp-image-200369\" src=\"http:\/\/www.diarioimagen.net\/wp-content\/uploads\/2014\/12\/arco-2507-240x135.jpg\" alt=\"El gobernador del Estado de M\u00e9xico, Eruviel \u00c1vila Villegas.\" width=\"240\" height=\"135\" srcset=\"https:\/\/www.diarioimagen.net\/wp-content\/uploads\/2014\/12\/arco-2507-240x135.jpg 240w, https:\/\/www.diarioimagen.net\/wp-content\/uploads\/2014\/12\/arco-2507-420x236.jpg 420w, https:\/\/www.diarioimagen.net\/wp-content\/uploads\/2014\/12\/arco-2507-235x132.jpg 235w, https:\/\/www.diarioimagen.net\/wp-content\/uploads\/2014\/12\/arco-2507-202x114.jpg 202w, https:\/\/www.diarioimagen.net\/wp-content\/uploads\/2014\/12\/arco-2507-350x196.jpg 350w, https:\/\/www.diarioimagen.net\/wp-content\/uploads\/2014\/12\/arco-2507-220x123.jpg 220w, https:\/\/www.diarioimagen.net\/wp-content\/uploads\/2014\/12\/arco-2507-237x132.jpg 237w, https:\/\/www.diarioimagen.net\/wp-content\/uploads\/2014\/12\/arco-2507.jpg 480w\" sizes=\"auto, (max-width: 240px) 100vw, 240px\" \/><\/a><p id=\"caption-attachment-200369\" class=\"wp-caption-text\">El gobernador del Estado de M\u00e9xico, Eruviel \u00c1vila Villegas.<\/p><\/div>\n<p>El Estado de M\u00e9xico va por el camino correcto en atracci\u00f3n de inversiones y prueba de ello es la generaci\u00f3n de 65 mil 216 empleos en el periodo enero-nociembre, lo que representa 96 por ciento m\u00e1s con respecto al mismo lapso de 2013, seg\u00fan datos del IMSS, se\u00f1al\u00f3 el gobernador Eruviel \u00c1vila Villegas. \u201cEntre enero y noviembre del a\u00f1o pasado, se generaron en el Estado de M\u00e9xico 33 mil 125 nuevos empleos; en el mismo periodo de enero a noviembre de este a\u00f1o 2014, se han generado 65 mil 216 nuevas plazas, esto equivale a m\u00e1s del 96 por ciento, son cifras que emite el Instituto Mexicano del Seguro Social, no solamente lo estoy diciendo yo, son las cifras las que hablan, las que nos est\u00e1n comprobando, insisto, que vamos por el camino correcto\u201d, se\u00f1al\u00f3. Durante el Informe Anual de Actividades del magistrado presidente del Tribunal de lo Contencioso Administrativo del Estado de M\u00e9xico (Tricaem), Miguel \u00c1ngel Terr\u00f3n Mendoza, el titular del Ejecutivo estatal indic\u00f3 que organizaciones internacionales como el Banco Mundial y el Banco Intera\u00admericano de Desarrollo, est\u00e1n al pendiente de las acciones que llevan a cabo dependencias como el Tricaem y el Poder Judicial para conocer las garant\u00edas que se brindan a los empresarios\u00a0 para que inviertan en un estado. En este sentido, agradeci\u00f3 a quienes conforman el Tribunal de lo Contencioso Administrativo estatal por emprender acciones como la implementaci\u00f3n del Sistema de Notificaciones Electr\u00f3nicas y los juicios de primera y segunda instancia, herramientas que contribuyen a que el Estado de M\u00e9xico gane puntaje y est\u00e9 considerado como un lugar propicio para hacer negocios en el estudio Doing Bussines del Banco Mundial.<\/p>\n<p><em><a href=\"mailto:montanezaguilar@gmail.com\" target=\"_blank\">montanezaguilar@gmail.com<\/a><\/em><\/p>\n","protected":false},"excerpt":{"rendered":"<p><span style=\"color: #005497;\"><strong>Jos\u00e9 Luis Monta\u00f1ez Aguilar<\/strong><\/span><br \/>\n<br \/>\nEl Estado de M\u00e9xico va por el camino correcto en atracci\u00f3n de inversiones y prueba de ello es la generaci\u00f3n de 65 mil 216 empleos en el periodo enero-nociembre, lo que representa 96 por ciento m\u00e1s con respecto al mismo lapso de 2013, seg\u00fan datos del IMSS, se\u00f1al\u00f3 el gobernador Eruviel \u00c1vila Villegas.<\/p>\n","protected":false},"author":3,"featured_media":200369,"comment_status":"open","ping_status":"open","sticky":false,"template":"","format":"standard","meta":{"_monsterinsights_skip_tracking":false,"_monsterinsights_sitenote_active":false,"_monsterinsights_sitenote_note":"","_monsterinsights_sitenote_category":0,"footnotes":""},"categories":[5],"tags":[13284,68,43675,43704,43674],"class_list":["post-200291","post","type-post","status-publish","format-standard","has-post-thumbnail","hentry","category-estado-de-mexico","tag-arco-norte","tag-edomex","tag-estado-de-mexico","tag-jose-luis-montanez-aguilar","tag-opinion"],"_links":{"self":[{"href":"https:\/\/www.diarioimagen.net\/index.php?rest_route=\/wp\/v2\/posts\/200291","targetHints":{"allow":["GET"]}}],"collection":[{"href":"https:\/\/www.diarioimagen.net\/index.php?rest_route=\/wp\/v2\/posts"}],"about":[{"href":"https:\/\/www.diarioimagen.net\/index.php?rest_route=\/wp\/v2\/types\/post"}],"author":[{"embeddable":true,"href":"https:\/\/www.diarioimagen.net\/index.php?rest_route=\/wp\/v2\/users\/3"}],"replies":[{"embeddable":true,"href":"https:\/\/www.diarioimagen.net\/index.php?rest_route=%2Fwp%2Fv2%2Fcomments&post=200291"}],"version-history":[{"count":0,"href":"https:\/\/www.diarioimagen.net\/index.php?rest_route=\/wp\/v2\/posts\/200291\/revisions"}],"wp:featuredmedia":[{"embeddable":true,"href":"https:\/\/www.diarioimagen.net\/index.php?rest_route=\/wp\/v2\/media\/200369"}],"wp:attachment":[{"href":"https:\/\/www.diarioimagen.net\/index.php?rest_route=%2Fwp%2Fv2%2Fmedia&parent=200291"}],"wp:term":[{"taxonomy":"category","embeddable":true,"href":"https:\/\/www.diarioimagen.net\/index.php?rest_route=%2Fwp%2Fv2%2Fcategories&post=200291"},{"taxonomy":"post_tag","embeddable":true,"href":"https:\/\/www.diarioimagen.net\/index.php?rest_route=%2Fwp%2Fv2%2Ftags&post=200291"}],"curies":[{"name":"wp","href":"https:\/\/api.w.org\/{rel}","templated":true}]}}