{"id":200349,"date":"2014-12-15T00:04:26","date_gmt":"2014-12-15T06:04:26","guid":{"rendered":"http:\/\/www.diarioimagen.net\/?p=200349"},"modified":"2014-12-15T04:23:47","modified_gmt":"2014-12-15T10:23:47","slug":"capturan-a-dos-policias-secuestradores-en-edomex","status":"publish","type":"post","link":"https:\/\/www.diarioimagen.net\/?p=200349","title":{"rendered":"Capturan a dos polic\u00edas secuestradores en Edomex"},"content":{"rendered":"<ul>\n<li><strong><em>Est\u00e1n implicados en la privaci\u00f3n de libertad de un joven ocurrido en octubre pasado en el municipio de Chalco<\/em><\/strong><\/li>\n<\/ul>\n<div id=\"attachment_200420\" style=\"width: 250px\" class=\"wp-caption alignleft\"><a href=\"http:\/\/www.diarioimagen.net\/wp-content\/uploads\/2014\/12\/seguridad-2507.jpg\"><img loading=\"lazy\" decoding=\"async\" aria-describedby=\"caption-attachment-200420\" class=\"size-medium wp-image-200420\" src=\"http:\/\/www.diarioimagen.net\/wp-content\/uploads\/2014\/12\/seguridad-2507-240x135.jpg\" alt=\"Estos son los tres sujetos capturados, dos de ellos son elementos de los Cuerpos de Seguridad Auxiliares mexiquenses.\" width=\"240\" height=\"135\" srcset=\"https:\/\/www.diarioimagen.net\/wp-content\/uploads\/2014\/12\/seguridad-2507-240x135.jpg 240w, https:\/\/www.diarioimagen.net\/wp-content\/uploads\/2014\/12\/seguridad-2507-420x236.jpg 420w, https:\/\/www.diarioimagen.net\/wp-content\/uploads\/2014\/12\/seguridad-2507-235x132.jpg 235w, https:\/\/www.diarioimagen.net\/wp-content\/uploads\/2014\/12\/seguridad-2507-202x114.jpg 202w, https:\/\/www.diarioimagen.net\/wp-content\/uploads\/2014\/12\/seguridad-2507-350x196.jpg 350w, https:\/\/www.diarioimagen.net\/wp-content\/uploads\/2014\/12\/seguridad-2507-220x123.jpg 220w, https:\/\/www.diarioimagen.net\/wp-content\/uploads\/2014\/12\/seguridad-2507-237x132.jpg 237w, https:\/\/www.diarioimagen.net\/wp-content\/uploads\/2014\/12\/seguridad-2507.jpg 480w\" sizes=\"auto, (max-width: 240px) 100vw, 240px\" \/><\/a><p id=\"caption-attachment-200420\" class=\"wp-caption-text\">Estos son los tres sujetos capturados, dos de ellos son elementos de los Cuerpos de Seguridad Auxiliares mexiquenses.<\/p><\/div>\n<p>La Procuradur\u00eda General de Justicia del Estado de M\u00e9xico cumpliment\u00f3 \u00f3rdenes de aprehensi\u00f3n contra tres sujetos, dos de ellos elementos de los Cuerpos de Seguridad Auxiliares mexiquenses, quienes enfrentan cargos por secuestro.<\/p>\n<p>La dependencia inform\u00f3 en un comunicado que derivado de los trabajos de investigaci\u00f3n sobre el secuestro de un joven, ocurrido el pasado 10 de octubre en el municipio de Chalco, personal de la PGJEM logr\u00f3 la aprehensi\u00f3n de tres personas.<\/p>\n<p>Detall\u00f3 que los aprehendidos son los polic\u00edas \u00c1ngel Ray\u00f3n Bernal, de 32 a\u00f1os, y Erick Ra\u00fal Ramos Varela, de 29 a\u00f1os, as\u00ed como del civil Sixto Hern\u00e1ndez Hern\u00e1ndez, de 45 a\u00f1os, quienes est\u00e1n se\u00f1alados como probables responsables de este il\u00edcito.<\/p>\n<p>Las indagatorias plantean que los hechos que se les imputan a los tres aprehendidos ocurrieron cuando la v\u00edctima conduc\u00eda un veh\u00edculo del transporte p\u00fablico de la Ruta 36, y arrib\u00f3 a una gasolinera ubicada en la carretera Chalco-Cuatzingo, municipio de Chalco.<\/p>\n<p>Al parecer, ah\u00ed fue donde habr\u00eda sido abortado por dos personas, quienes lo sometieron para subirlo a un veh\u00edculo compacto, detalla el comunicado.<\/p>\n<p>Los involucrados al parecer realizaron llamadas telef\u00f3nicas a los familiares de la v\u00edctima, a quienes les solicitaron la entrega de una suma econ\u00f3mica a cambio de liberarla.<\/p>\n<p>Por esos hechos, agentes estatales detuvieron en noviembre pasado a Jos\u00e9 Rafael Soto Rojas y Ezequiel Ap\u00f3stol Mart\u00ednez, quienes seg\u00fan las investigaciones participaron en el secuestro, por lo que fueron vinculados a proceso por la autoridad judicial.<\/p>\n","protected":false},"excerpt":{"rendered":"<p>La Procuradur\u00eda General de Justicia del Estado de M\u00e9xico cumpliment\u00f3 \u00f3rdenes de aprehensi\u00f3n contra tres sujetos, dos de ellos elementos de los Cuerpos de Seguridad Auxiliares mexiquenses, quienes enfrentan cargos por secuestro.<\/p>\n","protected":false},"author":3,"featured_media":200420,"comment_status":"open","ping_status":"open","sticky":false,"template":"","format":"standard","meta":{"_monsterinsights_skip_tracking":false,"_monsterinsights_sitenote_active":false,"_monsterinsights_sitenote_note":"","_monsterinsights_sitenote_category":0,"footnotes":""},"categories":[7],"tags":[541,68,29695,3310,43677],"class_list":["post-200349","post","type-post","status-publish","format-standard","has-post-thumbnail","hentry","category-seguridad","tag-chalco","tag-edomex","tag-procuraduria-general-de-justicia-del-estado-de-mexico","tag-secuestro","tag-seguridad"],"_links":{"self":[{"href":"https:\/\/www.diarioimagen.net\/index.php?rest_route=\/wp\/v2\/posts\/200349","targetHints":{"allow":["GET"]}}],"collection":[{"href":"https:\/\/www.diarioimagen.net\/index.php?rest_route=\/wp\/v2\/posts"}],"about":[{"href":"https:\/\/www.diarioimagen.net\/index.php?rest_route=\/wp\/v2\/types\/post"}],"author":[{"embeddable":true,"href":"https:\/\/www.diarioimagen.net\/index.php?rest_route=\/wp\/v2\/users\/3"}],"replies":[{"embeddable":true,"href":"https:\/\/www.diarioimagen.net\/index.php?rest_route=%2Fwp%2Fv2%2Fcomments&post=200349"}],"version-history":[{"count":0,"href":"https:\/\/www.diarioimagen.net\/index.php?rest_route=\/wp\/v2\/posts\/200349\/revisions"}],"wp:featuredmedia":[{"embeddable":true,"href":"https:\/\/www.diarioimagen.net\/index.php?rest_route=\/wp\/v2\/media\/200420"}],"wp:attachment":[{"href":"https:\/\/www.diarioimagen.net\/index.php?rest_route=%2Fwp%2Fv2%2Fmedia&parent=200349"}],"wp:term":[{"taxonomy":"category","embeddable":true,"href":"https:\/\/www.diarioimagen.net\/index.php?rest_route=%2Fwp%2Fv2%2Fcategories&post=200349"},{"taxonomy":"post_tag","embeddable":true,"href":"https:\/\/www.diarioimagen.net\/index.php?rest_route=%2Fwp%2Fv2%2Ftags&post=200349"}],"curies":[{"name":"wp","href":"https:\/\/api.w.org\/{rel}","templated":true}]}}