{"id":200691,"date":"2014-12-17T00:13:33","date_gmt":"2014-12-17T06:13:33","guid":{"rendered":"http:\/\/www.diarioimagen.net\/?p=200691"},"modified":"2014-12-17T04:22:50","modified_gmt":"2014-12-17T10:22:50","slug":"medio-ambiente-mas-sano","status":"publish","type":"post","link":"https:\/\/www.diarioimagen.net\/?p=200691","title":{"rendered":"Medio ambiente m\u00e1s sano"},"content":{"rendered":"<h2>Arco Norte<\/h2>\n<h5>Jos\u00e9 Luis Monta\u00f1ez Aguilar<\/h5>\n<p>&nbsp;<\/p>\n<div id=\"attachment_200758\" style=\"width: 250px\" class=\"wp-caption alignleft\"><a href=\"http:\/\/www.diarioimagen.net\/?attachment_id=200758\" rel=\"attachment wp-att-200758\"><img loading=\"lazy\" decoding=\"async\" aria-describedby=\"caption-attachment-200758\" class=\"size-medium wp-image-200758\" src=\"http:\/\/www.diarioimagen.net\/wp-content\/uploads\/2014\/12\/arco-2509-240x135.jpg\" alt=\"En la agencia automotriz Buick-GMC-Cadillac, el gobernador Eruviel \u00c1vila Villegas dio a conocer que envi\u00f3 a la Legislatura local una iniciativa de reforma a los c\u00f3digos de Biodiversidad y Penal, para permitir que las agencias automotrices instalen l\u00edneas de verificaci\u00f3n vehicular.\" width=\"240\" height=\"135\" srcset=\"https:\/\/www.diarioimagen.net\/wp-content\/uploads\/2014\/12\/arco-2509-240x135.jpg 240w, https:\/\/www.diarioimagen.net\/wp-content\/uploads\/2014\/12\/arco-2509-420x236.jpg 420w, https:\/\/www.diarioimagen.net\/wp-content\/uploads\/2014\/12\/arco-2509-235x132.jpg 235w, https:\/\/www.diarioimagen.net\/wp-content\/uploads\/2014\/12\/arco-2509-202x114.jpg 202w, https:\/\/www.diarioimagen.net\/wp-content\/uploads\/2014\/12\/arco-2509-350x196.jpg 350w, https:\/\/www.diarioimagen.net\/wp-content\/uploads\/2014\/12\/arco-2509-220x123.jpg 220w, https:\/\/www.diarioimagen.net\/wp-content\/uploads\/2014\/12\/arco-2509-237x132.jpg 237w, https:\/\/www.diarioimagen.net\/wp-content\/uploads\/2014\/12\/arco-2509.jpg 480w\" sizes=\"auto, (max-width: 240px) 100vw, 240px\" \/><\/a><p id=\"caption-attachment-200758\" class=\"wp-caption-text\">En la agencia automotriz Buick-GMC-Cadillac, el gobernador Eruviel \u00c1vila Villegas dio a conocer que envi\u00f3 a la Legislatura local una iniciativa de reforma a los c\u00f3digos de Biodiversidad y Penal, para permitir que las agencias automotrices instalen l\u00edneas de verificaci\u00f3n vehicular.<\/p><\/div>\n<p>Para ofrecer una mejor atenci\u00f3n y dar facilidades a los automovilistas, el gobernador Eruviel \u00c1vila Villegas anunci\u00f3 ayer que envi\u00f3 al Congreso del Estado de M\u00e9xico una iniciativa para reformar los c\u00f3digos de Biodiversidad y Penal para permitir a las concesionarias automotrices instalar l\u00edneas de verificaci\u00f3n vehicular para evitar actos de corrupci\u00f3n y promover una sana competencia con los centros ya establecidos. El gobernador Eruviel \u00c1vila Villegas dio a conocer que envi\u00f3 a la legislatura local una iniciativa de reforma a los c\u00f3digos de Biodiversidad y Penal, para permitir que las agencias automotrices instalen l\u00edneas de verificaci\u00f3n vehicular y ofrecer mayor atenci\u00f3n y facilidad a los automovilistas que realizan este tr\u00e1mite, para evitar actos de corrupci\u00f3n, promover una sana competencia entre los centros de verificaci\u00f3n, para una mejor atenci\u00f3n al p\u00fablico y el fomento al empleo. \u201cEl objetivo es brindar mayor atenci\u00f3n y facilidad a las y los mexiquenses que realizan el procedimiento; tambi\u00e9n para prevenir y evitar actos de corrupci\u00f3n y lo digo claramente, tambi\u00e9n generar una sana competencia entre los centros de verificaci\u00f3n y tambi\u00e9n fomentamos el empleo\u201d, subray\u00f3. En la agencia automotriz Buick-GMC-Cadillac, detall\u00f3 que en la entidad actualmente operan 99 verificentros autorizados con 420 l\u00edneas de verificaci\u00f3n y que, de aprobarse esta iniciativa, 200 agencias automotrices estar\u00edan en posibilidades de contar con una l\u00ednea de verificaci\u00f3n, con lo que se aumentar\u00eda la capacidad instalada en 47 por ciento. Adem\u00e1s, las agencias que soliciten una de estas l\u00edneas, s\u00f3lo podr\u00e1n atender a autom\u00f3viles particulares de la marca que comercialicen.<\/p>\n<p><em><a href=\"mailto:montanezaguilar@gmail.com\" target=\"_blank\">montanezaguilar@gmail.com<\/a><\/em><\/p>\n","protected":false},"excerpt":{"rendered":"<p><span style=\"color: #005497;\"><strong>Jos\u00e9 Luis Monta\u00f1ez Aguilar<\/strong><\/span><br \/>\n<br \/>\nPara ofrecer una mejor atenci\u00f3n y dar facilidades a los automovilistas, el gobernador Eruviel \u00c1vila Villegas anunci\u00f3 ayer que envi\u00f3 al Congreso del Estado de M\u00e9xico una iniciativa para reformar los c\u00f3digos de Biodiversidad y Penal para permitir a las concesionarias automotrices instalar l\u00edneas de verificaci\u00f3n vehicular para evitar actos de corrupci\u00f3n y promover una sana competencia con los centros ya establecidos. <\/p>\n","protected":false},"author":3,"featured_media":200758,"comment_status":"open","ping_status":"open","sticky":false,"template":"","format":"standard","meta":{"_monsterinsights_skip_tracking":false,"_monsterinsights_sitenote_active":false,"_monsterinsights_sitenote_note":"","_monsterinsights_sitenote_category":0,"footnotes":""},"categories":[5],"tags":[13284,43704,43674],"class_list":["post-200691","post","type-post","status-publish","format-standard","has-post-thumbnail","hentry","category-estado-de-mexico","tag-arco-norte","tag-jose-luis-montanez-aguilar","tag-opinion"],"_links":{"self":[{"href":"https:\/\/www.diarioimagen.net\/index.php?rest_route=\/wp\/v2\/posts\/200691","targetHints":{"allow":["GET"]}}],"collection":[{"href":"https:\/\/www.diarioimagen.net\/index.php?rest_route=\/wp\/v2\/posts"}],"about":[{"href":"https:\/\/www.diarioimagen.net\/index.php?rest_route=\/wp\/v2\/types\/post"}],"author":[{"embeddable":true,"href":"https:\/\/www.diarioimagen.net\/index.php?rest_route=\/wp\/v2\/users\/3"}],"replies":[{"embeddable":true,"href":"https:\/\/www.diarioimagen.net\/index.php?rest_route=%2Fwp%2Fv2%2Fcomments&post=200691"}],"version-history":[{"count":0,"href":"https:\/\/www.diarioimagen.net\/index.php?rest_route=\/wp\/v2\/posts\/200691\/revisions"}],"wp:featuredmedia":[{"embeddable":true,"href":"https:\/\/www.diarioimagen.net\/index.php?rest_route=\/wp\/v2\/media\/200758"}],"wp:attachment":[{"href":"https:\/\/www.diarioimagen.net\/index.php?rest_route=%2Fwp%2Fv2%2Fmedia&parent=200691"}],"wp:term":[{"taxonomy":"category","embeddable":true,"href":"https:\/\/www.diarioimagen.net\/index.php?rest_route=%2Fwp%2Fv2%2Fcategories&post=200691"},{"taxonomy":"post_tag","embeddable":true,"href":"https:\/\/www.diarioimagen.net\/index.php?rest_route=%2Fwp%2Fv2%2Ftags&post=200691"}],"curies":[{"name":"wp","href":"https:\/\/api.w.org\/{rel}","templated":true}]}}