{"id":201079,"date":"2014-12-19T00:05:58","date_gmt":"2014-12-19T06:05:58","guid":{"rendered":"http:\/\/www.diarioimagen.net\/?p=201079"},"modified":"2014-12-20T00:37:34","modified_gmt":"2014-12-20T06:37:34","slug":"la-ruta-transformadora-del-pais-esta-firme-pena-nieto","status":"publish","type":"post","link":"https:\/\/www.diarioimagen.net\/?p=201079","title":{"rendered":"La ruta transformadora del pa\u00eds est\u00e1 firme: Pe\u00f1a Nieto"},"content":{"rendered":"<ul>\n<li><strong><em>Por vez primera desde hace 15 a\u00f1os, las organizaciones gremiales de todas las ideolog\u00edas se re\u00fanen con el Presidente<\/em><\/strong><\/li>\n<\/ul>\n<div id=\"attachment_201153\" style=\"width: 250px\" class=\"wp-caption alignleft\"><a href=\"http:\/\/www.diarioimagen.net\/?attachment_id=201153\" rel=\"attachment wp-att-201153\"><img loading=\"lazy\" decoding=\"async\" aria-describedby=\"caption-attachment-201153\" class=\"size-medium wp-image-201153\" src=\"http:\/\/www.diarioimagen.net\/wp-content\/uploads\/2014\/12\/epn-2511-240x135.jpg\" alt=\"El presidente Enrique Pe\u00f1a Nieto se reuni\u00f3 en la residencia oficial de Los Pinos con dirigentes de sindicatos y centrales obreras de diferentes ideolog\u00edas, donde refrend\u00f3 su compromiso de mantener una ruta transformadora.\" width=\"240\" height=\"135\" srcset=\"https:\/\/www.diarioimagen.net\/wp-content\/uploads\/2014\/12\/epn-2511-240x135.jpg 240w, https:\/\/www.diarioimagen.net\/wp-content\/uploads\/2014\/12\/epn-2511-420x236.jpg 420w, https:\/\/www.diarioimagen.net\/wp-content\/uploads\/2014\/12\/epn-2511-235x132.jpg 235w, https:\/\/www.diarioimagen.net\/wp-content\/uploads\/2014\/12\/epn-2511-202x114.jpg 202w, https:\/\/www.diarioimagen.net\/wp-content\/uploads\/2014\/12\/epn-2511-350x196.jpg 350w, https:\/\/www.diarioimagen.net\/wp-content\/uploads\/2014\/12\/epn-2511-220x123.jpg 220w, https:\/\/www.diarioimagen.net\/wp-content\/uploads\/2014\/12\/epn-2511-237x132.jpg 237w, https:\/\/www.diarioimagen.net\/wp-content\/uploads\/2014\/12\/epn-2511.jpg 480w\" sizes=\"auto, (max-width: 240px) 100vw, 240px\" \/><\/a><p id=\"caption-attachment-201153\" class=\"wp-caption-text\">El presidente Enrique Pe\u00f1a Nieto se reuni\u00f3 en la residencia oficial de Los Pinos con dirigentes de sindicatos y centrales obreras de diferentes ideolog\u00edas, donde refrend\u00f3 su compromiso de mantener una ruta transformadora.<\/p><\/div>\n<p>El presidente Enrique Pe\u00f1a Nieto se\u00f1al\u00f3 ayer que el gobierno de la Rep\u00fablica mantiene firme su compromiso de mantener una ruta transformadora en el pa\u00eds, con el objetivo de incrementar la productividad y lograr mayor desarrollo econ\u00f3mico y bienes\u00adtar para los mexicanos.<\/p>\n<p>En un evento en el que reuni\u00f3 por primera vez desde hace 15 a\u00f1os al movimiento obrero, oficial e independiente, y al Presidente de la Rep\u00fablica, Pe\u00f1a Nieto record\u00f3 que desde el inicio de su administraci\u00f3n estableci\u00f3 el compromiso de trabajar para mover y transformar a M\u00e9xico, y para ello se traz\u00f3 una ruta que habr\u00e1 de mantenerse con decisi\u00f3n y firmeza.<\/p>\n<p>Destac\u00f3 que desde su campa\u00f1a presidencial diversos sectores le expusieron la necesidad inaplazable de que el pa\u00eds potenciara su crecimiento econ\u00f3mico, y por eso, durante los primeros dos a\u00f1os de su gobierno se impulsaron reformas estructurales que permitieron construir un nuevo andamiaje legal.<\/p>\n<p>A\u00f1adi\u00f3 que el proceso transformador hoy se encuentra en la etapa de la instrumentaci\u00f3n, y en poco tiempo los mexicanos empezar\u00e1n a sentir sus beneficios.<\/p>\n<p>El primer mandatario dijo a los l\u00edderes obreros que 2014 fue un a\u00f1o de claroscuros, en el que se concretaron distintas reformas impulsadas por el gobierno de la Rep\u00fablica.<\/p>\n<p>Refiri\u00f3, adem\u00e1s, algunas medidas de beneficio econ\u00f3mico y social que se han implementado en el pa\u00eds.<\/p>\n<p>Entre ellas, mencion\u00f3 los incentivos para democratizar la productividad, las acciones de pol\u00edtica social que permiten incorporar a los beneficiarios a esquemas productivos, as\u00ed como los esfuerzos que se llevan a cabo para depender cada vez menos del petr\u00f3leo como principal fuente de ingresos.<\/p>\n<p>Sobre esto \u00faltimo, precis\u00f3 que en 2015 est\u00e1n asegurados los ingresos petroleros, gracias a la cobertura contratada con ese fin.<\/p>\n<p>Pe\u00f1a Nieto indic\u00f3 a los dirigentes de sindicatos y centrales obreras que la reforma fiscal aprobada, busca ser equitativa, no afectar a quienes menos ganan, y lograr una mayor contribuci\u00f3n de quienes tienen mayores ingresos.<\/p>\n<p>En el encuentro, desarrollado en el sal\u00f3n Venustiano Carranza de la residencia oficial de Los Pinos, el primer mandatario reconoci\u00f3 y agradeci\u00f3 a los l\u00edderes obreros del pa\u00eds por su disposici\u00f3n y apoyo a las acciones emprendidas por el gobierno de la Rep\u00fablica, y enfatiz\u00f3 que 2015 ser\u00e1 el a\u00f1o de consolidar lo alcanzado para que los beneficios se comiencen a sentir en todas las familias mexicanas.<\/p>\n<p style=\"text-align: center;\"><strong>Se fomenta el di\u00e1logo directo y constructivo: Navarrete Prida<\/strong><\/p>\n<p>Por su parte, el secretario del Trabajo y Previsi\u00f3n Social (STPS), Alfonso Navarrete Prida, subray\u00f3 que desde el inicio de la administraci\u00f3n, el presidente Enrique Pe\u00f1a Nieto deline\u00f3 con claridad el M\u00e9xico al que se encaminar\u00edan los esfuerzos: un M\u00e9xico en paz, incluyente, con educaci\u00f3n de calidad, pr\u00f3spero y con responsabilidad global; un M\u00e9xico capaz de detonar su potencial y ofrecer a todos la posibilidad de construir nuestras propias historias de \u00e9xito que sumadas, representan el M\u00e9xico que queremos.<\/p>\n<p>Reconoci\u00f3 el apoyo y la contribuci\u00f3n del sector laboral a la concreci\u00f3n de las reformas estructurales, por lo que asegur\u00f3 que m\u00e1s que un aliado estrat\u00e9gico de las mismas, es un actor comprometido, responsable, que ha estado a la altura de las circunstancias que el pa\u00eds le ha exigido.<\/p>\n<p>\u201cAl margen de posiciones ideol\u00f3gicas que existen, y qu\u00e9 bueno que existan; al margen de divergencias pol\u00edticas que se dan, con lo que la discusi\u00f3n y el debate se enriquece; al margen de intereses en conflicto, a veces opuestos, pero nunca irreductibles, lo que ha prevalecido en el sector laboral es el inter\u00e9s superior del pa\u00eds\u201d, afirm\u00f3 el secretario Alfonso Navarrete Prida.<\/p>\n<p>Adem\u00e1s, indic\u00f3 que en este encuentro se refrend\u00f3 el principio fundamental definido desde el inicio de la administraci\u00f3n: establecer un di\u00e1logo directo, constructivo y permanente con todas las organizaciones sindicales del pa\u00eds.<\/p>\n<p>En la clase trabajadora de nuestro pa\u00eds, en el movimiento obrero organizado, el Presidente y el gobierno de la Rep\u00fablica han encontrado al mejor aliado, el mayor respaldo y apoyo para lograr la transformaci\u00f3n que M\u00e9xico requiere, jugando un papel fundamental para lograr que en 14 meses consecutivos no se registre una sola huelga de jurisdicci\u00f3n Federal, apunt\u00f3.<\/p>\n<p>El encargado de la pol\u00edtica laboral del pa\u00eds subray\u00f3 el valor de contar con un clima de paz laboral, condici\u00f3n importante para que de enero a noviembre de este a\u00f1o se hayan registrado ante el Instituto Mexicano del Seguro Social 950 mil 16 puestos de trabajo, y que s\u00f3lo en el mes de noviembre se crearon 122 mil 850 empleos.<\/p>\n<p>\u201cPara avanzar en los objetivos que se ha planteado el Gobierno de la Rep\u00fablica en materia de recuperaci\u00f3n del poder adquisitivo de los salarios, la creaci\u00f3n de empleos dignos, el combate a la informalidad, la erradicaci\u00f3n del trabajo infantil y la modernizaci\u00f3n de la justicia laboral, hemos contado con el cabal compromiso y la participaci\u00f3n decidida de las organizaciones obreras y los movimientos sindicales\u201d, sostuvo el Secretario Alfonso Navarrete Prida.<\/p>\n<p>En el evento, de viva voz, los representantes de las organizaciones obreras y sindicales expusieron diversas consideraciones y coincidieron en el respaldo al Presidente de la Rep\u00fablica en estos momentos y en relaci\u00f3n a su pol\u00edtica transformadora del pa\u00eds.<\/p>\n","protected":false},"excerpt":{"rendered":"<p>El presidente Enrique Pe\u00f1a Nieto se\u00f1al\u00f3 ayer que el gobierno de la Rep\u00fablica mantiene firme su compromiso de mantener una ruta transformadora en el pa\u00eds, con el objetivo de incrementar la productividad y lograr mayor desarrollo econ\u00f3mico y bienes\u00adtar para los mexicanos.<\/p>\n","protected":false},"author":3,"featured_media":201153,"comment_status":"open","ping_status":"open","sticky":false,"template":"","format":"standard","meta":{"_monsterinsights_skip_tracking":false,"_monsterinsights_sitenote_active":false,"_monsterinsights_sitenote_note":"","_monsterinsights_sitenote_category":0,"footnotes":""},"categories":[3],"tags":[38068,18,43673,26582],"class_list":["post-201079","post","type-post","status-publish","format-standard","has-post-thumbnail","hentry","category-nacional","tag-bienestar","tag-enrique-pena-nieto","tag-nacional","tag-transformacion"],"_links":{"self":[{"href":"https:\/\/www.diarioimagen.net\/index.php?rest_route=\/wp\/v2\/posts\/201079","targetHints":{"allow":["GET"]}}],"collection":[{"href":"https:\/\/www.diarioimagen.net\/index.php?rest_route=\/wp\/v2\/posts"}],"about":[{"href":"https:\/\/www.diarioimagen.net\/index.php?rest_route=\/wp\/v2\/types\/post"}],"author":[{"embeddable":true,"href":"https:\/\/www.diarioimagen.net\/index.php?rest_route=\/wp\/v2\/users\/3"}],"replies":[{"embeddable":true,"href":"https:\/\/www.diarioimagen.net\/index.php?rest_route=%2Fwp%2Fv2%2Fcomments&post=201079"}],"version-history":[{"count":0,"href":"https:\/\/www.diarioimagen.net\/index.php?rest_route=\/wp\/v2\/posts\/201079\/revisions"}],"wp:featuredmedia":[{"embeddable":true,"href":"https:\/\/www.diarioimagen.net\/index.php?rest_route=\/wp\/v2\/media\/201153"}],"wp:attachment":[{"href":"https:\/\/www.diarioimagen.net\/index.php?rest_route=%2Fwp%2Fv2%2Fmedia&parent=201079"}],"wp:term":[{"taxonomy":"category","embeddable":true,"href":"https:\/\/www.diarioimagen.net\/index.php?rest_route=%2Fwp%2Fv2%2Fcategories&post=201079"},{"taxonomy":"post_tag","embeddable":true,"href":"https:\/\/www.diarioimagen.net\/index.php?rest_route=%2Fwp%2Fv2%2Ftags&post=201079"}],"curies":[{"name":"wp","href":"https:\/\/api.w.org\/{rel}","templated":true}]}}