{"id":201259,"date":"2014-12-22T00:02:18","date_gmt":"2014-12-22T06:02:18","guid":{"rendered":"http:\/\/www.diarioimagen.net\/?p=201259"},"modified":"2014-12-23T02:23:42","modified_gmt":"2014-12-23T08:23:42","slug":"jesus-valencia-guzman","status":"publish","type":"post","link":"https:\/\/www.diarioimagen.net\/?p=201259","title":{"rendered":"Jes\u00fas Valencia Guzm\u00e1n"},"content":{"rendered":"<h2>Desde el portal<\/h2>\n<h5>\u00c1ngel Soriano<\/h5>\n<p>&nbsp;<\/p>\n<p>El todav\u00eda delegado en Iztapalapa, <strong>Jes\u00fas Valencia Guzm\u00e1n<\/strong>, es el prototipo del perredista moderno: mentiroso, corrupto, dado a los lujos y al enriquecimiento f\u00e1cil por la v\u00eda del uso de los recursos p\u00fablicos con fines privados, y de las utilidades con el presupuesto para favorecer a quienes le convienen.<\/p>\n<p>Es ejemplo tambi\u00e9n de que la corrupci\u00f3n no terminar\u00e1 mientras existan empresarios con capacidad para regalar a los funcionarios, otorgar en comodato o en pr\u00e9stamo bienes muebles o inmuebles, dinero en efectivo o en dep\u00f3sitos interbancarios, en tanto que quienes no puedan hacerlo o no gocen de la confianza de los hombres con capacidad de otorgar contratos, quedar\u00e1n al margen.<\/p>\n<p>Tanto del PRI, PAN o PRD, se ha demostrado, los funcionarios son igual; los mismos prop\u00f3sitos, las mismas f\u00f3rmulas de obtener provecho, las mismas argumentaciones fantasiosas para encubrir sus il\u00edcitos, la misma capacidad de cinismo y desverg\u00fcenza para encubrir conductas inmorales ante una sociedad para vez m\u00e1s indignada contra quienes ejercen el poder.<\/p>\n<p>El funcionario de moda, <strong>Jes\u00fas Valencia<\/strong>, es el nuevo actor en el escenario de la corrupci\u00f3n nacional, alumno destacado del aspirante presidencial <strong>Marcelo<\/strong> <strong>Ebrard<\/strong> y del saqueo sin fin de la L\u00ednea 12 del Metro exhibi\u00f3 sus cualidades para ser \u00edcono del corrupto sistema pol\u00edtico de nuestro pa\u00eds, al demostrar p\u00fablicamente sus aptitudes de mentiroso destacado.<\/p>\n<p>Sin duda, esos m\u00e9ritos le permitir\u00e1n permanecer -o mejorar- en la vida p\u00fablica porque ese es el tipo de funcionarios que merecemos\u2026<\/p>\n<p style=\"text-align: center;\"><strong>TURBULENCIAS<br \/>\nVolver al ciudadano, Aureoles<\/strong><\/p>\n<p>\u201cUrge retomar nuestro punto de partida: El ciudadano. Volver a hacerlo el fin de todos los prop\u00f3sitos y las preocupaciones y no el medio para satisfacer fines pol\u00edticos o electores del ejercicio del poder: que el ciudadano sea el centro de nuestra preocupaci\u00f3n y posteriormente replantear los mecanismos de entendimiento entre la sociedad\u201d, sostuvo el presidente de la mesa directiva de la C\u00e1mara de Diputados, <strong>Silvano Aureoles<\/strong>, al convocar a un amplio consenso para hacer las reformas necesarias y afrontar las desgracias que enfrenta el pa\u00eds\u2026El presidente del CEN del PRI, <strong>C\u00e9sar Camacho<\/strong>, dijo que para los comicios del 2015 definir\u00e1n a sus candidatos a la C\u00e1mara de Diputados por dos m\u00e9todos: 127 por el principio de convenci\u00f3n de delegados y 117 mediante postulaci\u00f3n de candidatos para garantizar la paridad de g\u00e9nero en la postulaci\u00f3n de candidatas y candidatos en el mismo n\u00famero y en condiciones competitivas. De los 300 distritos electorales, 56 corresponden al PVEM y 244 al tricolor ya que ir\u00e1n en alianza\u2026En tanto el presidente Enrique Pe\u00f1a Nieto env\u00eda su propuesta para la Administraci\u00f3n General de Aduanas, en sustituci\u00f3n de <strong>Alejandro Chac\u00f3n<\/strong>, el oaxaque\u00f1o <strong>Sergio Vera<\/strong>, actual administrador central de equipamiento, se desempe\u00f1a como encargo; no es remoto que sea ratificado como administrador general, pues cuenta con la confianza del titular del SAT, <strong>Arist\u00f3teles N\u00fa\u00f1ez<\/strong>\u2026El Z\u00f3calo de la ciudad de Oaxaca fue desalojado de ambulantes para dar inicio a la edici\u00f3n 117 de la Noche de R\u00e1banos, esper\u00e1ndose una afluencia de cuando menos 100 mil visitantes en la Verde Antequera; se espera que la desocupaci\u00f3n de la plaza contin\u00fae cuando menos hasta el fin del puente Guadalupe-Reyes para disfrute del turismo nacional y extranjero\u2026Ser\u00e1 en febrero cuando se apruebe el Sistema Nacional Anticorrupci\u00f3n, adelant\u00f3 el diputado <strong>Manlio Fabio Beltrones<\/strong>\u2026<\/p>\n<p><em><a href=\"http:\/\/www.revista-brecha.com\/\" target=\"_blank\">www.revista-brecha.com<br \/>\n<\/a><a href=\"mailto:vidanacional@yahoo.com.mx\" target=\"_blank\">vidanacional@yahoo.com.mx<\/a><\/em><\/p>\n","protected":false},"excerpt":{"rendered":"<p><span style=\"color: #005497;\"><strong>\u00c1ngel Soriano<\/strong><\/span><\/p>\n","protected":false},"author":3,"featured_media":0,"comment_status":"open","ping_status":"open","sticky":false,"template":"","format":"standard","meta":{"_monsterinsights_skip_tracking":false,"_monsterinsights_sitenote_active":false,"_monsterinsights_sitenote_note":"","_monsterinsights_sitenote_category":0,"footnotes":""},"categories":[135],"tags":[85,86,43674],"class_list":["post-201259","post","type-post","status-publish","format-standard","hentry","category-angel-soriano-opinion","tag-angel-soriano","tag-desde-el-portal","tag-opinion"],"_links":{"self":[{"href":"https:\/\/www.diarioimagen.net\/index.php?rest_route=\/wp\/v2\/posts\/201259","targetHints":{"allow":["GET"]}}],"collection":[{"href":"https:\/\/www.diarioimagen.net\/index.php?rest_route=\/wp\/v2\/posts"}],"about":[{"href":"https:\/\/www.diarioimagen.net\/index.php?rest_route=\/wp\/v2\/types\/post"}],"author":[{"embeddable":true,"href":"https:\/\/www.diarioimagen.net\/index.php?rest_route=\/wp\/v2\/users\/3"}],"replies":[{"embeddable":true,"href":"https:\/\/www.diarioimagen.net\/index.php?rest_route=%2Fwp%2Fv2%2Fcomments&post=201259"}],"version-history":[{"count":0,"href":"https:\/\/www.diarioimagen.net\/index.php?rest_route=\/wp\/v2\/posts\/201259\/revisions"}],"wp:attachment":[{"href":"https:\/\/www.diarioimagen.net\/index.php?rest_route=%2Fwp%2Fv2%2Fmedia&parent=201259"}],"wp:term":[{"taxonomy":"category","embeddable":true,"href":"https:\/\/www.diarioimagen.net\/index.php?rest_route=%2Fwp%2Fv2%2Fcategories&post=201259"},{"taxonomy":"post_tag","embeddable":true,"href":"https:\/\/www.diarioimagen.net\/index.php?rest_route=%2Fwp%2Fv2%2Ftags&post=201259"}],"curies":[{"name":"wp","href":"https:\/\/api.w.org\/{rel}","templated":true}]}}