{"id":201346,"date":"2014-12-23T00:08:33","date_gmt":"2014-12-23T06:08:33","guid":{"rendered":"http:\/\/www.diarioimagen.net\/?p=201346"},"modified":"2014-12-24T05:31:31","modified_gmt":"2014-12-24T11:31:31","slug":"inaugura-eruviel-avila-segundo-tramo-del-viaducto-bicentenario","status":"publish","type":"post","link":"https:\/\/www.diarioimagen.net\/?p=201346","title":{"rendered":"Inaugura Eruviel \u00c1vila segundo tramo del Viaducto Bicentenario"},"content":{"rendered":"<ul>\n<li><strong><em>Este segundo cuerpo de la obra, que inici\u00f3 en la pasada administraci\u00f3n, tuvo una inversi\u00f3n cercana a 2 mil millones de pesos<\/em><\/strong><\/li>\n<\/ul>\n<div id=\"attachment_201398\" style=\"width: 250px\" class=\"wp-caption alignleft\"><a href=\"http:\/\/www.diarioimagen.net\/?attachment_id=201398\" rel=\"attachment wp-att-201398\"><img loading=\"lazy\" decoding=\"async\" aria-describedby=\"caption-attachment-201398\" class=\"size-medium wp-image-201398\" src=\"http:\/\/www.diarioimagen.net\/wp-content\/uploads\/2014\/12\/eruviel-2513-240x155.jpg\" alt=\"El gobernador Eruviel \u00c1vila destac\u00f3 que esta obra es parte de un gran plan de infraestructura nacional y estatal y de una red de autopistas urbanas.\" width=\"240\" height=\"155\" srcset=\"https:\/\/www.diarioimagen.net\/wp-content\/uploads\/2014\/12\/eruviel-2513-240x155.jpg 240w, https:\/\/www.diarioimagen.net\/wp-content\/uploads\/2014\/12\/eruviel-2513-420x272.jpg 420w, https:\/\/www.diarioimagen.net\/wp-content\/uploads\/2014\/12\/eruviel-2513.jpg 1200w\" sizes=\"auto, (max-width: 240px) 100vw, 240px\" \/><\/a><p id=\"caption-attachment-201398\" class=\"wp-caption-text\">El gobernador Eruviel \u00c1vila destac\u00f3 que esta obra es parte de un gran plan de infraestructura nacional y estatal y de una red de autopistas urbanas.<\/p><\/div>\n<p>El gobernador Eruviel \u00c1vila Villegas puso en operaci\u00f3n el tramo Primero de Mayo-Lomas Verdes del segundo cuerpo del Viaducto Elevado Bicentenario, con el cual se fortalece la movilidad en la regi\u00f3n y disminuyen los conflictos de tr\u00e1nsito en las vialidades aleda\u00f1as, adem\u00e1s permitir\u00e1 un ahorro de 20 minutos en los traslados, en beneficio de los 75 mil veh\u00edculos que circulan por esta v\u00eda.<\/p>\n<p>\u201cMe da mucho gusto que hoy estemos entregando formalmente\u00a0 esta obra\u00a0 que ya hac\u00eda falta, pero especialmente en esta temporada decembrina, que es cuando se acumula a\u00fan m\u00e1s el tr\u00e1fico vehicular, as\u00ed es que va a ser una muy buena opci\u00f3n para circular para nuestros vecinos de esta regi\u00f3n.<\/p>\n<p>\u201cComo se puede apreciar, le estamos apostando seriamente a la infraestructura, cuando asum\u00ed esta responsabilidad le inform\u00e9 a\u00a0la ciudadan\u00eda que este gobierno, que este gobierno local, ser\u00eda un gobierno de transformaci\u00f3n, de innovaci\u00f3n, pero tambi\u00e9n de continuidad y con esta obra estamos demostrando que lo que sembr\u00f3 el entonces gobernador Enrique Pe\u00f1a Nieto, hoy nuestro Presidente, est\u00e1 dando frutos\u201d, expres\u00f3.<\/p>\n<p>Este tramo de la obra que inici\u00f3 en la gesti\u00f3n del entonces gobernador mexiquense, Enrique Pe\u00f1a Nieto, tuvo una inversi\u00f3n cercana a 2 mil millones de pesos, cuenta con cuatro carriles y una longitud de aproximadamente 4 kil\u00f3metros y con su funcionamiento la circulaci\u00f3n en ambos sentidos, desde Sat\u00e9lite hasta la altura del ex Toreo estar\u00e1 abierta durante las 24 horas del d\u00eda, eliminando as\u00ed el sentido reversible que tiene en algunos trayectos el Viaducto Elevado, de acuerdo a las horas de mayor demanda, para dar un mejor servicio a los usuarios.<\/p>\n<p>Eruviel \u00c1vila se\u00f1al\u00f3 que esta obra es de gran magnitud para la zona metropolitana del Valle de M\u00e9xico; contribuye a disminuir el impacto al medio ambiente, ya que al reducir el tiempo de circulaci\u00f3n de veh\u00edculos, baja el consumo de combustible generando menor contaminaci\u00f3n; utiliza celdas solares para su iluminaci\u00f3n; impacta en la calidad de vida de las personas, al reducir el tiempo de trayecto en esta zona.<\/p>\n<p>Acompa\u00f1ado por Andr\u00e9s de Oteyza Fern\u00e1ndez, presidente del Consejo de Administraci\u00f3n del Grupo OHL M\u00e9xico, el gobernador destac\u00f3 que esta obra es parte de un gran plan de infraestructura nacional y estatal y de una red de infraestructura de autopistas urbanas, que entre otras, en esta zona se complementa con la Naucalpan-Ecatepec, que comunica al aeropuerto internacional de la ciudad de M\u00e9xico y conectar\u00e1 con la nueva terminal a\u00e9rea que se construir\u00e1 en el oriente del Estado de M\u00e9xico.<\/p>\n<p>Asimismo, inform\u00f3 que hasta el pr\u00f3ximo 16 de enero este tramo podr\u00e1 recorrerse sin costo, aunque los automovilistas que lo utilicen deben contar con su TAG activada.<\/p>\n<p>Apolinar Mena Vargas, secretario de Comunicaciones, detall\u00f3 que la puesta en marcha del ramal Primero de Mayo-Lomas Verdes se suma al primer tramo de esta segunda etapa inaugurado en febrero del presente a\u00f1o, que va de Toreo a Primero de Mayo. Agreg\u00f3 que se trabaja en cuatro enlaces del Viaducto Elevado Bicentenario, ubicados en Sat\u00e9lite, Mario Col\u00edn, Gustavo Baz y Lago de Guadalupe.<\/p>\n<p>Posteriormente, el gobernador realiz\u00f3 el recorrido inaugural de esta v\u00eda, la cual de manera inmediata qued\u00f3 abierta a la circulaci\u00f3n.<\/p>\n","protected":false},"excerpt":{"rendered":"<p>El gobernador Eruviel \u00c1vila Villegas puso en operaci\u00f3n el tramo Primero de Mayo-Lomas Verdes del segundo cuerpo del Viaducto Elevado Bicentenario, con el cual se fortalece la movilidad en la regi\u00f3n y disminuyen los conflictos de tr\u00e1nsito en las vialidades aleda\u00f1as, adem\u00e1s permitir\u00e1 un ahorro de 20 minutos en los traslados, en beneficio de los 75 mil veh\u00edculos que circulan por esta v\u00eda.<\/p>\n","protected":false},"author":3,"featured_media":201398,"comment_status":"open","ping_status":"open","sticky":false,"template":"","format":"standard","meta":{"_monsterinsights_skip_tracking":false,"_monsterinsights_sitenote_active":false,"_monsterinsights_sitenote_note":"","_monsterinsights_sitenote_category":0,"footnotes":""},"categories":[17,5],"tags":[5828,43675,165],"class_list":["post-201346","post","type-post","status-publish","format-standard","has-post-thumbnail","hentry","category-especiales","category-estado-de-mexico","tag-eruviel-avila-villegas","tag-estado-de-mexico","tag-viaducto-elevado-bicentenario"],"_links":{"self":[{"href":"https:\/\/www.diarioimagen.net\/index.php?rest_route=\/wp\/v2\/posts\/201346","targetHints":{"allow":["GET"]}}],"collection":[{"href":"https:\/\/www.diarioimagen.net\/index.php?rest_route=\/wp\/v2\/posts"}],"about":[{"href":"https:\/\/www.diarioimagen.net\/index.php?rest_route=\/wp\/v2\/types\/post"}],"author":[{"embeddable":true,"href":"https:\/\/www.diarioimagen.net\/index.php?rest_route=\/wp\/v2\/users\/3"}],"replies":[{"embeddable":true,"href":"https:\/\/www.diarioimagen.net\/index.php?rest_route=%2Fwp%2Fv2%2Fcomments&post=201346"}],"version-history":[{"count":0,"href":"https:\/\/www.diarioimagen.net\/index.php?rest_route=\/wp\/v2\/posts\/201346\/revisions"}],"wp:featuredmedia":[{"embeddable":true,"href":"https:\/\/www.diarioimagen.net\/index.php?rest_route=\/wp\/v2\/media\/201398"}],"wp:attachment":[{"href":"https:\/\/www.diarioimagen.net\/index.php?rest_route=%2Fwp%2Fv2%2Fmedia&parent=201346"}],"wp:term":[{"taxonomy":"category","embeddable":true,"href":"https:\/\/www.diarioimagen.net\/index.php?rest_route=%2Fwp%2Fv2%2Fcategories&post=201346"},{"taxonomy":"post_tag","embeddable":true,"href":"https:\/\/www.diarioimagen.net\/index.php?rest_route=%2Fwp%2Fv2%2Ftags&post=201346"}],"curies":[{"name":"wp","href":"https:\/\/api.w.org\/{rel}","templated":true}]}}