{"id":201376,"date":"2014-12-23T00:06:31","date_gmt":"2014-12-23T06:06:31","guid":{"rendered":"http:\/\/www.diarioimagen.net\/?p=201376"},"modified":"2015-01-06T03:31:28","modified_gmt":"2015-01-06T09:31:28","slug":"la-necedad-de-luisa-maria-calderon-hinojosa","status":"publish","type":"post","link":"https:\/\/www.diarioimagen.net\/?p=201376","title":{"rendered":"La necedad de Luisa Mar\u00eda Calder\u00f3n Hinojosa"},"content":{"rendered":"<h2>Punto por punto<\/h2>\n<h5>Augusto Corro<\/h5>\n<p>&nbsp;<\/p>\n<p>Luisa Mar\u00eda Calder\u00f3n Hinojosa se registr\u00f3 como precandidata \u00fanica a la gubernatura de Michoac\u00e1n, por el Partido Acci\u00f3n Nacional (PAN).<\/p>\n<p>Es la segunda vez que la hermana del ex presidente Felipe Calder\u00f3n participa en las elecciones estatales.<\/p>\n<p>La primera vez compiti\u00f3 con el tristemente c\u00e9lebre Fausto Vallejo y perdi\u00f3.<\/p>\n<p>En los \u00faltimos gobiernos del PRD y del PRI en aquella entidad, la seguridad se alej\u00f3 de Michoac\u00e1n.<\/p>\n<p>La delincuencia organizada se encarg\u00f3 de sembrar el terror. La espiral de violencia parece incontrolable.<\/p>\n<p>Los integrantes de \u201cLa Familia Michoacana\u201d y otras bandas de criminales se encargaron de alterar el orden social. Dicho c\u00e1rtel desapareci\u00f3, supuestamente, y lo sustituy\u00f3 la organizaci\u00f3n criminal denominada \u201cLos Caballeros Templarios\u201d.<\/p>\n<p>Los \u201ctemplarios\u201d, con Servando G\u00f3mez Mart\u00ednez \u201cLaTuta\u201d, a la cabeza, se encargaron de sumir a Michoac\u00e1n en una ola de cr\u00edmenes, incluidos los secuestros, las extorsiones, etc.<\/p>\n<p>Ante el sinn\u00famero de agresiones y los nulos resultados de la fuerza p\u00fablica contra la delincuencia, los michoacanos decidieron organizarse en grupos de autodefensas.<\/p>\n<p>Estos \u00faltimos tampoco pudieron conseguir la paz. El martes de la semana pasada, en La Ruana, se enfrentaron a balazos entre ellos con saldo de 11 muertos.<\/p>\n<p style=\"text-align: center;\"><strong>LA NARCOPOL\u00cdTICA<\/strong><\/p>\n<p>Los criminales lograron asociarse con los pol\u00edticos y los esc\u00e1ndalos se convirtieron en el pan de cada d\u00eda.<\/p>\n<p>El gobernador interino, Jes\u00fas Garc\u00eda, quien sustituy\u00f3 a Fausto Vallejo, por enfermedad de \u00e9ste, se encuentra en la c\u00e1rcel, por sus v\u00ednculos con \u201cLa Tuta\u201d.<\/p>\n<p>Rodrigo Vallejo, hijo del ex gobernador Fausto, corri\u00f3 la misma suerte. Sus relaciones con el capo lo tienen en prisi\u00f3n. En el estado varios presidentes municipales tambi\u00e9n fueron encarcelados por sus relaciones con criminales.<\/p>\n<p>La crisis de gobernabilidad se agudiz\u00f3 y el gobierno federal envi\u00f3 a a un comisionado que no rindi\u00f3 los frutos esperados.<\/p>\n<p>Este es el panorama que encontrar\u00e1 Luisa Mar\u00eda Calder\u00f3n el pr\u00f3ximo mes de enero cuando inicie su precampa\u00f1a.<\/p>\n<p>En Michoac\u00e1n, los partidos pol\u00edticos se encuentran en los peores momentos, afectados por el descr\u00e9dito y la ineptitud.<\/p>\n<p>El entonces presidente Calder\u00f3n Hinojosa inici\u00f3 una guerra contra la delincuencia organizada en Michoac\u00e1n que logr\u00f3 \u00fanicamente aumentar el n\u00famero de muertos. Se trat\u00f3 de una lucha fallida que sigue presente.<\/p>\n<p>Cuando Felipe gobernaba M\u00e9xico, su hermana Luisa Mar\u00eda Calder\u00f3n fracas\u00f3 en su primer intento de llegar a la gubernatura. Es decir que con todo el apoyo presidencial, sobrada de presupuesto, no logr\u00f3 atraer la simpat\u00eda del electorado. \u00bfEsta vez s\u00ed lo lograr\u00e1?<\/p>\n<p style=\"text-align: center;\"><strong>UNA RAYA M\u00c1S AL TIGRE<\/strong><\/p>\n<p>En verdaderos apuros se encuentra el delegado en Iztapalapa, Jes\u00fas Valencia, debido a una cadena de mentiras.<\/p>\n<p>El delegado choc\u00f3 una camioneta de 877 mil pesos. Para justificar el accidente argument\u00f3 que manejaba cansado, despu\u00e9s dijo que padec\u00eda gripe y luego que ven\u00eda distra\u00eddo con el celular.<\/p>\n<p>Fue al hospital y nadie se molest\u00f3 en informarse si conduc\u00eda ebrio. El hecho es que nadie lo llam\u00f3 a rendir cuentas.<\/p>\n<p>Posteriormente, se supo que la camioneta que conduc\u00eda es propiedad de la empresa Amexire, constructora beneficiada con millonarios contratos concedidos por la administraci\u00f3n de Iztapalapa, que gobierna Valencia.<\/p>\n<p>Mientras son peras o son manzanas, se inform\u00f3 que la Contralor\u00eda del gGobierno del DF inici\u00f3 una investigaci\u00f3n de oficio contra el delegado Valencia, por el veh\u00edculo que le pertenece a la citada empresa.<\/p>\n<p>Ante esa situaci\u00f3n, el funcionario manifest\u00f3 que si la Contralor\u00eda determinara \u201cque yo di esos contratos porque me prestaron una noche un veh\u00edculo, yo ser\u00e9 sancionado y har\u00e9 lo que he dicho en el comunicado (renunciar)\u201d.<\/p>\n<p style=\"text-align: center;\"><strong>HECHURA DE EBRARD<\/strong><\/p>\n<p>La historia pol\u00edtica de Valencia es truculenta. Se hizo bajo la sombra de Marcelo Ebrard. Como se sabe, este ex funcionario apoy\u00f3 abiertamente la candidatura de \u00c1ngel Aguirre Rivero en Guerrero.<\/p>\n<p>El mensajero de Ebrard era Valencia, quien adem\u00e1s, se encarg\u00f3 de organizar las brigadas de promoci\u00f3n del voto, adem\u00e1s, se plane\u00f3 la estrategia en Acapulco.<\/p>\n<p>Aguirre Rivero solicit\u00f3 licencia para ausentarse del cargo, presionado por la tragedia de Iguala, en la que desaparecieron 43 normalistas de Ayotzinapa.<\/p>\n<p>Durante su administraci\u00f3n en el gobierno de Iztapalapa, el delegado enfrent\u00f3 el esc\u00e1ndalo de los perros del Cerro de la Estrella que mataron a 4 personas.<\/p>\n<p>Tambi\u00e9n fue criticado por el gasto de 9.9 millones de pesos para un desfile del D\u00eda del Ni\u00f1o, y 21 millones de pesos para la compra de juguetes que regal\u00f3 en D\u00eda de Reyes y D\u00eda del Ni\u00f1o.<\/p>\n<p><em><a href=\"mailto:aco2742@hotmail.com\" target=\"_blank\">aco2742@hotmail.com<\/a><\/em><\/p>\n","protected":false},"excerpt":{"rendered":"<p><span style=\"color: #005497;\"><strong>Augusto Corro<\/strong><\/span><\/p>\n","protected":false},"author":3,"featured_media":0,"comment_status":"open","ping_status":"open","sticky":false,"template":"","format":"standard","meta":{"_monsterinsights_skip_tracking":false,"_monsterinsights_sitenote_active":false,"_monsterinsights_sitenote_note":"","_monsterinsights_sitenote_category":0,"footnotes":""},"categories":[157],"tags":[43686,43674,11515],"class_list":["post-201376","post","type-post","status-publish","format-standard","hentry","category-augusto-corro","tag-augusto-corro","tag-opinion","tag-punto-por-punto"],"_links":{"self":[{"href":"https:\/\/www.diarioimagen.net\/index.php?rest_route=\/wp\/v2\/posts\/201376","targetHints":{"allow":["GET"]}}],"collection":[{"href":"https:\/\/www.diarioimagen.net\/index.php?rest_route=\/wp\/v2\/posts"}],"about":[{"href":"https:\/\/www.diarioimagen.net\/index.php?rest_route=\/wp\/v2\/types\/post"}],"author":[{"embeddable":true,"href":"https:\/\/www.diarioimagen.net\/index.php?rest_route=\/wp\/v2\/users\/3"}],"replies":[{"embeddable":true,"href":"https:\/\/www.diarioimagen.net\/index.php?rest_route=%2Fwp%2Fv2%2Fcomments&post=201376"}],"version-history":[{"count":0,"href":"https:\/\/www.diarioimagen.net\/index.php?rest_route=\/wp\/v2\/posts\/201376\/revisions"}],"wp:attachment":[{"href":"https:\/\/www.diarioimagen.net\/index.php?rest_route=%2Fwp%2Fv2%2Fmedia&parent=201376"}],"wp:term":[{"taxonomy":"category","embeddable":true,"href":"https:\/\/www.diarioimagen.net\/index.php?rest_route=%2Fwp%2Fv2%2Fcategories&post=201376"},{"taxonomy":"post_tag","embeddable":true,"href":"https:\/\/www.diarioimagen.net\/index.php?rest_route=%2Fwp%2Fv2%2Ftags&post=201376"}],"curies":[{"name":"wp","href":"https:\/\/api.w.org\/{rel}","templated":true}]}}